{"id":142710,"date":"2025-08-06T16:49:55","date_gmt":"2025-08-06T14:49:55","guid":{"rendered":"https:\/\/www.burgosdeporte.com\/?p=142710"},"modified":"2025-08-07T18:24:17","modified_gmt":"2025-08-07T16:24:17","slug":"matteo-moschetti-vence-en-buniel-y-roger-adria-mantiene-el-liderato","status":"publish","type":"post","link":"https:\/\/www.burgosdeporte.com\/?p=142710","title":{"rendered":"Matteo Moschetti vence en Buniel y Roger Adri\u00e0 mantiene el liderato"},"content":{"rendered":"\n<h2 class=\"wp-block-heading\">Una escapada de cuatro corredores marc\u00f3 la segunda etapa de la Vuelta a Burgos aunque fueron neutralizados a falta de 10 kil\u00f3metros de meta. La llegada al sprint fue muy ajustada con triunfo final por foto finish para el italiano Matteo Moschetti.<\/h2>\n\n\n<div class=\"wp-block-image\">\n<figure class=\"aligncenter size-full\"><img loading=\"lazy\" decoding=\"async\" width=\"300\" height=\"400\" src=\"https:\/\/www.burgosdeporte.com\/wp-content\/uploads\/2025\/06\/Nomina_CajaViva.jpg\" alt=\"\" class=\"wp-image-140655\" srcset=\"https:\/\/www.burgosdeporte.com\/wp-content\/uploads\/2025\/06\/Nomina_CajaViva.jpg 300w, https:\/\/www.burgosdeporte.com\/wp-content\/uploads\/2025\/06\/Nomina_CajaViva-225x300.jpg 225w, https:\/\/www.burgosdeporte.com\/wp-content\/uploads\/2025\/06\/Nomina_CajaViva-150x200.jpg 150w\" sizes=\"auto, (max-width: 300px) 100vw, 300px\" \/><\/figure>\n<\/div>\n\n\n<p>Segunda etapa de la Vuelta a Burgos disputada entre Cilleruelo de Abajo y Buniel con 162 kil\u00f3metros de recorrido, que ha encumbrado al liderato al corredor  tras una llegada al sprint muy ajustada con tres corredores pr\u00e1cticamente pegados, Moschetti, Molano y Malucelli. Finalmente la victoria fue adjudicada por foto finish al corredor italiano del   Q36.5 Matteo Moschetti. Tras esta etapa Roger Adri\u00e0 mantiene el liderato y apenas se mueven los primeros puestos de la clasificaci\u00f3n. <\/p>\n\n\n\n<figure class=\"wp-block-image size-full\"><img loading=\"lazy\" decoding=\"async\" width=\"1000\" height=\"672\" src=\"https:\/\/www.burgosdeporte.com\/wp-content\/uploads\/2025\/08\/vuelta-burgos-25-211.jpg\" alt=\"\" class=\"wp-image-142717\" srcset=\"https:\/\/www.burgosdeporte.com\/wp-content\/uploads\/2025\/08\/vuelta-burgos-25-211.jpg 1000w, https:\/\/www.burgosdeporte.com\/wp-content\/uploads\/2025\/08\/vuelta-burgos-25-211-300x202.jpg 300w, https:\/\/www.burgosdeporte.com\/wp-content\/uploads\/2025\/08\/vuelta-burgos-25-211-768x516.jpg 768w, https:\/\/www.burgosdeporte.com\/wp-content\/uploads\/2025\/08\/vuelta-burgos-25-211-150x101.jpg 150w, https:\/\/www.burgosdeporte.com\/wp-content\/uploads\/2025\/08\/vuelta-burgos-25-211-696x468.jpg 696w\" sizes=\"auto, (max-width: 1000px) 100vw, 1000px\" \/><figcaption class=\"wp-element-caption\">Comienzo de la etapa, con el director de la Vuelta a Burgos, Miguel \u00c1ngel de los Mozos. .- Foto: Ricardo Ord\u00f3\u00f1ez.<\/figcaption><\/figure>\n\n\n\n<p>La carrera, al igual que ayer tuvo una escapada muy pronto, integrada por Ander Okamika (Burgos-BH), Pau Llaneras (Illes Balears Arabay), Iker Mintegi y Txomin Juaristi (Euskaltel-Euskadi). Los fugados lograron abrir hueco de m\u00e1s de 3 minutos a falta de 145 kil\u00f3metros para meta, una diferencia que incluso lograron incrementar hasta los 4 minutos a falta de 129 kil\u00f3metros para el final. <\/p>\n\n\n\n<figure class=\"wp-block-image size-full\"><img loading=\"lazy\" decoding=\"async\" width=\"1000\" height=\"599\" src=\"https:\/\/www.burgosdeporte.com\/wp-content\/uploads\/2025\/08\/vuelta-burgos-25-2-11111.jpg\" alt=\"\" class=\"wp-image-142715\" srcset=\"https:\/\/www.burgosdeporte.com\/wp-content\/uploads\/2025\/08\/vuelta-burgos-25-2-11111.jpg 1000w, https:\/\/www.burgosdeporte.com\/wp-content\/uploads\/2025\/08\/vuelta-burgos-25-2-11111-300x180.jpg 300w, https:\/\/www.burgosdeporte.com\/wp-content\/uploads\/2025\/08\/vuelta-burgos-25-2-11111-768x460.jpg 768w, https:\/\/www.burgosdeporte.com\/wp-content\/uploads\/2025\/08\/vuelta-burgos-25-2-11111-150x90.jpg 150w, https:\/\/www.burgosdeporte.com\/wp-content\/uploads\/2025\/08\/vuelta-burgos-25-2-11111-696x417.jpg 696w\" sizes=\"auto, (max-width: 1000px) 100vw, 1000px\" \/><figcaption class=\"wp-element-caption\">Grupo de fugados.- Foto: Ricardo Ord\u00f3\u00f1ez<\/figcaption><\/figure>\n\n\n\n<p>Sin embargo el pelot\u00f3n comenz\u00f3 su trabajo constante en busca de los fugados y fue recortando diferencias, aunque muy poco a poco, pese al gran ritmo de carrera, por encima de la media prevista en velocidad. A falta de 90 kil\u00f3metros para meta el cuarteto de figados manten\u00eda los 3 minutos de ventaja. <\/p>\n\n\n\n<figure class=\"wp-block-image size-full\"><img loading=\"lazy\" decoding=\"async\" width=\"1000\" height=\"563\" src=\"https:\/\/www.burgosdeporte.com\/wp-content\/uploads\/2025\/08\/vuelta-burgos-25-2-1.jpg\" alt=\"\" class=\"wp-image-142718\" srcset=\"https:\/\/www.burgosdeporte.com\/wp-content\/uploads\/2025\/08\/vuelta-burgos-25-2-1.jpg 1000w, https:\/\/www.burgosdeporte.com\/wp-content\/uploads\/2025\/08\/vuelta-burgos-25-2-1-300x169.jpg 300w, https:\/\/www.burgosdeporte.com\/wp-content\/uploads\/2025\/08\/vuelta-burgos-25-2-1-768x432.jpg 768w, https:\/\/www.burgosdeporte.com\/wp-content\/uploads\/2025\/08\/vuelta-burgos-25-2-1-150x84.jpg 150w, https:\/\/www.burgosdeporte.com\/wp-content\/uploads\/2025\/08\/vuelta-burgos-25-2-1-696x392.jpg 696w\" sizes=\"auto, (max-width: 1000px) 100vw, 1000px\" \/><figcaption class=\"wp-element-caption\">El pelot\u00f3n en persecuci\u00f3n.- Foto: Ricardo Ord\u00f3\u00f1ez<\/figcaption><\/figure>\n\n\n\n<p>El trabajo del pelot\u00f3n, constante y duro comenz\u00f3 a dar su resultado y el tiempo se recortaba para los fugados, que a falta de 40 kil\u00f3metros era de menos de 2 minutos. <\/p>\n\n\n\n<figure class=\"wp-block-image size-full\"><img loading=\"lazy\" decoding=\"async\" width=\"800\" height=\"819\" src=\"https:\/\/www.burgosdeporte.com\/wp-content\/uploads\/2025\/08\/vuelta-burgos-25-2-111.jpg\" alt=\"\" class=\"wp-image-142716\" srcset=\"https:\/\/www.burgosdeporte.com\/wp-content\/uploads\/2025\/08\/vuelta-burgos-25-2-111.jpg 800w, https:\/\/www.burgosdeporte.com\/wp-content\/uploads\/2025\/08\/vuelta-burgos-25-2-111-293x300.jpg 293w, https:\/\/www.burgosdeporte.com\/wp-content\/uploads\/2025\/08\/vuelta-burgos-25-2-111-768x786.jpg 768w, https:\/\/www.burgosdeporte.com\/wp-content\/uploads\/2025\/08\/vuelta-burgos-25-2-111-150x154.jpg 150w, https:\/\/www.burgosdeporte.com\/wp-content\/uploads\/2025\/08\/vuelta-burgos-25-2-111-300x307.jpg 300w, https:\/\/www.burgosdeporte.com\/wp-content\/uploads\/2025\/08\/vuelta-burgos-25-2-111-696x713.jpg 696w\" sizes=\"auto, (max-width: 800px) 100vw, 800px\" \/><figcaption class=\"wp-element-caption\">La fuga dur\u00f3 hasta a falta de 10 kil\u00f3metros para el final.- Foto: Ricardo Ord\u00f3\u00f1ez<\/figcaption><\/figure>\n\n\n\n<p>El grupo principal comenz\u00f3 a reducir diferencias en la segunda mitad del recorrido. En el kil\u00f3metro 68, durante un repecho corto, la ventaja ya era inferior a los tres minutos. Dieciocho kil\u00f3metros m\u00e1s adelante, el pelot\u00f3n la hab\u00eda recortado hasta los dos minutos y medio. Con 40 km para el final, la diferencia era de menos de dos minutos. La sentencia estaba dictada para los fugados y a 20 kil\u00f3metros de meta apenas hab\u00eda 30 segundos entre el pelot\u00f3n y los fugados. Llaneras quedaba descolgado a 17 kil\u00f3metros para la meta y a falta de 10 terminaba la aventura de los escapados y todo se resolver\u00eda al sprint en la meta de Buniel. <\/p>\n\n\n\n<figure class=\"wp-block-image size-full\"><img loading=\"lazy\" decoding=\"async\" width=\"536\" height=\"333\" src=\"https:\/\/www.burgosdeporte.com\/wp-content\/uploads\/2025\/08\/Imagen-de-WhatsApp-2025-08-06-a-las-16.40.02_2c45cb0d.jpg\" alt=\"\" class=\"wp-image-142724\" srcset=\"https:\/\/www.burgosdeporte.com\/wp-content\/uploads\/2025\/08\/Imagen-de-WhatsApp-2025-08-06-a-las-16.40.02_2c45cb0d.jpg 536w, https:\/\/www.burgosdeporte.com\/wp-content\/uploads\/2025\/08\/Imagen-de-WhatsApp-2025-08-06-a-las-16.40.02_2c45cb0d-300x186.jpg 300w, https:\/\/www.burgosdeporte.com\/wp-content\/uploads\/2025\/08\/Imagen-de-WhatsApp-2025-08-06-a-las-16.40.02_2c45cb0d-150x93.jpg 150w\" sizes=\"auto, (max-width: 536px) 100vw, 536px\" \/><figcaption class=\"wp-element-caption\">Foto finish para decidir el ganador..- Organizaci\u00f3n<\/figcaption><\/figure>\n\n\n\n<p>Moschetti, Molano y Malucelli cruzaron la l\u00ednea de meta en Buniel muy juntos y la foto finish determin\u00f3 el triunfo del italiano Moschetti. En la clasificaci\u00f3n general el liderato se mantiene para Roger Adri\u00e0 una jornada m\u00e1s. <\/p>\n\n\n\n<p><strong>CLASIFICACIONES<\/strong><\/p>\n\n\n\n<figure class=\"wp-block-image size-full\"><img loading=\"lazy\" decoding=\"async\" width=\"900\" height=\"729\" src=\"https:\/\/www.burgosdeporte.com\/wp-content\/uploads\/2025\/08\/CLASIFICACIONES-TRAS-LA-SEGUNDA-ETAPA-.jpg\" alt=\"\" class=\"wp-image-142729\" srcset=\"https:\/\/www.burgosdeporte.com\/wp-content\/uploads\/2025\/08\/CLASIFICACIONES-TRAS-LA-SEGUNDA-ETAPA-.jpg 900w, https:\/\/www.burgosdeporte.com\/wp-content\/uploads\/2025\/08\/CLASIFICACIONES-TRAS-LA-SEGUNDA-ETAPA--300x243.jpg 300w, https:\/\/www.burgosdeporte.com\/wp-content\/uploads\/2025\/08\/CLASIFICACIONES-TRAS-LA-SEGUNDA-ETAPA--768x622.jpg 768w, https:\/\/www.burgosdeporte.com\/wp-content\/uploads\/2025\/08\/CLASIFICACIONES-TRAS-LA-SEGUNDA-ETAPA--150x122.jpg 150w, https:\/\/www.burgosdeporte.com\/wp-content\/uploads\/2025\/08\/CLASIFICACIONES-TRAS-LA-SEGUNDA-ETAPA--696x564.jpg 696w\" sizes=\"auto, (max-width: 900px) 100vw, 900px\" \/><\/figure>\n\n\n\n<p><strong>TERCERA ETAPA<\/strong><\/p>\n\n\n\n<p>Este mi\u00e9rcoles se disputa la tercera etapa de 185 kil\u00f3metros, entre el Monasterio de San Pedro de Carde\u00f1a y Valpuesta. Ser\u00e1 una etapa clave. La jornada, la m\u00e1s larga de la edici\u00f3n, incluye el Puerto de Ordu\u00f1a, de primera categor\u00eda, en una subida que se estrena en la historia de la prueba.<\/p>\n\n\n\n<figure class=\"wp-block-image size-full\"><img loading=\"lazy\" decoding=\"async\" width=\"1000\" height=\"341\" src=\"https:\/\/www.burgosdeporte.com\/wp-content\/uploads\/2025\/08\/perfil-tercera-etapa-vuelta-burgos-25.jpg\" alt=\"\" class=\"wp-image-142713\" srcset=\"https:\/\/www.burgosdeporte.com\/wp-content\/uploads\/2025\/08\/perfil-tercera-etapa-vuelta-burgos-25.jpg 1000w, https:\/\/www.burgosdeporte.com\/wp-content\/uploads\/2025\/08\/perfil-tercera-etapa-vuelta-burgos-25-300x102.jpg 300w, https:\/\/www.burgosdeporte.com\/wp-content\/uploads\/2025\/08\/perfil-tercera-etapa-vuelta-burgos-25-768x262.jpg 768w, https:\/\/www.burgosdeporte.com\/wp-content\/uploads\/2025\/08\/perfil-tercera-etapa-vuelta-burgos-25-150x51.jpg 150w, https:\/\/www.burgosdeporte.com\/wp-content\/uploads\/2025\/08\/perfil-tercera-etapa-vuelta-burgos-25-696x237.jpg 696w\" sizes=\"auto, (max-width: 1000px) 100vw, 1000px\" \/><figcaption class=\"wp-element-caption\">Perfil de la tercera etapa de la Vuelta a Burgos 2025 <\/figcaption><\/figure>\n\n\n\n<p>Los 185 km atravesar\u00e1n los paisajes del Alto Ebro y las Merindades, donde confluyen historia, naturaleza y cultura. Puede ser una etapa que marca importante que marque las primeras diferencias claras en la clasificaci\u00f3n. <\/p>\n","protected":false},"excerpt":{"rendered":"<p>Una escapada de cuatro corredores marc\u00f3 la segunda etapa de la Vuelta a Burgos aunque fueron neutralizados a falta de 10 kil\u00f3metros de meta. La llegada al sprint fue muy ajustada con triunfo final por foto finish para el italiano Matteo Moschetti. Segunda etapa de la Vuelta a Burgos disputada entre Cilleruelo de Abajo y [&hellip;]<\/p>\n","protected":false},"author":10,"featured_media":142712,"comment_status":"closed","ping_status":"closed","sticky":false,"template":"","format":"standard","meta":{"_monsterinsights_skip_tracking":false,"_monsterinsights_sitenote_active":false,"_monsterinsights_sitenote_note":"","_monsterinsights_sitenote_category":0,"footnotes":""},"categories":[63],"tags":[1553,266,479,691],"class_list":{"0":"post-142710","1":"post","2":"type-post","3":"status-publish","4":"format-standard","5":"has-post-thumbnail","7":"category-ciclismo","8":"tag-actualidad-2","9":"tag-idjburgos","10":"tag-vueltaaburgos","11":"tag-vueltaburgos"},"views":33,"_links":{"self":[{"href":"https:\/\/www.burgosdeporte.com\/index.php?rest_route=\/wp\/v2\/posts\/142710","targetHints":{"allow":["GET"]}}],"collection":[{"href":"https:\/\/www.burgosdeporte.com\/index.php?rest_route=\/wp\/v2\/posts"}],"about":[{"href":"https:\/\/www.burgosdeporte.com\/index.php?rest_route=\/wp\/v2\/types\/post"}],"author":[{"embeddable":true,"href":"https:\/\/www.burgosdeporte.com\/index.php?rest_route=\/wp\/v2\/users\/10"}],"replies":[{"embeddable":true,"href":"https:\/\/www.burgosdeporte.com\/index.php?rest_route=%2Fwp%2Fv2%2Fcomments&post=142710"}],"version-history":[{"count":5,"href":"https:\/\/www.burgosdeporte.com\/index.php?rest_route=\/wp\/v2\/posts\/142710\/revisions"}],"predecessor-version":[{"id":142732,"href":"https:\/\/www.burgosdeporte.com\/index.php?rest_route=\/wp\/v2\/posts\/142710\/revisions\/142732"}],"wp:featuredmedia":[{"embeddable":true,"href":"https:\/\/www.burgosdeporte.com\/index.php?rest_route=\/wp\/v2\/media\/142712"}],"wp:attachment":[{"href":"https:\/\/www.burgosdeporte.com\/index.php?rest_route=%2Fwp%2Fv2%2Fmedia&parent=142710"}],"wp:term":[{"taxonomy":"category","embeddable":true,"href":"https:\/\/www.burgosdeporte.com\/index.php?rest_route=%2Fwp%2Fv2%2Fcategories&post=142710"},{"taxonomy":"post_tag","embeddable":true,"href":"https:\/\/www.burgosdeporte.com\/index.php?rest_route=%2Fwp%2Fv2%2Ftags&post=142710"}],"curies":[{"name":"wp","href":"https:\/\/api.w.org\/{rel}","templated":true}]}}