{"id":142683,"date":"2025-08-05T17:15:05","date_gmt":"2025-08-05T15:15:05","guid":{"rendered":"https:\/\/www.burgosdeporte.com\/?p=142683"},"modified":"2025-08-07T00:31:35","modified_gmt":"2025-08-06T22:31:35","slug":"roger-adria-primer-lider-de-la-vuelta-a-burgos-con-un-final-accidentado","status":"publish","type":"post","link":"https:\/\/www.burgosdeporte.com\/?p=142683","title":{"rendered":"Roger Adri\u00e0, primer l\u00edder de la Vuelta a Burgos tras un final accidentado"},"content":{"rendered":"\n<h2 class=\"wp-block-heading\"> La llegada en el Alto del Castillo tuvo como protagonista una ca\u00edda en los \u00faltimos metros de Isaac del Toro y Giulio Ciccone, dos de los favoritos al triunfo. <\/h2>\n\n\n<div class=\"wp-block-image\">\n<figure class=\"aligncenter size-full\"><img loading=\"lazy\" decoding=\"async\" width=\"300\" height=\"400\" src=\"https:\/\/www.burgosdeporte.com\/wp-content\/uploads\/2025\/06\/Nomina_CajaViva.jpg\" alt=\"\" class=\"wp-image-140655\" srcset=\"https:\/\/www.burgosdeporte.com\/wp-content\/uploads\/2025\/06\/Nomina_CajaViva.jpg 300w, https:\/\/www.burgosdeporte.com\/wp-content\/uploads\/2025\/06\/Nomina_CajaViva-225x300.jpg 225w, https:\/\/www.burgosdeporte.com\/wp-content\/uploads\/2025\/06\/Nomina_CajaViva-150x200.jpg 150w\" sizes=\"auto, (max-width: 300px) 100vw, 300px\" \/><\/figure>\n<\/div>\n\n\n<p>Primera etapa de la Vuelta a Burgos, entre Olmillos de Sasam\u00f3n y el Alto del Castillo en la capital burgalesa con un recorrido de 161 kil\u00f3metros y que comenz\u00f3 con buen ritmo  desde los primeros kil\u00f3metros y una escapada que marc\u00f3 el desarollo de toda la etapa, protagonizada por seis corredores: Javier Ib\u00e1\u00f1ez (Caja Rural), Mikel Bizkarra (Kern Pharma), Joan Gamundi y Asier Pablo Gonz\u00e1lez (Illes Balears &#8211; Arabay), a los que se unieron Carlos Garc\u00eda Pierna (Burgos) y Dries De Bondt (Decathlon). Estos corredores llegaron a tener m\u00e1s de 3 minutos de ventaja en sus primeros kil\u00f3metros de fuga. A 145 kil\u00f3meyros de la meta su ventaja era de 2:23 minutos.  <\/p>\n\n\n\n<figure class=\"wp-block-image size-full\"><img loading=\"lazy\" decoding=\"async\" width=\"1000\" height=\"606\" src=\"https:\/\/www.burgosdeporte.com\/wp-content\/uploads\/2025\/08\/vuelta-burgos-25-111.jpg\" alt=\"\" class=\"wp-image-142690\" srcset=\"https:\/\/www.burgosdeporte.com\/wp-content\/uploads\/2025\/08\/vuelta-burgos-25-111.jpg 1000w, https:\/\/www.burgosdeporte.com\/wp-content\/uploads\/2025\/08\/vuelta-burgos-25-111-300x182.jpg 300w, https:\/\/www.burgosdeporte.com\/wp-content\/uploads\/2025\/08\/vuelta-burgos-25-111-768x465.jpg 768w, https:\/\/www.burgosdeporte.com\/wp-content\/uploads\/2025\/08\/vuelta-burgos-25-111-150x91.jpg 150w, https:\/\/www.burgosdeporte.com\/wp-content\/uploads\/2025\/08\/vuelta-burgos-25-111-696x422.jpg 696w\" sizes=\"auto, (max-width: 1000px) 100vw, 1000px\" \/><figcaption class=\"wp-element-caption\">La escapada de la jornada con seis corredores.- Foto; Ricardo Ord\u00f3\u00f1ez<\/figcaption><\/figure>\n\n\n\n<p>El Alto de la Mazorra fue otro  momento determinante de la etapa, con el corredor del Burgos BH, Carlos Garc\u00eda Pierna, como m\u00e1s fuerte del grupo, march\u00e1ndose de Gonz\u00e1lez, Ib\u00e1\u00f1ez y Gamundi, y m\u00e1s adelante tambi\u00e9n a De Bondt, qued\u00e1ndose en solitario en cabeza a 81 kil\u00f3metros de meta. Sin embargo, el corredor belga consigui\u00f3 alcanzarle poco despu\u00e9s, y ambos rodaron como cabeza con m\u00e1s de dos minutos y medio de margen a falta de 67 km.<\/p>\n\n\n\n<figure class=\"wp-block-image size-full\"><img loading=\"lazy\" decoding=\"async\" width=\"1000\" height=\"652\" src=\"https:\/\/www.burgosdeporte.com\/wp-content\/uploads\/2025\/08\/vuelta-burgos-25-111111.jpg\" alt=\"\" class=\"wp-image-142687\" srcset=\"https:\/\/www.burgosdeporte.com\/wp-content\/uploads\/2025\/08\/vuelta-burgos-25-111111.jpg 1000w, https:\/\/www.burgosdeporte.com\/wp-content\/uploads\/2025\/08\/vuelta-burgos-25-111111-300x196.jpg 300w, https:\/\/www.burgosdeporte.com\/wp-content\/uploads\/2025\/08\/vuelta-burgos-25-111111-768x501.jpg 768w, https:\/\/www.burgosdeporte.com\/wp-content\/uploads\/2025\/08\/vuelta-burgos-25-111111-150x98.jpg 150w, https:\/\/www.burgosdeporte.com\/wp-content\/uploads\/2025\/08\/vuelta-burgos-25-111111-696x454.jpg 696w\" sizes=\"auto, (max-width: 1000px) 100vw, 1000px\" \/><figcaption class=\"wp-element-caption\">Los dos corredores destacados hasta 15 kil\u00f3metros del final, Garc\u00eda Pierna y De Bondt.- &#8211; Foto; Ricardo Ord\u00f3\u00f1ez<\/figcaption><\/figure>\n\n\n\n<p>Sin embargo, aunque lo intentaron, su aventura dur\u00f3 hasta 15 km de la meta cuando fueron cazados. A partir de ah\u00ed  busc\u00f3 la escapada Samuel Fern\u00e1ndez, del Caja Rural, pero apenas pudo tomar unos segundos de ventaja. <\/p>\n\n\n\n<figure class=\"wp-block-image size-full\"><img loading=\"lazy\" decoding=\"async\" width=\"1000\" height=\"552\" src=\"https:\/\/www.burgosdeporte.com\/wp-content\/uploads\/2025\/08\/vuelta-burgos-25-11111.jpg\" alt=\"\" class=\"wp-image-142688\" srcset=\"https:\/\/www.burgosdeporte.com\/wp-content\/uploads\/2025\/08\/vuelta-burgos-25-11111.jpg 1000w, https:\/\/www.burgosdeporte.com\/wp-content\/uploads\/2025\/08\/vuelta-burgos-25-11111-300x166.jpg 300w, https:\/\/www.burgosdeporte.com\/wp-content\/uploads\/2025\/08\/vuelta-burgos-25-11111-768x424.jpg 768w, https:\/\/www.burgosdeporte.com\/wp-content\/uploads\/2025\/08\/vuelta-burgos-25-11111-150x83.jpg 150w, https:\/\/www.burgosdeporte.com\/wp-content\/uploads\/2025\/08\/vuelta-burgos-25-11111-696x384.jpg 696w\" sizes=\"auto, (max-width: 1000px) 100vw, 1000px\" \/><figcaption class=\"wp-element-caption\">Un momento de la primera etapa.- &#8211; Foto; Ricardo Ord\u00f3\u00f1ez<\/figcaption><\/figure>\n\n\n\n<p>En los metros finales, la subida al Castillo, el primero en intentarlo fue Roger Adri\u00e0 con una arrancada muy fuerte que le permiti\u00f3 llevarse el triunfo de etapa por delante de Jordan Labrosse, que fue segundo Y Alfonso Eulalio en tercera posici\u00f3n. <\/p>\n\n\n\n<figure class=\"wp-block-image size-full\"><img loading=\"lazy\" decoding=\"async\" width=\"1000\" height=\"616\" src=\"https:\/\/www.burgosdeporte.com\/wp-content\/uploads\/2025\/08\/llegada-Castillo.jpg\" alt=\"\" class=\"wp-image-142696\" srcset=\"https:\/\/www.burgosdeporte.com\/wp-content\/uploads\/2025\/08\/llegada-Castillo.jpg 1000w, https:\/\/www.burgosdeporte.com\/wp-content\/uploads\/2025\/08\/llegada-Castillo-300x185.jpg 300w, https:\/\/www.burgosdeporte.com\/wp-content\/uploads\/2025\/08\/llegada-Castillo-768x473.jpg 768w, https:\/\/www.burgosdeporte.com\/wp-content\/uploads\/2025\/08\/llegada-Castillo-150x92.jpg 150w, https:\/\/www.burgosdeporte.com\/wp-content\/uploads\/2025\/08\/llegada-Castillo-696x429.jpg 696w\" sizes=\"auto, (max-width: 1000px) 100vw, 1000px\" \/><figcaption class=\"wp-element-caption\">Llegada al Alto del Castillo de Burgos.-  Ricardo Ord\u00f3\u00f1ez<\/figcaption><\/figure>\n\n\n\n<p>Lo peor estuvo en la ca\u00edda en una curva de Isaac del Toro y Giulio Ciccone, que tambi\u00e9n buscaban un puesto destacado en la etapa.<\/p>\n\n\n\n<p>As\u00ed fue el momento de la ca\u00edda: <\/p>\n\n\n\n<figure class=\"wp-block-embed is-type-rich is-provider-twitter wp-block-embed-twitter\"><div class=\"wp-block-embed__wrapper\">\n<blockquote class=\"twitter-tweet\" data-width=\"550\" data-dnt=\"true\"><p lang=\"it\" dir=\"ltr\">Isaac Del Toro and Giulio Ciccone crashing in the Vuelta a Burgos final \ud83d\ude29 <a href=\"https:\/\/twitter.com\/hashtag\/VueltaBurgos?src=hash&amp;ref_src=twsrc%5Etfw\" target=\"_blank\" rel=\"noopener\">#VueltaBurgos<\/a><br><br> <a href=\"https:\/\/t.co\/yH2dPh165W\">pic.twitter.com\/yH2dPh165W<\/a><\/p>&mdash; Luk\u00e1\u0161 Ronald Luk\u00e1cs (@lucasaganronald) <a href=\"https:\/\/twitter.com\/lucasaganronald\/status\/1952742963924091221?ref_src=twsrc%5Etfw\" target=\"_blank\" rel=\"noopener\">August 5, 2025<\/a><\/blockquote><script async src=\"https:\/\/platform.twitter.com\/widgets.js\" charset=\"utf-8\"><\/script>\n<\/div><\/figure>\n\n\n\n<p><strong>ADRI\u00c1: <em>\u00abEl sprint me sali\u00f3 perfecto\u00bb<\/em><\/strong><\/p>\n\n\n\n<p>\u00ab<em>El d\u00eda ha sido bastante tenso porque hac\u00eda much\u00edsimo aire. No nos pod\u00edamos relajar en ning\u00fan momento, pero el equipo me ha llevado muy bien. Conoc\u00eda los \u00faltimos 400 metros, as\u00ed que decid\u00ed lanzar el sprint de lejos y me sali\u00f3 perfecto\u00bb, <\/em>declar\u00f3 el ganador de la primera etapa de la Vuelta a Burgos, Roger Adri\u00e1.<\/p>\n\n\n\n<figure class=\"wp-block-image size-full\"><img loading=\"lazy\" decoding=\"async\" width=\"1000\" height=\"696\" src=\"https:\/\/www.burgosdeporte.com\/wp-content\/uploads\/2025\/08\/primer-lider.jpg\" alt=\"\" class=\"wp-image-142702\" srcset=\"https:\/\/www.burgosdeporte.com\/wp-content\/uploads\/2025\/08\/primer-lider.jpg 1000w, https:\/\/www.burgosdeporte.com\/wp-content\/uploads\/2025\/08\/primer-lider-300x209.jpg 300w, https:\/\/www.burgosdeporte.com\/wp-content\/uploads\/2025\/08\/primer-lider-768x535.jpg 768w, https:\/\/www.burgosdeporte.com\/wp-content\/uploads\/2025\/08\/primer-lider-150x104.jpg 150w, https:\/\/www.burgosdeporte.com\/wp-content\/uploads\/2025\/08\/primer-lider-696x484.jpg 696w, https:\/\/www.burgosdeporte.com\/wp-content\/uploads\/2025\/08\/primer-lider-100x70.jpg 100w\" sizes=\"auto, (max-width: 1000px) 100vw, 1000px\" \/><\/figure>\n\n\n\n<p>Adri\u00e1 tambi\u00e9n destac\u00f3 el valor emocional de ganar en casa: \u00abEstoy s\u00faper contento de ganar en Espa\u00f1a, en la Vuelta a Burgos, una carrera muy bonita e importante en nuestro pa\u00eds. Ya qued\u00e9 segundo en una etapa similar y esta vez he podido sacarme la espinita\u00bb.<\/p>\n\n\n\n<p>Roger se convierte as\u00ed en el primer l\u00edder de la clasificaci\u00f3n general en una edici\u00f3n que re\u00fane a grandes figuras del pelot\u00f3n internacional. \u00abLa Vuelta a Burgos siempre tiene much\u00edsimo nivel, es la antesala de la Vuelta a Espa\u00f1a. Ganar aqu\u00ed tiene mucho m\u00e9rito\u00bb, concluy\u00f3 el corredor&nbsp;catal\u00e1n.<\/p>\n\n\n\n<h2 class=\"wp-block-heading\">Clasificaci\u00f3n general de la Vuelta a Burgos &#8211; Etapa 1<\/h2>\n\n\n\n<p>1. Roger Adri\u00e1 (Red Bull &#8211; BORA &#8211; hansgrohe) 4H49&#8217;46\u00bb<br>2. Jordan Labrosse (Decathlon AG2R La Mondiale Team) 4\u00bb<br>3. Afonso Eul\u00e1lio (Bahrain &#8211; Victorious) a 10\u00bb<br>4. L\u00e9o Bisiaux (Decathlon AG2R La Mondiale Team) a 14\u00bb<br>5. Damiano Caruso (Bahrain &#8211; Victorious) 14\u00bb<br>6. Fabio Christen (Q36.5 Pro Cycling Team) 17\u00bb<br>7. Lucas Eriksson (Tudor Pro Cycling Team) 17\u00bb<br>8. Egan Bernal (INEOS Grenadiers) a 17\u00bb<\/p>\n\n\n\n<p><strong>SEGUNDA ETAPA: CILLERUELO DE ABAJO &#8211; BUNIEL <\/strong><\/p>\n\n\n\n<figure class=\"wp-block-image size-full\"><img loading=\"lazy\" decoding=\"async\" width=\"1000\" height=\"391\" src=\"https:\/\/www.burgosdeporte.com\/wp-content\/uploads\/2025\/08\/vuelta-burgos-25-perfil-etapa-2.jpg\" alt=\"\" class=\"wp-image-142686\" srcset=\"https:\/\/www.burgosdeporte.com\/wp-content\/uploads\/2025\/08\/vuelta-burgos-25-perfil-etapa-2.jpg 1000w, https:\/\/www.burgosdeporte.com\/wp-content\/uploads\/2025\/08\/vuelta-burgos-25-perfil-etapa-2-300x117.jpg 300w, https:\/\/www.burgosdeporte.com\/wp-content\/uploads\/2025\/08\/vuelta-burgos-25-perfil-etapa-2-768x300.jpg 768w, https:\/\/www.burgosdeporte.com\/wp-content\/uploads\/2025\/08\/vuelta-burgos-25-perfil-etapa-2-150x59.jpg 150w, https:\/\/www.burgosdeporte.com\/wp-content\/uploads\/2025\/08\/vuelta-burgos-25-perfil-etapa-2-696x272.jpg 696w\" sizes=\"auto, (max-width: 1000px) 100vw, 1000px\" \/><\/figure>\n\n\n\n<p>Este mi\u00e9rcoles se disputa la segunda etapa de la ronda burgalesa entre las localidades de Cilleruelo de Abajo y Buniel con 162 kil\u00f3metros de recorrido. Tiene una meta in\u00e9dita en Buniel, tras salir de Cilleruelo de Abajo, en plena comarca del Arlanza. La etapa recorre un territorio eminentemente cerealista, salpicado de bodegas subterr\u00e1neas y pueblos que conservan tradiciones ancestrales. Aunque el perfil no es monta\u00f1oso, los constantes repechos y el viento propio de estas llanuras pueden marcar diferencias. Se espera una llegada r\u00e1pida, pero con posibles cortes si se forman abanicos.<\/p>\n\n\n\n<p><strong><mark>BURGOSDEPORTE EN LA VUELTA A BURGOS<\/mark><\/strong><\/p>\n\n\n\n<p><strong><mark>SIGUE LA VUELTA A BURGOS EN BURGOSDEPORTE RADIO<\/mark><\/strong><\/p>\n\n\n\n<p><strong><mark>DEL 5 AL 9 DE AGOSTO.- DESDE LAS 15,00 H.&nbsp;<\/mark><\/strong><mark><strong>Retransmisi\u00f3n compartida con Radio Arlanz\u00f3n, Burgosnoticias y La 9 TV&nbsp;<\/strong><\/mark>.-&nbsp;<strong><mark>NO TE LO PIERDAS<\/mark><\/strong><\/p>\n\n\n\n<figure class=\"wp-block-image\"><a href=\"https:\/\/www.burgosdeporte.com\/?p=111930\"><img loading=\"lazy\" decoding=\"async\" width=\"815\" height=\"190\" src=\"https:\/\/www.burgosdeporte.com\/wp-content\/uploads\/2023\/10\/BANNER-BURGOSDEPORTE-RADIO_2.png\" alt=\"\" class=\"wp-image-108527\" srcset=\"https:\/\/www.burgosdeporte.com\/wp-content\/uploads\/2023\/10\/BANNER-BURGOSDEPORTE-RADIO_2.png 815w, https:\/\/www.burgosdeporte.com\/wp-content\/uploads\/2023\/10\/BANNER-BURGOSDEPORTE-RADIO_2-300x70.png 300w, https:\/\/www.burgosdeporte.com\/wp-content\/uploads\/2023\/10\/BANNER-BURGOSDEPORTE-RADIO_2-768x179.png 768w, https:\/\/www.burgosdeporte.com\/wp-content\/uploads\/2023\/10\/BANNER-BURGOSDEPORTE-RADIO_2-150x35.png 150w, https:\/\/www.burgosdeporte.com\/wp-content\/uploads\/2023\/10\/BANNER-BURGOSDEPORTE-RADIO_2-696x162.png 696w\" sizes=\"auto, (max-width: 815px) 100vw, 815px\" \/><\/a><\/figure>\n","protected":false},"excerpt":{"rendered":"<p>La llegada en el Alto del Castillo tuvo como protagonista una ca\u00edda en los \u00faltimos metros de Isaac del Toro y Giulio Ciccone, dos de los favoritos al triunfo. Primera etapa de la Vuelta a Burgos, entre Olmillos de Sasam\u00f3n y el Alto del Castillo en la capital burgalesa con un recorrido de 161 kil\u00f3metros [&hellip;]<\/p>\n","protected":false},"author":10,"featured_media":142684,"comment_status":"closed","ping_status":"closed","sticky":false,"template":"","format":"standard","meta":{"_monsterinsights_skip_tracking":false,"_monsterinsights_sitenote_active":false,"_monsterinsights_sitenote_note":"","_monsterinsights_sitenote_category":0,"footnotes":""},"categories":[63],"tags":[1553,266,479,691],"class_list":{"0":"post-142683","1":"post","2":"type-post","3":"status-publish","4":"format-standard","5":"has-post-thumbnail","7":"category-ciclismo","8":"tag-actualidad-2","9":"tag-idjburgos","10":"tag-vueltaaburgos","11":"tag-vueltaburgos"},"views":87,"_links":{"self":[{"href":"https:\/\/www.burgosdeporte.com\/index.php?rest_route=\/wp\/v2\/posts\/142683","targetHints":{"allow":["GET"]}}],"collection":[{"href":"https:\/\/www.burgosdeporte.com\/index.php?rest_route=\/wp\/v2\/posts"}],"about":[{"href":"https:\/\/www.burgosdeporte.com\/index.php?rest_route=\/wp\/v2\/types\/post"}],"author":[{"embeddable":true,"href":"https:\/\/www.burgosdeporte.com\/index.php?rest_route=\/wp\/v2\/users\/10"}],"replies":[{"embeddable":true,"href":"https:\/\/www.burgosdeporte.com\/index.php?rest_route=%2Fwp%2Fv2%2Fcomments&post=142683"}],"version-history":[{"count":6,"href":"https:\/\/www.burgosdeporte.com\/index.php?rest_route=\/wp\/v2\/posts\/142683\/revisions"}],"predecessor-version":[{"id":142721,"href":"https:\/\/www.burgosdeporte.com\/index.php?rest_route=\/wp\/v2\/posts\/142683\/revisions\/142721"}],"wp:featuredmedia":[{"embeddable":true,"href":"https:\/\/www.burgosdeporte.com\/index.php?rest_route=\/wp\/v2\/media\/142684"}],"wp:attachment":[{"href":"https:\/\/www.burgosdeporte.com\/index.php?rest_route=%2Fwp%2Fv2%2Fmedia&parent=142683"}],"wp:term":[{"taxonomy":"category","embeddable":true,"href":"https:\/\/www.burgosdeporte.com\/index.php?rest_route=%2Fwp%2Fv2%2Fcategories&post=142683"},{"taxonomy":"post_tag","embeddable":true,"href":"https:\/\/www.burgosdeporte.com\/index.php?rest_route=%2Fwp%2Fv2%2Ftags&post=142683"}],"curies":[{"name":"wp","href":"https:\/\/api.w.org\/{rel}","templated":true}]}}