{"id":142662,"date":"2025-08-05T02:24:13","date_gmt":"2025-08-05T00:24:13","guid":{"rendered":"https:\/\/www.burgosdeporte.com\/?p=142662"},"modified":"2025-08-06T18:19:20","modified_gmt":"2025-08-06T16:19:20","slug":"sigue-dia-a-dia-la-vuelta-a-burgos-en-burgos-deporte-radio","status":"publish","type":"post","link":"https:\/\/www.burgosdeporte.com\/?p=142662","title":{"rendered":"Sigue d\u00eda a d\u00eda la Vuelta a Burgos en Burgos Deporte Radio"},"content":{"rendered":"\n<h2 class=\"wp-block-heading\"><strong>Del 5 al 9 de agosto desde las 15,00 h. ofrecemos la narraci\u00f3n en directo de los \u00faltimos kil\u00f3metros y desenlace de cada etapa. <\/strong><\/h2>\n\n\n\n<p>Burgosdeporte realizar\u00e1 una programaci\u00f3n especial del 5 al 9 de agosto desde las 15,00 h. con motivo de la Vuelta a Burgos. Cada jornada desde Burgos Deporte Radio informaremos de la marcha de la ronda burgalesa con la narraci\u00f3n \u00edntegra de los \u00faltimos kil\u00f3metros de cada etapa. <\/p>\n\n\n\n<p><mark style=\"background-color:rgba(0, 0, 0, 0)\" class=\"has-inline-color has-black-color\">Ser\u00e1 una programaci\u00f3n que compartiremos cuatro medios de comunicaci\u00f3n: Burgosdeporte, Radio Arlanz\u00f3n, Burgosnoticias y La 9 TV La de Burgos.<\/mark><mark style=\"background-color:rgba(0, 0, 0, 0);color:#07324c\" class=\"has-inline-color\">  <\/mark><\/p>\n\n\n\n<p>Y tambi\u00e9n informaci\u00f3n tras cada etapa en nuestro diario deportivo digital Burgosdeporte con cr\u00f3nica y reportaje fotogr\u00e1fico  <\/p>\n\n\n\n<p><strong><mark style=\"background-color:rgba(0, 0, 0, 0)\" class=\"has-inline-color has-vivid-red-color\">BURGOSDEPORTE EN LA VUELTA A BURGOS<\/mark><\/strong><\/p>\n\n\n\n<p><strong><mark>SIGUE LA VUELTA A BURGOS EN BURGOSDEPORTE RADIO<\/mark><\/strong><\/p>\n\n\n\n<p><strong><mark>DEL 5 AL 9 DE AGOSTO.- DESDE LAS 15,00 H.&nbsp;<\/mark><\/strong><mark><strong>Retransmisi\u00f3n compartida con Radio Arlanz\u00f3n, Burgosnoticias y La 9 TV&nbsp;<\/strong><\/mark>.-&nbsp;<strong><mark>NO TE LO PIERDAS<\/mark><\/strong><\/p>\n\n\n\n<figure class=\"wp-block-image\"><a href=\"https:\/\/www.burgosdeporte.com\/?p=111930\"><img loading=\"lazy\" decoding=\"async\" width=\"815\" height=\"190\" src=\"https:\/\/www.burgosdeporte.com\/wp-content\/uploads\/2023\/10\/BANNER-BURGOSDEPORTE-RADIO_2.png\" alt=\"\" class=\"wp-image-108527\" srcset=\"https:\/\/www.burgosdeporte.com\/wp-content\/uploads\/2023\/10\/BANNER-BURGOSDEPORTE-RADIO_2.png 815w, https:\/\/www.burgosdeporte.com\/wp-content\/uploads\/2023\/10\/BANNER-BURGOSDEPORTE-RADIO_2-300x70.png 300w, https:\/\/www.burgosdeporte.com\/wp-content\/uploads\/2023\/10\/BANNER-BURGOSDEPORTE-RADIO_2-768x179.png 768w, https:\/\/www.burgosdeporte.com\/wp-content\/uploads\/2023\/10\/BANNER-BURGOSDEPORTE-RADIO_2-150x35.png 150w, https:\/\/www.burgosdeporte.com\/wp-content\/uploads\/2023\/10\/BANNER-BURGOSDEPORTE-RADIO_2-696x162.png 696w\" sizes=\"auto, (max-width: 815px) 100vw, 815px\" \/><\/a><\/figure>\n","protected":false},"excerpt":{"rendered":"<p>Del 5 al 9 de agosto desde las 15,00 h. ofrecemos la narraci\u00f3n en directo de los \u00faltimos kil\u00f3metros y desenlace de cada etapa. Burgosdeporte realizar\u00e1 una programaci\u00f3n especial del 5 al 9 de agosto desde las 15,00 h. con motivo de la Vuelta a Burgos. Cada jornada desde Burgos Deporte Radio informaremos de la [&hellip;]<\/p>\n","protected":false},"author":10,"featured_media":139441,"comment_status":"closed","ping_status":"closed","sticky":false,"template":"","format":"standard","meta":{"_monsterinsights_skip_tracking":false,"_monsterinsights_sitenote_active":false,"_monsterinsights_sitenote_note":"","_monsterinsights_sitenote_category":0,"footnotes":""},"categories":[63],"tags":[1553,36,479,691],"class_list":{"0":"post-142662","1":"post","2":"type-post","3":"status-publish","4":"format-standard","5":"has-post-thumbnail","7":"category-ciclismo","8":"tag-actualidad-2","9":"tag-burgosdeporteradio","10":"tag-vueltaaburgos","11":"tag-vueltaburgos"},"views":103,"_links":{"self":[{"href":"https:\/\/www.burgosdeporte.com\/index.php?rest_route=\/wp\/v2\/posts\/142662","targetHints":{"allow":["GET"]}}],"collection":[{"href":"https:\/\/www.burgosdeporte.com\/index.php?rest_route=\/wp\/v2\/posts"}],"about":[{"href":"https:\/\/www.burgosdeporte.com\/index.php?rest_route=\/wp\/v2\/types\/post"}],"author":[{"embeddable":true,"href":"https:\/\/www.burgosdeporte.com\/index.php?rest_route=\/wp\/v2\/users\/10"}],"replies":[{"embeddable":true,"href":"https:\/\/www.burgosdeporte.com\/index.php?rest_route=%2Fwp%2Fv2%2Fcomments&post=142662"}],"version-history":[{"count":1,"href":"https:\/\/www.burgosdeporte.com\/index.php?rest_route=\/wp\/v2\/posts\/142662\/revisions"}],"predecessor-version":[{"id":142663,"href":"https:\/\/www.burgosdeporte.com\/index.php?rest_route=\/wp\/v2\/posts\/142662\/revisions\/142663"}],"wp:featuredmedia":[{"embeddable":true,"href":"https:\/\/www.burgosdeporte.com\/index.php?rest_route=\/wp\/v2\/media\/139441"}],"wp:attachment":[{"href":"https:\/\/www.burgosdeporte.com\/index.php?rest_route=%2Fwp%2Fv2%2Fmedia&parent=142662"}],"wp:term":[{"taxonomy":"category","embeddable":true,"href":"https:\/\/www.burgosdeporte.com\/index.php?rest_route=%2Fwp%2Fv2%2Fcategories&post=142662"},{"taxonomy":"post_tag","embeddable":true,"href":"https:\/\/www.burgosdeporte.com\/index.php?rest_route=%2Fwp%2Fv2%2Ftags&post=142662"}],"curies":[{"name":"wp","href":"https:\/\/api.w.org\/{rel}","templated":true}]}}