{"id":142612,"date":"2025-08-04T00:00:53","date_gmt":"2025-08-03T22:00:53","guid":{"rendered":"https:\/\/www.burgosdeporte.com\/?p=142612"},"modified":"2025-08-04T16:30:25","modified_gmt":"2025-08-04T14:30:25","slug":"ramis-estamos-cumpliendo-los-objetivos","status":"publish","type":"post","link":"https:\/\/www.burgosdeporte.com\/?p=142612","title":{"rendered":"Ramis: \u00abEstamos cumpliendo los objetivos\u00bb"},"content":{"rendered":"\n<h2 class=\"wp-block-heading\"><strong>Declaraciones del entrenador del Burgos, Luis Miguel Ramis, tras el partido de su equipo ante el Eibar que concluy\u00f3 con 1-0 favorable al equipo blanquinegro.  <\/strong><\/h2>\n\n\n<div class=\"wp-block-image\">\n<figure class=\"aligncenter size-full\"><img loading=\"lazy\" decoding=\"async\" width=\"300\" height=\"400\" src=\"https:\/\/www.burgosdeporte.com\/wp-content\/uploads\/2025\/06\/Nomina_CajaViva.jpg\" alt=\"\" class=\"wp-image-140655\" srcset=\"https:\/\/www.burgosdeporte.com\/wp-content\/uploads\/2025\/06\/Nomina_CajaViva.jpg 300w, https:\/\/www.burgosdeporte.com\/wp-content\/uploads\/2025\/06\/Nomina_CajaViva-225x300.jpg 225w, https:\/\/www.burgosdeporte.com\/wp-content\/uploads\/2025\/06\/Nomina_CajaViva-150x200.jpg 150w\" sizes=\"auto, (max-width: 300px) 100vw, 300px\" \/><\/figure>\n<\/div>\n\n\n<p>El entrenador del Burgos, Luis Miguel Ramis, valoraba al t\u00e9rmino del encuentro en Villarcayo frente al Eibar, que finaliz\u00f3 con 1-0 favorable al conjunto castellano, el partido-<\/p>\n\n\n\n<p>Ramis destacaba que: <em>\u201cEn el partido contra el \u00c9ibar es donde m\u00e1s momentos se han visto de lo que estamos trabajando y lo queremos. Creo que\u00a0hasta el momento el objetivo se est\u00e1 cumpliendo.\u00a0Ante el \u00c9ibar adelantamos la presi\u00f3n y por ah\u00ed vino el gol. <\/em>\u00ab<\/p>\n\n\n\n<p>Adem\u00e1s el entrenador del Burgos considera que lo importante es que no hay lesiones y se van recuperando los jugadores con pronlemas f\u00edsicos: <em>\u201cEn el \u00faltimo partido han jugado\u00a0Fer Ni\u00f1o y Florian Mguel\u00a0que han superado unas peque\u00f1as lesiones. Solamente falta por debutar Sergio Gonz\u00e1lez que ya la pr\u00f3xima semana estar\u00e1 en din\u00e1mica de grupo. Lo importante es que de momento\u00a0no hay lesionados\u201d.<\/em><\/p>\n\n\n\n<p>Seg\u00fan Ramis queda trabajo por delante pero la din\u00e1mica de la pretemporada es la correcta: <em>\u201cSi seguimos as\u00ed nos valdr\u00e1 para sumar puntos. Hay que trabajar todos los aspectos, tanto la defensa como el ataque y que todos los jugadores lo asuman y trabajen en ese sentido\u201d.<\/em><\/p>\n\n\n\n<p><\/p>\n\n\n\n<p><\/p>\n\n\n\n<p><\/p>\n","protected":false},"excerpt":{"rendered":"<p>Declaraciones del entrenador del Burgos, Luis Miguel Ramis, tras el partido de su equipo ante el Eibar que concluy\u00f3 con 1-0 favorable al equipo blanquinegro. El entrenador del Burgos, Luis Miguel Ramis, valoraba al t\u00e9rmino del encuentro en Villarcayo frente al Eibar, que finaliz\u00f3 con 1-0 favorable al conjunto castellano, el partido- Ramis destacaba que: [&hellip;]<\/p>\n","protected":false},"author":10,"featured_media":142575,"comment_status":"closed","ping_status":"closed","sticky":false,"template":"","format":"standard","meta":{"_monsterinsights_skip_tracking":false,"_monsterinsights_sitenote_active":false,"_monsterinsights_sitenote_note":"","_monsterinsights_sitenote_category":0,"footnotes":""},"categories":[4],"tags":[1553,29,2217],"class_list":{"0":"post-142612","1":"post","2":"type-post","3":"status-publish","4":"format-standard","5":"has-post-thumbnail","7":"category-futbol","8":"tag-actualidad-2","9":"tag-burgoscf","10":"tag-luismiguelramis"},"views":55,"_links":{"self":[{"href":"https:\/\/www.burgosdeporte.com\/index.php?rest_route=\/wp\/v2\/posts\/142612","targetHints":{"allow":["GET"]}}],"collection":[{"href":"https:\/\/www.burgosdeporte.com\/index.php?rest_route=\/wp\/v2\/posts"}],"about":[{"href":"https:\/\/www.burgosdeporte.com\/index.php?rest_route=\/wp\/v2\/types\/post"}],"author":[{"embeddable":true,"href":"https:\/\/www.burgosdeporte.com\/index.php?rest_route=\/wp\/v2\/users\/10"}],"replies":[{"embeddable":true,"href":"https:\/\/www.burgosdeporte.com\/index.php?rest_route=%2Fwp%2Fv2%2Fcomments&post=142612"}],"version-history":[{"count":2,"href":"https:\/\/www.burgosdeporte.com\/index.php?rest_route=\/wp\/v2\/posts\/142612\/revisions"}],"predecessor-version":[{"id":142646,"href":"https:\/\/www.burgosdeporte.com\/index.php?rest_route=\/wp\/v2\/posts\/142612\/revisions\/142646"}],"wp:featuredmedia":[{"embeddable":true,"href":"https:\/\/www.burgosdeporte.com\/index.php?rest_route=\/wp\/v2\/media\/142575"}],"wp:attachment":[{"href":"https:\/\/www.burgosdeporte.com\/index.php?rest_route=%2Fwp%2Fv2%2Fmedia&parent=142612"}],"wp:term":[{"taxonomy":"category","embeddable":true,"href":"https:\/\/www.burgosdeporte.com\/index.php?rest_route=%2Fwp%2Fv2%2Fcategories&post=142612"},{"taxonomy":"post_tag","embeddable":true,"href":"https:\/\/www.burgosdeporte.com\/index.php?rest_route=%2Fwp%2Fv2%2Ftags&post=142612"}],"curies":[{"name":"wp","href":"https:\/\/api.w.org\/{rel}","templated":true}]}}