{"id":142536,"date":"2025-08-02T14:04:08","date_gmt":"2025-08-02T12:04:08","guid":{"rendered":"https:\/\/www.burgosdeporte.com\/?p=142536"},"modified":"2025-08-04T15:03:27","modified_gmt":"2025-08-04T13:03:27","slug":"muchos-favoritos-buscan-la-gloria-en-la-xlvii-vuelta-a-burgos","status":"publish","type":"post","link":"https:\/\/www.burgosdeporte.com\/?p=142536","title":{"rendered":"Muchos favoritos buscan la gloria en la XLVII Vuelta a Burgos"},"content":{"rendered":"\n<h2 class=\"wp-block-heading\">Ganadores de grandes vueltas y revelaciones del WorldTour medir\u00e1n sus fuerzas del 5 al 9 de agosto.<\/h2>\n\n\n<div class=\"wp-block-image\">\n<figure class=\"aligncenter size-full\"><img loading=\"lazy\" decoding=\"async\" width=\"300\" height=\"400\" src=\"https:\/\/www.burgosdeporte.com\/wp-content\/uploads\/2025\/06\/Nomina_CajaViva.jpg\" alt=\"\" class=\"wp-image-140655\" srcset=\"https:\/\/www.burgosdeporte.com\/wp-content\/uploads\/2025\/06\/Nomina_CajaViva.jpg 300w, https:\/\/www.burgosdeporte.com\/wp-content\/uploads\/2025\/06\/Nomina_CajaViva-225x300.jpg 225w, https:\/\/www.burgosdeporte.com\/wp-content\/uploads\/2025\/06\/Nomina_CajaViva-150x200.jpg 150w\" sizes=\"auto, (max-width: 300px) 100vw, 300px\" \/><\/figure>\n<\/div>\n\n\n<p>La salida en Olmillos de Sasam\u00f3n reunir\u00e1 el pelot\u00f3n m\u00e1s brillante que se recuerda en la ronda burgalesa. Diez aspirantes llegan con victorias o podios en las tres grandes vueltas, cl\u00e1sicas o t\u00edtulos mundiales y sit\u00faan a la edici\u00f3n de 2025 en el foco del calendario estival. De las suaves rampas de Humada al muro final de las Lagunas de Neila, la carrera promete un pulso generacional entre consagrados y emergentes.<\/p>\n\n\n\n<p>El Soudal Quick-Step presenta el regreso de Mikel Landa, doble vencedor de la prueba<br>(2017 y 2021) y decidido a recuperar sensaciones tras la lesi\u00f3n sufrida en el Giro. Junto a<br>\u00e9l, Egan Bernal liderar\u00e1 a Ineos Grenadiers con la ambici\u00f3n que le llev\u00f3 a conquistar<br>Tour y Giro; el colombiano regresa a Burgos siete a\u00f1os despu\u00e9s de su aparici\u00f3n precoz y<br>lo hace arropado por un bloque de escaladores solventes.<\/p>\n\n\n\n<p>Otro ganador del Giro, Jai Hindley, encabeza la expedici\u00f3n de Red Bull Bora-Hansgrohe. El australiano, triunfador tambi\u00e9n en el Tour de Francia con su victoria en Laruns, llega con la juventud impetuosa de Giulio Pellizzari como respaldo ofensivo. La bandera espa\u00f1ola ondear\u00e1 con Nairo Quintana, que vuelve al Movistar para buscar su tercera corona burgalesa y prolongar su idilio con Neila, ascensi\u00f3n donde ciment\u00f3 sus t\u00edtulos de 2013 y 2014.<\/p>\n\n\n\n<p>En cuanto a los conjuntos reci\u00e9n confirmados, el Lidl-Trek se apoya en la dupla formada<br>por Giulio Ciccone, rey de la monta\u00f1a del Tour 2023 y ganador de etapas en el Giro, y<br>Lennard K\u00e4mna, todoterreno con triunfos en las tres grandes vueltas.<\/p>\n\n\n\n<p>Por su parte, el Decathlon AG2R La Mondiale conf\u00eda en el instinto de Victor Lafay,<br>protagonista con su golpe de efecto en Clermont-Ferrand durante el Tour 2023, y en la<br>explosividad de Beno\u00eet Cosnefroy, ganador de la Brabantse Pijl y habitual animador de<br>finales puncheur.<\/p>\n\n\n\n<figure class=\"wp-block-image size-large\"><img loading=\"lazy\" decoding=\"async\" width=\"1024\" height=\"640\" src=\"https:\/\/www.burgosdeporte.com\/wp-content\/uploads\/2025\/06\/Vuelta-a-Burgos-2024-1024x640.jpg\" alt=\"\" class=\"wp-image-141540\" srcset=\"https:\/\/www.burgosdeporte.com\/wp-content\/uploads\/2025\/06\/Vuelta-a-Burgos-2024-1024x640.jpg 1024w, https:\/\/www.burgosdeporte.com\/wp-content\/uploads\/2025\/06\/Vuelta-a-Burgos-2024-300x188.jpg 300w, https:\/\/www.burgosdeporte.com\/wp-content\/uploads\/2025\/06\/Vuelta-a-Burgos-2024-768x480.jpg 768w, https:\/\/www.burgosdeporte.com\/wp-content\/uploads\/2025\/06\/Vuelta-a-Burgos-2024-150x94.jpg 150w, https:\/\/www.burgosdeporte.com\/wp-content\/uploads\/2025\/06\/Vuelta-a-Burgos-2024-696x435.jpg 696w, https:\/\/www.burgosdeporte.com\/wp-content\/uploads\/2025\/06\/Vuelta-a-Burgos-2024-1068x668.jpg 1068w, https:\/\/www.burgosdeporte.com\/wp-content\/uploads\/2025\/06\/Vuelta-a-Burgos-2024.jpg 1080w\" sizes=\"auto, (max-width: 1024px) 100vw, 1024px\" \/><figcaption class=\"wp-element-caption\">Foto: Vuelta Burgos<\/figcaption><\/figure>\n\n\n\n<p>La n\u00f3mina de candidatos se ampl\u00eda con el bloque de EF Education-EasyPost: Esteban<br>Chaves, triple triunfador en el Giro y doble podio en la Vuelta, comparte galones con<br>Rui Costa, campe\u00f3n del mundo 2013 y autor de tres triunfos de etapa en el Tour y uno<br>en la Vuelta 2023. Tambi\u00e9n al acecho estar\u00e1 Isaac del Toro (UAE Team Emirates),<br>flamante ganador de la etapa reina del \u00faltimo Giro de Italia, en la que adem\u00e1s finaliz\u00f3<br>segundo en la general, y conquistador del Tour de Austria 2025, que llega dispuesto a<br>confirmar su salto de calidad.<\/p>\n\n\n\n<p>Entre los outsiders destacan Damiano Caruso (Bahrain Victorious), ganador de etapa en<br>Giro y Vuelta y segundo de la Corsa Rosa 2021; Lorenzo Fortunato (XDS Astana Team), h\u00e9roe del Zoncolan y vigente rey de la monta\u00f1a del Giro; y su compa\u00f1ero Wout Poels, vencedor de etapa en la Vuelta a Espa\u00f1a y de la etapa alpina de Saint-Gervais en el Tour 2023.<\/p>\n\n\n\n<p><strong>El resto de equipos de categor\u00eda UCI ProTeam que han presentado su pre-inscripci\u00f3n son:<\/strong><\/p>\n\n\n\n<p><strong>Q36.5 PRO CYCLING TEAM<\/strong>: AZPARREN Xabier Mikel (ESP), CHRISTEN Fabio (SUI),<br>GONZALEZ LOPEZ David (ESP), HOWSON Damien (AUS), MOSCHETTI Matteo (ITA),<br>PARISNI Nicol\u00f2 (ITA) y ZURKOWSKY Nikolas (CAN).<\/p>\n\n\n\n<p><strong>TUDOR PROCYCLING TEAM<\/strong>: FROIDEVAUX Robin, ERIKSSON Lucas, HEMING Mik\u00e1,<br>RONDEL Mathys, WARBASSE Larry, WEISS Fabian y THALMANN Roland.<\/p>\n\n\n\n<p><strong>CAJA RURAL &#8211; SEGUROS RGA:<\/strong> FERNANDEZ GARCIA Samuel (ESP), ARRIOLABENGOA BEITIA Julen (ESP), BABOR Daniel (CZE), DARDER GAR\u00cd Sergi (ESP), GONZ\u00c1LEZ RIVERA Abner Alejandro (PUR), IBA\u00d1EZ BELTRAN DE SALAZAR Javier (ESP) y SORARRAIN AGIRREZABALA Gorka (ESP).<\/p>\n\n\n\n<p><strong>KERN PHARMA:<\/strong> BERRADE FERNANDEZ Urko (ESP), BRUSTENGA MASAGU\u00c9 Marc<br>(ESP), COBO CAY\u00d3N Iv\u00e1n (ESP), ELOSEGUI MOME\u00d1E I\u00f1igo (ESP), GUTIERREZ<br>GONZALEZ Jorge (ESP), PARRA CUERDA Jose F\u00e9lix (ESP) y RUIZ SEDANO Ibon (ESP).<\/p>\n\n\n\n<p><strong>EUSKALTEL \u2013 EUSKADI<\/strong>: BIZKARRA Mikel (ESP), DINA Marton (HUN), AGIRRE Jon<br>(ESP), MINTEGI Iker (ESP), GANZABAL Ander (ESP), JUARISTI Txomin (ESP) y<br>MURGUIALDAY Jokin (ESP).<\/p>\n\n\n\n<p><strong>TEAM POLTI \u2013 VISITMALTA:<\/strong> PIGANZOLI Davide (ITA), GARCIA Pablo (ESP), GOMEZ<br>German (COL), MARTIN Alex (ESP), PIETROBON Andrea (ITA), LONARDI Giovanni (ITA) y<br>TERCERO Fernando (ESP).<\/p>\n\n\n\n<p><strong>ILLES BALEARS \u2013 ARABAY (UCI Continental Team):<\/strong> GARCIA SORIANO Jose Mar\u00eda<br>(ESP), GAMUNDI ADROVER Joan (ESP), GONZALEZ QUINTANA Asier (ESP), LLANERAS<br>CASAS Pau (ESP), MARIN ARAGON Jose (ESP), RIERA CLAR Joan Albert (ESP) y SILVA<br>BAEZA Mario (ESP).<\/p>\n\n\n\n<p><\/p>\n","protected":false},"excerpt":{"rendered":"<p>Ganadores de grandes vueltas y revelaciones del WorldTour medir\u00e1n sus fuerzas del 5 al 9 de agosto. La salida en Olmillos de Sasam\u00f3n reunir\u00e1 el pelot\u00f3n m\u00e1s brillante que se recuerda en la ronda burgalesa. Diez aspirantes llegan con victorias o podios en las tres grandes vueltas, cl\u00e1sicas o t\u00edtulos mundiales y sit\u00faan a la [&hellip;]<\/p>\n","protected":false},"author":10,"featured_media":142487,"comment_status":"closed","ping_status":"closed","sticky":false,"template":"","format":"standard","meta":{"_monsterinsights_skip_tracking":false,"_monsterinsights_sitenote_active":false,"_monsterinsights_sitenote_note":"","_monsterinsights_sitenote_category":0,"footnotes":""},"categories":[63],"tags":[1553,266,691],"class_list":{"0":"post-142536","1":"post","2":"type-post","3":"status-publish","4":"format-standard","5":"has-post-thumbnail","7":"category-ciclismo","8":"tag-actualidad-2","9":"tag-idjburgos","10":"tag-vueltaburgos"},"views":144,"_links":{"self":[{"href":"https:\/\/www.burgosdeporte.com\/index.php?rest_route=\/wp\/v2\/posts\/142536","targetHints":{"allow":["GET"]}}],"collection":[{"href":"https:\/\/www.burgosdeporte.com\/index.php?rest_route=\/wp\/v2\/posts"}],"about":[{"href":"https:\/\/www.burgosdeporte.com\/index.php?rest_route=\/wp\/v2\/types\/post"}],"author":[{"embeddable":true,"href":"https:\/\/www.burgosdeporte.com\/index.php?rest_route=\/wp\/v2\/users\/10"}],"replies":[{"embeddable":true,"href":"https:\/\/www.burgosdeporte.com\/index.php?rest_route=%2Fwp%2Fv2%2Fcomments&post=142536"}],"version-history":[{"count":1,"href":"https:\/\/www.burgosdeporte.com\/index.php?rest_route=\/wp\/v2\/posts\/142536\/revisions"}],"predecessor-version":[{"id":142539,"href":"https:\/\/www.burgosdeporte.com\/index.php?rest_route=\/wp\/v2\/posts\/142536\/revisions\/142539"}],"wp:featuredmedia":[{"embeddable":true,"href":"https:\/\/www.burgosdeporte.com\/index.php?rest_route=\/wp\/v2\/media\/142487"}],"wp:attachment":[{"href":"https:\/\/www.burgosdeporte.com\/index.php?rest_route=%2Fwp%2Fv2%2Fmedia&parent=142536"}],"wp:term":[{"taxonomy":"category","embeddable":true,"href":"https:\/\/www.burgosdeporte.com\/index.php?rest_route=%2Fwp%2Fv2%2Fcategories&post=142536"},{"taxonomy":"post_tag","embeddable":true,"href":"https:\/\/www.burgosdeporte.com\/index.php?rest_route=%2Fwp%2Fv2%2Ftags&post=142536"}],"curies":[{"name":"wp","href":"https:\/\/api.w.org\/{rel}","templated":true}]}}