{"id":142405,"date":"2025-07-30T13:07:55","date_gmt":"2025-07-30T11:07:55","guid":{"rendered":"https:\/\/www.burgosdeporte.com\/?p=142405"},"modified":"2025-07-31T15:07:30","modified_gmt":"2025-07-31T13:07:30","slug":"la-vuelta-a-burgos-confirma-la-presencia-de-lidl-trek-y-decathlon-ag2r-la-mondiale","status":"publish","type":"post","link":"https:\/\/www.burgosdeporte.com\/?p=142405","title":{"rendered":"La Vuelta a Burgos confirma la presencia de Lidl-Trek y Decathlon AG2R La Mondiale"},"content":{"rendered":"\n<p><strong><em>Dos bloques vers\u00e1tiles del WorldTour participar\u00e1n en la ronda burgalesa<\/em><\/strong><\/p>\n\n\n<div class=\"wp-block-image\">\n<figure class=\"aligncenter size-full\"><a href=\"https:\/\/www.tandemgyd.com\/\" target=\"_blank\" rel=\" noreferrer noopener\"><img loading=\"lazy\" decoding=\"async\" width=\"200\" height=\"183\" src=\"https:\/\/www.burgosdeporte.com\/wp-content\/uploads\/2023\/09\/Logo_Tandem.jpg\" alt=\"\" class=\"wp-image-107992\" srcset=\"https:\/\/www.burgosdeporte.com\/wp-content\/uploads\/2023\/09\/Logo_Tandem.jpg 200w, https:\/\/www.burgosdeporte.com\/wp-content\/uploads\/2023\/09\/Logo_Tandem-150x137.jpg 150w\" sizes=\"auto, (max-width: 200px) 100vw, 200px\" \/><\/a><\/figure>\n<\/div>\n\n\n<p>La XLVII Vuelta a Burgos masculina (5-9 agosto) confirma a dos de los bloques m\u00e1s vers\u00e1tiles del WorldTour: el estadounidense Lidl-Trek y el franc\u00e9s Decathlon AG2R La Mondiale. Entre ambos suman vencedores de etapa en las tres grandes vueltas, campeones de la monta\u00f1a y especialistas capaces de definir tanto en los puertos castellanos como en los finales explosivos.<\/p>\n\n\n\n<p><strong>Lidl-Trek: p\u00f3lvora italiana, oficio alem\u00e1n y promesa andaluza<\/strong><\/p>\n\n\n\n<p>El maillot rojo de la monta\u00f1a del Tour 2023 vuelve a lucir en Burgos: Giulio Ciccone regresa tras su triunfo parcial en la \u00faltima Tirreno-Adri\u00e1tico y la exhibici\u00f3n en la cima de la Maddalena durante el pasado Giro. El abruzzese, escalador puro con instinto atacante, dirigir\u00e1 un siete que aspira a la general y a los maillots secundarios.<\/p>\n\n\n\n<p>Para las fugas de largo rango llega Lennard K\u00e4mna, alem\u00e1n capaz de ganar en Giro, Tour y Vuelta y reciente vencedor de la crono-escalada de la Vuelta a Suiza. Su versatilidad entre contrarreloj y alta monta\u00f1a garantiza alternativas t\u00e1cticas en etapas como Monasterio de San Pedro Carde\u00f1a-Valpuesta o la llegada a Neila. A su lado se alinea Juan Pedro L\u00f3pez, revelaci\u00f3n del Giro 2022 y cuarto en la reciente Ruta de Occitania, cuyo pedaleo constante encaja a la perfecci\u00f3n con los puertos de primera burgaleses.<\/p>\n\n\n\n<p>Completan la formaci\u00f3n Julien Bernard, todoterreno y alma de las escapadas; el eritreo Amanuel Ghebreigzabhier, gregario incansable en rampas largas; y la dupla neerlandesa formada por Daan Hoole, rodador de gran planta para controlar abanicos en la Ribera del Duero, y Sam Oomen, escalador di\u00e9sel con experiencia en las Lagunas de Neila.<\/p>\n\n\n\n<p><strong>Decathlon AG2R La Mondiale: elegancia francesa y ambici\u00f3n joven<\/strong><\/p>\n\n\n\n<p>La estructura francesa llega con dos puntas de lanza de sobra conocidas. Beno\u00eet Cosnefroy, ganador de la Brabantse Pijl y del Tour del Finist\u00e8re esta primavera, encarna el perfil de puncheur que puede sentenciar en el Alto del Castillo o dinamitar Rozavientos a ritmo de sobresalto. Su compa\u00f1ero Victor Lafay, triunfador en Clermont-Ferrand en el Tour 2023 y segundo en la general del Dauphin\u00e9 de este a\u00f1o, aporta punch en ascensos prolongados y olfato ganador en grupos selectos.<\/p>\n\n\n\n<p>La guardia pretoriana la integran Nans Peters, autor de etapas en Tour y Giro y seguro en descensos t\u00e9cnicos, y el prometedor Jordan Labrosse, que brill\u00f3 con un top-cinco en la pasada Vuelta a la Comunidad de Madrid. Junto a ellos figuran Pierre Gautherat, velocista resistente con victoria en el Tro-Bro L\u00e9on; el belga Sander De Pestel, rodador capaz de marcar diferencias en los p\u00e1ramos expuestos al viento; y L\u00e9o Bisiaux, reci\u00e9n ascendido desde la cantera y listo para foguearse en la media monta\u00f1a.<\/p>\n\n\n\n<p><strong>Perspectiva deportiva<\/strong><\/p>\n\n\n\n<p>La conjunci\u00f3n de ciclistas ofensivos y gregarios solventes convierte a ambos equipos en actores clave de la semana. Lidl-Trek alinea, quiz\u00e1, la artiller\u00eda m\u00e1s completa para el asalto al maillot morado, mientras que Decathlon AG2R contar\u00e1 con varias opciones de victoria parcial y con la intuici\u00f3n t\u00e1ctica de Cosnefroy y Lafay para revolver cualquier escenario. El p\u00fablico burgal\u00e9s podr\u00e1 disfrutar de abanicos en la Ribera, ataques lejanos en la Demanda y, sobre todo, de la certeza de que cada d\u00eda habr\u00e1 batalla por la etapa y la general.<\/p>\n","protected":false},"excerpt":{"rendered":"<p>Dos bloques vers\u00e1tiles del WorldTour participar\u00e1n en la ronda burgalesa La XLVII Vuelta a Burgos masculina (5-9 agosto) confirma a dos de los bloques m\u00e1s vers\u00e1tiles del WorldTour: el estadounidense Lidl-Trek y el franc\u00e9s Decathlon AG2R La Mondiale. Entre ambos suman vencedores de etapa en las tres grandes vueltas, campeones de la monta\u00f1a y especialistas [&hellip;]<\/p>\n","protected":false},"author":10,"featured_media":142406,"comment_status":"closed","ping_status":"closed","sticky":false,"template":"","format":"standard","meta":{"_monsterinsights_skip_tracking":false,"_monsterinsights_sitenote_active":false,"_monsterinsights_sitenote_note":"","_monsterinsights_sitenote_category":0,"footnotes":""},"categories":[63],"tags":[1553,64,479],"class_list":{"0":"post-142405","1":"post","2":"type-post","3":"status-publish","4":"format-standard","5":"has-post-thumbnail","7":"category-ciclismo","8":"tag-actualidad-2","9":"tag-ciclismo","10":"tag-vueltaaburgos"},"views":57,"_links":{"self":[{"href":"https:\/\/www.burgosdeporte.com\/index.php?rest_route=\/wp\/v2\/posts\/142405","targetHints":{"allow":["GET"]}}],"collection":[{"href":"https:\/\/www.burgosdeporte.com\/index.php?rest_route=\/wp\/v2\/posts"}],"about":[{"href":"https:\/\/www.burgosdeporte.com\/index.php?rest_route=\/wp\/v2\/types\/post"}],"author":[{"embeddable":true,"href":"https:\/\/www.burgosdeporte.com\/index.php?rest_route=\/wp\/v2\/users\/10"}],"replies":[{"embeddable":true,"href":"https:\/\/www.burgosdeporte.com\/index.php?rest_route=%2Fwp%2Fv2%2Fcomments&post=142405"}],"version-history":[{"count":1,"href":"https:\/\/www.burgosdeporte.com\/index.php?rest_route=\/wp\/v2\/posts\/142405\/revisions"}],"predecessor-version":[{"id":142407,"href":"https:\/\/www.burgosdeporte.com\/index.php?rest_route=\/wp\/v2\/posts\/142405\/revisions\/142407"}],"wp:featuredmedia":[{"embeddable":true,"href":"https:\/\/www.burgosdeporte.com\/index.php?rest_route=\/wp\/v2\/media\/142406"}],"wp:attachment":[{"href":"https:\/\/www.burgosdeporte.com\/index.php?rest_route=%2Fwp%2Fv2%2Fmedia&parent=142405"}],"wp:term":[{"taxonomy":"category","embeddable":true,"href":"https:\/\/www.burgosdeporte.com\/index.php?rest_route=%2Fwp%2Fv2%2Fcategories&post=142405"},{"taxonomy":"post_tag","embeddable":true,"href":"https:\/\/www.burgosdeporte.com\/index.php?rest_route=%2Fwp%2Fv2%2Ftags&post=142405"}],"curies":[{"name":"wp","href":"https:\/\/api.w.org\/{rel}","templated":true}]}}