{"id":142386,"date":"2025-07-29T16:04:23","date_gmt":"2025-07-29T14:04:23","guid":{"rendered":"https:\/\/www.burgosdeporte.com\/?p=142386"},"modified":"2025-07-30T15:27:36","modified_gmt":"2025-07-30T13:27:36","slug":"el-burgos-burpellet-bh-renueva-a-rodrigo-alvarez-para-la-proxima-temporada","status":"publish","type":"post","link":"https:\/\/www.burgosdeporte.com\/?p=142386","title":{"rendered":"El Burgos Burpellet BH renueva a Rodrigo \u00c1lvarez para la pr\u00f3xima temporada"},"content":{"rendered":"\n<p><strong><em>El burgal\u00e9s firma su continuidad hasta finales de 2026, tras destacar como velocista en Qinghai, ganar el maillot de la combatividad en Om\u00e1n y convertirse en un gregario confiable y trabajador<\/em><\/strong><\/p>\n\n\n\n<p class=\"has-text-align-right\">(<em>Imagen: Burgos BH<\/em>)<\/p>\n\n\n<div class=\"wp-block-image\">\n<figure class=\"aligncenter size-full\"><a href=\"https:\/\/www.tandemgyd.com\/\" target=\"_blank\" rel=\" noreferrer noopener\"><img loading=\"lazy\" decoding=\"async\" width=\"200\" height=\"183\" src=\"https:\/\/www.burgosdeporte.com\/wp-content\/uploads\/2023\/09\/Logo_Tandem.jpg\" alt=\"\" class=\"wp-image-107992\" srcset=\"https:\/\/www.burgosdeporte.com\/wp-content\/uploads\/2023\/09\/Logo_Tandem.jpg 200w, https:\/\/www.burgosdeporte.com\/wp-content\/uploads\/2023\/09\/Logo_Tandem-150x137.jpg 150w\" sizes=\"auto, (max-width: 200px) 100vw, 200px\" \/><\/a><\/figure>\n<\/div>\n\n\n<p>El Burgos Burpellet BH sigue confiando en los j\u00f3venes talentos de la provincia de Burgos y en 2026 volver\u00e1 a contar en sus filas con Rodrigo \u00c1lvarez. El ciclista burgal\u00e9s de 25 a\u00f1os ha renovado con el equipo de su tierra por una cuarta temporada. Desde su llegada a la estructura en 2023 ha crecido como corredor, convirti\u00e9ndose en un fiable gregario y un trabajador incansable, ayudando a sus compa\u00f1eros a sumar logros individuales y colectivos.<\/p>\n\n\n\n<p>A nivel personal, ha mostrado su polivalencia en escapadas, etapas de media monta\u00f1a y llegadas al sprint. Este mismo mes sumaba dos top-10 de etapa en el Tour of Magnificent Qinghai, aunque su mayor logro de este 2025 fue ganar el maillot dorado de la combatividad en Tour de Om\u00e1n.<\/p>\n\n\n\n<p>La continuidad de Rodrigo \u00c1lvarez en el equipo de su ciudad confirma la apuesta del Burgos Burpellet BH por los j\u00f3venes deportistas de Burgos. Un corredor que el a\u00f1o pasado pudo debutar en la carrera de casa, la Vuelta a Burgos, protagonizando una escapada en la primera etapa con final en la capital burgalesa.<\/p>\n\n\n\n<p>Desde su debut como stagiaire en 2021 y como ciclista profesional en 2023, ha demostrado un enorme crecimiento y una gran polivalencia en diferentes tipos de carreras. Generalmente ejerce de gregario, protegiendo a sus compa\u00f1eros, tirando del pelot\u00f3n, lanzando a los velocistas y cumpliendo un rol muy importante en un deporte de equipo como el ciclismo.<\/p>\n\n\n\n<p>Sin embargo, cuando llega su oportunidad de brillar a nivel individual, no la desaprovecha. El pasado mes de febrero se mostr\u00f3 al ataque en el Tour de Om\u00e1n, entrando en la fuga de las dos primeras etapas para hacerse con el maillot dorado de la combatividad, distinci\u00f3n que mantuvo hasta el final de la carrera. Esa misma velocidad que le permiti\u00f3 ganar los sprints intermedios, la demostr\u00f3 tambi\u00e9n a comienzos de julio en el Tour de Magnificent Qinghai, donde ejerci\u00f3 de velocista, acabando s\u00e9ptimo y noveno en dos de las etapas.<\/p>\n\n\n\n<p>Una faceta que aprovech\u00f3 la pasada temporada para acabar tercero en la etapa final de esta misma carrera en China, el d\u00eda que alzaba los brazos su compa\u00f1ero Eric Fag\u00fandez. Y es que Rodrigo se mueve como pez en el agua en este tipo de llegadas al sprint de grupos reducidos. Con esta renovaci\u00f3n hasta 2026, Rodrigo afronta con energ\u00edas renovadas y un extra de motivaci\u00f3n las carreras de la segunda parte de la temporada, comenzando la pr\u00f3xima semana en China.<\/p>\n\n\n\n<p>Rodrigo \u00c1lvarez: \u00abEstoy muy contento de renovar con el Burgos Burpellet BH. Correr en el equipo de casa es algo especial y donde m\u00e1s c\u00f3modo me siento. Creo que sigo mejorando como ciclista, que es lo m\u00e1s importante. Intento siempre ayudar al equipo en todo lo que me piden y devolverles con trabajo esa confianza que me dan. A nivel personal, me gustar\u00eda lograr buenos resultados con frecuencia, pero no es algo f\u00e1cil en el ciclismo actual. Trabajo lo mejor posible cada d\u00eda para convertirme en un mejor corredor y el equipo sigue confiando en m\u00ed. Renovar a mitad de temporada me da tranquilidad para seguir trabajando y estoy agradecido por ello\u00bb.<\/p>\n\n\n\n<p>Damien Garcia (director deportivo): \u00abLa renovaci\u00f3n de Rodrigo era una evidencia para el equipo. Es un ciclista muy comprometido que siempre trabaja para ayudar a sus compa\u00f1eros y que tambi\u00e9n sabe aprovechar su oportunidad cuando se le presenta. Pudo destacar en Om\u00e1n este a\u00f1o, cuando gan\u00f3 el maillot dorado de las fugas, o m\u00e1s recientemente en China, donde logr\u00f3 dos top-10 al sprint. Es un ciclista muy combativo, siempre lleva una buena posici\u00f3n en el pelot\u00f3n y es un hombre de equipo al que necesitamos. Estamos muy contentos de seguir trabajando con \u00e9l. Ha tenido una mejora importante en estos tres a\u00f1os y esperamos que siga as\u00ed de cara al futuro\u00bb.<\/p>\n","protected":false},"excerpt":{"rendered":"<p>El burgal\u00e9s firma su continuidad hasta finales de 2026, tras destacar como velocista en Qinghai, ganar el maillot de la combatividad en Om\u00e1n y convertirse en un gregario confiable y trabajador (Imagen: Burgos BH) El Burgos Burpellet BH sigue confiando en los j\u00f3venes talentos de la provincia de Burgos y en 2026 volver\u00e1 a contar [&hellip;]<\/p>\n","protected":false},"author":10,"featured_media":142387,"comment_status":"closed","ping_status":"closed","sticky":false,"template":"","format":"standard","meta":{"_monsterinsights_skip_tracking":false,"_monsterinsights_sitenote_active":false,"_monsterinsights_sitenote_note":"","_monsterinsights_sitenote_category":0,"footnotes":""},"categories":[63],"tags":[1553,11,64,252],"class_list":{"0":"post-142386","1":"post","2":"type-post","3":"status-publish","4":"format-standard","5":"has-post-thumbnail","7":"category-ciclismo","8":"tag-actualidad-2","9":"tag-burgosbh","10":"tag-ciclismo","11":"tag-rodrigoalvarez"},"views":14,"_links":{"self":[{"href":"https:\/\/www.burgosdeporte.com\/index.php?rest_route=\/wp\/v2\/posts\/142386","targetHints":{"allow":["GET"]}}],"collection":[{"href":"https:\/\/www.burgosdeporte.com\/index.php?rest_route=\/wp\/v2\/posts"}],"about":[{"href":"https:\/\/www.burgosdeporte.com\/index.php?rest_route=\/wp\/v2\/types\/post"}],"author":[{"embeddable":true,"href":"https:\/\/www.burgosdeporte.com\/index.php?rest_route=\/wp\/v2\/users\/10"}],"replies":[{"embeddable":true,"href":"https:\/\/www.burgosdeporte.com\/index.php?rest_route=%2Fwp%2Fv2%2Fcomments&post=142386"}],"version-history":[{"count":1,"href":"https:\/\/www.burgosdeporte.com\/index.php?rest_route=\/wp\/v2\/posts\/142386\/revisions"}],"predecessor-version":[{"id":142388,"href":"https:\/\/www.burgosdeporte.com\/index.php?rest_route=\/wp\/v2\/posts\/142386\/revisions\/142388"}],"wp:featuredmedia":[{"embeddable":true,"href":"https:\/\/www.burgosdeporte.com\/index.php?rest_route=\/wp\/v2\/media\/142387"}],"wp:attachment":[{"href":"https:\/\/www.burgosdeporte.com\/index.php?rest_route=%2Fwp%2Fv2%2Fmedia&parent=142386"}],"wp:term":[{"taxonomy":"category","embeddable":true,"href":"https:\/\/www.burgosdeporte.com\/index.php?rest_route=%2Fwp%2Fv2%2Fcategories&post=142386"},{"taxonomy":"post_tag","embeddable":true,"href":"https:\/\/www.burgosdeporte.com\/index.php?rest_route=%2Fwp%2Fv2%2Ftags&post=142386"}],"curies":[{"name":"wp","href":"https:\/\/api.w.org\/{rel}","templated":true}]}}