{"id":142342,"date":"2025-07-28T15:01:53","date_gmt":"2025-07-28T13:01:53","guid":{"rendered":"https:\/\/www.burgosdeporte.com\/?p=142342"},"modified":"2025-07-29T16:05:48","modified_gmt":"2025-07-29T14:05:48","slug":"movistar-y-el-burgos-burpellet-bh-estaran-en-la-vuelta-a-burgos","status":"publish","type":"post","link":"https:\/\/www.burgosdeporte.com\/?p=142342","title":{"rendered":"Movistar y el Burgos Burpellet BH estar\u00e1n en la Vuelta a Burgos"},"content":{"rendered":"\n<h2 class=\"wp-block-heading\">El \u00fanico WorldTeam espa\u00f1ol y la escuadra burgalesa anuncian sus siete pre-inscritos para la XLVII Vuelta a Burgos.<\/h2>\n\n\n<div class=\"wp-block-image\">\n<figure class=\"aligncenter size-full\"><img loading=\"lazy\" decoding=\"async\" width=\"234\" height=\"90\" src=\"https:\/\/www.burgosdeporte.com\/wp-content\/uploads\/2023\/10\/DiputacionBurgos2023.jpg\" alt=\"\" class=\"wp-image-108380\" srcset=\"https:\/\/www.burgosdeporte.com\/wp-content\/uploads\/2023\/10\/DiputacionBurgos2023.jpg 234w, https:\/\/www.burgosdeporte.com\/wp-content\/uploads\/2023\/10\/DiputacionBurgos2023-150x58.jpg 150w\" sizes=\"auto, (max-width: 234px) 100vw, 234px\" \/><\/figure>\n<\/div>\n\n\n<p>El Instituto Provincial para el Deporte y Juventud confirma las listas<br>preliminares de Movistar Team y Burgos Burpellet BH para la ronda burgalesa (5-9<br>agosto). La formaci\u00f3n telef\u00f3nica apuesta por el regreso de Nairo Quintana, doble<br>ganador de la prueba, mientras que el conjunto local presenta un bloque repleto de<br>talento castellano-leon\u00e9s decidido a brillar en casa.<\/p>\n\n\n\n<p><strong>Movistar Team: vuelta a los or\u00edgenes con Nairo<\/strong><\/p>\n\n\n\n<p>Cinco a\u00f1os despu\u00e9s de su \u00faltimo triunfo WorldTour y tras una exigente rehabilitaci\u00f3n, el<br>colombiano Nairo Quintana retoma la competici\u00f3n en el escenario que mejor conoce:<br>vencedor absoluto en Burgos 2013 y 2014, rey de las grandes vueltas con el Giro 2014 y<br>la Vuelta 2016 en su palmar\u00e9s y podios en el Tour de Francia, el escalador boyacense<br>buscar\u00e1 reencontrarse con la victoria en las Lagunas de Neila. A su lado llega un grupo<br>tan variado como fiable.<\/p>\n\n\n\n<p>El vasco Jon Barrenetxea, ganador este curso del Circuito de Getxo y de una etapa en la<br>Ruta del Sol, aportar\u00e1 cambio de ritmo en terrenos quebrados; Jefferson Cepeda,<br>reciente campe\u00f3n del Tour de l\u2019Ain, refuerza el bloque para los d\u00edas de media monta\u00f1a;<br>el portugu\u00e9s Ruben Guerreiro, rey de la monta\u00f1a y vencedor de etapa en el Giro 2020,<br>ejercer\u00e1 de cazador en ascensos explosivos; Antonio Pedrero, dominador de la Vuelta a<br>Asturias 2023, a\u00f1adir\u00e1 fondo; el joven colombiano Diego Pescador, todav\u00eda sub-23,<br>buscar\u00e1 kil\u00f3metros de calidad; y Javier Romo, octavo en la \u00faltima Itzulia, cerrar\u00e1 una<br>alineaci\u00f3n concebida para sostener a Quintana y atacar cuando el guion lo permita.<\/p>\n\n\n\n<p><strong>Burgos Burpellet BH: orgullo de la tierra<\/strong><\/p>\n\n\n\n<p>La \u00fanica escuadra profesional de la provincia vuelve a la cita con un siete de marcado<br>sello local. Mario Aparicio, arandino y doble vencedor este a\u00f1o en el Tour de Sharjah,<br>encabeza la esperanza burgalesa tras firmar top-cinco en el Tour de Qinghai Lake y<br>octavo puesto general en Turqu\u00eda. Junto a \u00e9l estar\u00e1 Daniel Cavia, velocista de Laguna de<br>Duero que debuta en la ronda con la ambici\u00f3n de sorprender en los finales al esprint.<br>Carlos Garc\u00eda y Ander Okamika, habituales en escapadas de largo aliento, buscar\u00e1n<br>presencia medi\u00e1tica y clasificaciones secundarias; Jos\u00e9 Manuel D\u00edaz Gallego, ganador<br>del Tour de Turqu\u00eda 2021, actuar\u00e1 como referencia en monta\u00f1a; el uruguayo Eric<br>Fag\u00fandez, campe\u00f3n continental contrarreloj, aportar\u00e1 potencia en los llanos; y el<br>guatemalteco Sergio Chumil, oro panamericano sub-23 en 2023, completa un bloque<br>que sue\u00f1a con hacer sonar el nombre de Burgos en la carrera de casa.<\/p>\n\n\n\n<p>Con la confirmaci\u00f3n de estos dos equipos, la XLVII Vuelta a Burgos refuerza su esencia:<br>mezclar estrellas del WorldTour y talento local sobre un recorrido que combina<br>patrimonio, paisaje y deporte de alto nivel.<\/p>\n","protected":false},"excerpt":{"rendered":"<p>El \u00fanico WorldTeam espa\u00f1ol y la escuadra burgalesa anuncian sus siete pre-inscritos para la XLVII Vuelta a Burgos. El Instituto Provincial para el Deporte y Juventud confirma las listaspreliminares de Movistar Team y Burgos Burpellet BH para la ronda burgalesa (5-9agosto). La formaci\u00f3n telef\u00f3nica apuesta por el regreso de Nairo Quintana, dobleganador de la prueba, [&hellip;]<\/p>\n","protected":false},"author":10,"featured_media":142344,"comment_status":"closed","ping_status":"closed","sticky":false,"template":"","format":"standard","meta":{"_monsterinsights_skip_tracking":false,"_monsterinsights_sitenote_active":false,"_monsterinsights_sitenote_note":"","_monsterinsights_sitenote_category":0,"footnotes":""},"categories":[63],"tags":[1553,2284,266,2497,479],"class_list":{"0":"post-142342","1":"post","2":"type-post","3":"status-publish","4":"format-standard","5":"has-post-thumbnail","7":"category-ciclismo","8":"tag-actualidad-2","9":"tag-burgosburpelletbh","10":"tag-idjburgos","11":"tag-movistarteam","12":"tag-vueltaaburgos"},"views":42,"_links":{"self":[{"href":"https:\/\/www.burgosdeporte.com\/index.php?rest_route=\/wp\/v2\/posts\/142342","targetHints":{"allow":["GET"]}}],"collection":[{"href":"https:\/\/www.burgosdeporte.com\/index.php?rest_route=\/wp\/v2\/posts"}],"about":[{"href":"https:\/\/www.burgosdeporte.com\/index.php?rest_route=\/wp\/v2\/types\/post"}],"author":[{"embeddable":true,"href":"https:\/\/www.burgosdeporte.com\/index.php?rest_route=\/wp\/v2\/users\/10"}],"replies":[{"embeddable":true,"href":"https:\/\/www.burgosdeporte.com\/index.php?rest_route=%2Fwp%2Fv2%2Fcomments&post=142342"}],"version-history":[{"count":1,"href":"https:\/\/www.burgosdeporte.com\/index.php?rest_route=\/wp\/v2\/posts\/142342\/revisions"}],"predecessor-version":[{"id":142345,"href":"https:\/\/www.burgosdeporte.com\/index.php?rest_route=\/wp\/v2\/posts\/142342\/revisions\/142345"}],"wp:featuredmedia":[{"embeddable":true,"href":"https:\/\/www.burgosdeporte.com\/index.php?rest_route=\/wp\/v2\/media\/142344"}],"wp:attachment":[{"href":"https:\/\/www.burgosdeporte.com\/index.php?rest_route=%2Fwp%2Fv2%2Fmedia&parent=142342"}],"wp:term":[{"taxonomy":"category","embeddable":true,"href":"https:\/\/www.burgosdeporte.com\/index.php?rest_route=%2Fwp%2Fv2%2Fcategories&post=142342"},{"taxonomy":"post_tag","embeddable":true,"href":"https:\/\/www.burgosdeporte.com\/index.php?rest_route=%2Fwp%2Fv2%2Ftags&post=142342"}],"curies":[{"name":"wp","href":"https:\/\/api.w.org\/{rel}","templated":true}]}}