{"id":142334,"date":"2025-07-27T23:52:54","date_gmt":"2025-07-27T21:52:54","guid":{"rendered":"https:\/\/www.burgosdeporte.com\/?p=142334"},"modified":"2025-07-28T22:28:31","modified_gmt":"2025-07-28T20:28:31","slug":"jose-dias-y-natalia-fischer-conquistan-la-colina-triste-2025","status":"publish","type":"post","link":"https:\/\/www.burgosdeporte.com\/?p=142334","title":{"rendered":"Jos\u00e9 Dias y Natalia Fischer conquistan la Colina Triste 2025"},"content":{"rendered":"\n<h2 class=\"wp-block-heading\">Este domingo, la cuarta y \u00faltima etapa, en categor\u00eda masculina, la ha ganado Luis Martinez del Klimatiza Orbea Team.<\/h2>\n\n\n<div class=\"wp-block-image\">\n<figure class=\"aligncenter size-large is-resized\"><img loading=\"lazy\" decoding=\"async\" width=\"819\" height=\"1024\" src=\"https:\/\/www.burgosdeporte.com\/wp-content\/uploads\/2025\/04\/RRSS_CARRUSEL1-INSTAGRAM-1080X1350-819x1024.png\" alt=\"\" class=\"wp-image-137712\" style=\"width:261px;height:auto\" srcset=\"https:\/\/www.burgosdeporte.com\/wp-content\/uploads\/2025\/04\/RRSS_CARRUSEL1-INSTAGRAM-1080X1350-819x1024.png 819w, https:\/\/www.burgosdeporte.com\/wp-content\/uploads\/2025\/04\/RRSS_CARRUSEL1-INSTAGRAM-1080X1350-240x300.png 240w, https:\/\/www.burgosdeporte.com\/wp-content\/uploads\/2025\/04\/RRSS_CARRUSEL1-INSTAGRAM-1080X1350-768x960.png 768w, https:\/\/www.burgosdeporte.com\/wp-content\/uploads\/2025\/04\/RRSS_CARRUSEL1-INSTAGRAM-1080X1350-150x188.png 150w, https:\/\/www.burgosdeporte.com\/wp-content\/uploads\/2025\/04\/RRSS_CARRUSEL1-INSTAGRAM-1080X1350-300x375.png 300w, https:\/\/www.burgosdeporte.com\/wp-content\/uploads\/2025\/04\/RRSS_CARRUSEL1-INSTAGRAM-1080X1350-696x870.png 696w, https:\/\/www.burgosdeporte.com\/wp-content\/uploads\/2025\/04\/RRSS_CARRUSEL1-INSTAGRAM-1080X1350-1068x1335.png 1068w, https:\/\/www.burgosdeporte.com\/wp-content\/uploads\/2025\/04\/RRSS_CARRUSEL1-INSTAGRAM-1080X1350.png 1080w\" sizes=\"auto, (max-width: 819px) 100vw, 819px\" \/><\/figure>\n<\/div>\n\n\n<p>El portugu\u00e9s del BUFF Megamo Jos\u00e9 Dias y la corredera espa\u00f1ola del Extremadura Ecopilas Natalia Fischer vencen en Colina Triste UCI S1 2025. <\/p>\n\n\n\n<p>La cuarta y \u00faltima jornada de Colina Triste empezaba como en jornadas precedentes a las nueve de la ma\u00f1ana de la zona paddock, situada en Santo Domingo de Silos. Desde el principio de etapa los corredores del Klimatiza Orbea intentaron romper la carrera para desbancar del liderato a Jos\u00e9 Dias.&nbsp;<\/p>\n\n\n\n<figure class=\"wp-block-image size-full\"><img loading=\"lazy\" decoding=\"async\" width=\"800\" height=\"853\" src=\"https:\/\/www.burgosdeporte.com\/wp-content\/uploads\/2025\/07\/colina-triste-masculina.jpg\" alt=\"\" class=\"wp-image-142337\" srcset=\"https:\/\/www.burgosdeporte.com\/wp-content\/uploads\/2025\/07\/colina-triste-masculina.jpg 800w, https:\/\/www.burgosdeporte.com\/wp-content\/uploads\/2025\/07\/colina-triste-masculina-281x300.jpg 281w, https:\/\/www.burgosdeporte.com\/wp-content\/uploads\/2025\/07\/colina-triste-masculina-768x819.jpg 768w, https:\/\/www.burgosdeporte.com\/wp-content\/uploads\/2025\/07\/colina-triste-masculina-150x160.jpg 150w, https:\/\/www.burgosdeporte.com\/wp-content\/uploads\/2025\/07\/colina-triste-masculina-300x320.jpg 300w, https:\/\/www.burgosdeporte.com\/wp-content\/uploads\/2025\/07\/colina-triste-masculina-696x742.jpg 696w\" sizes=\"auto, (max-width: 800px) 100vw, 800px\" \/><figcaption class=\"wp-element-caption\">Jos\u00e9 Dias, el campe\u00f3n.- Foto: Organizaci\u00f3n. <\/figcaption><\/figure>\n\n\n\n<p>Se escaparon Raul Castrillo y Luis Martinez. En el grupo perseguidor estaban Jos\u00e9 Dias, Marc Stutmann, Samuele Porro, Fran Herrero, Eduardo Talavera, Alex Sempere y Raul Rodriguez. Detr\u00e1s de ellos tiraba del tercer grupo Ismael Esteban.&nbsp;<\/p>\n\n\n\n<p>La etapa de este domingo, la \u00faltima, discurr\u00eda por la zona del Pico del Aguila, Pinajeros y el pinar de Silos, volviendo a realizar una espectacular bajada como era la de la Fuente el Pato. El recorrido muy similar a las de las jornadas anteriores, puro MTB como caracteriza a la prueba.<\/p>\n\n\n\n<p>La etapa volvi\u00f3 a llegar al esprint, esta vez entre Luis Martinez, ganador de la etapa y Ra\u00fal Castrillo, segundo. Complet\u00f3 el podium Marc Stutmann, el corredor suizo del Klimatiza Orbea. En la general final no hubo cambios al entrar los tres primeros de la general con los mismos tiempos. Jos\u00e9 Dias gano la edici\u00f3n 2025 de Colina Triste, segundo acab\u00f3 Marc Stutmann y tercero Samuele Porro.<\/p>\n\n\n\n<figure class=\"wp-block-image size-full\"><img loading=\"lazy\" decoding=\"async\" width=\"1000\" height=\"509\" src=\"https:\/\/www.burgosdeporte.com\/wp-content\/uploads\/2025\/07\/colina-triste-femenina.jpg\" alt=\"\" class=\"wp-image-142338\" srcset=\"https:\/\/www.burgosdeporte.com\/wp-content\/uploads\/2025\/07\/colina-triste-femenina.jpg 1000w, https:\/\/www.burgosdeporte.com\/wp-content\/uploads\/2025\/07\/colina-triste-femenina-300x153.jpg 300w, https:\/\/www.burgosdeporte.com\/wp-content\/uploads\/2025\/07\/colina-triste-femenina-768x391.jpg 768w, https:\/\/www.burgosdeporte.com\/wp-content\/uploads\/2025\/07\/colina-triste-femenina-150x76.jpg 150w, https:\/\/www.burgosdeporte.com\/wp-content\/uploads\/2025\/07\/colina-triste-femenina-696x354.jpg 696w\" sizes=\"auto, (max-width: 1000px) 100vw, 1000px\" \/><figcaption class=\"wp-element-caption\">Natalia Fischer, la campeona.- Foto: Organizaci\u00f3n<\/figcaption><\/figure>\n\n\n\n<p>En f\u00e9minas 4 de 4 para Natalia Fischer. Completaron el podium de la cuarta etapa Sof\u00eda Rodriguez y Lucia Gonz\u00e1lez. El podium de la \u00faltima etapa fue el mismo que en el de la general. Natalia Fischer ganadora de la edici\u00f3n de Colina Triste, segunda y tercera las corredoras del Nesta MMR, Sof\u00eda Rodriguez y Luc\u00eda Gonzalez.<\/p>\n\n\n\n<p>Una nueva edici\u00f3n de Colina Triste UCI S1 que lleg\u00f3 a su fin.<\/p>\n","protected":false},"excerpt":{"rendered":"<p>Este domingo, la cuarta y \u00faltima etapa, en categor\u00eda masculina, la ha ganado Luis Martinez del Klimatiza Orbea Team. El portugu\u00e9s del BUFF Megamo Jos\u00e9 Dias y la corredera espa\u00f1ola del Extremadura Ecopilas Natalia Fischer vencen en Colina Triste UCI S1 2025. La cuarta y \u00faltima jornada de Colina Triste empezaba como en jornadas precedentes [&hellip;]<\/p>\n","protected":false},"author":10,"featured_media":142335,"comment_status":"closed","ping_status":"closed","sticky":false,"template":"","format":"standard","meta":{"_monsterinsights_skip_tracking":false,"_monsterinsights_sitenote_active":false,"_monsterinsights_sitenote_note":"","_monsterinsights_sitenote_category":0,"footnotes":""},"categories":[63],"tags":[1553,752],"class_list":{"0":"post-142334","1":"post","2":"type-post","3":"status-publish","4":"format-standard","5":"has-post-thumbnail","7":"category-ciclismo","8":"tag-actualidad-2","9":"tag-colinatriste"},"views":31,"_links":{"self":[{"href":"https:\/\/www.burgosdeporte.com\/index.php?rest_route=\/wp\/v2\/posts\/142334","targetHints":{"allow":["GET"]}}],"collection":[{"href":"https:\/\/www.burgosdeporte.com\/index.php?rest_route=\/wp\/v2\/posts"}],"about":[{"href":"https:\/\/www.burgosdeporte.com\/index.php?rest_route=\/wp\/v2\/types\/post"}],"author":[{"embeddable":true,"href":"https:\/\/www.burgosdeporte.com\/index.php?rest_route=\/wp\/v2\/users\/10"}],"replies":[{"embeddable":true,"href":"https:\/\/www.burgosdeporte.com\/index.php?rest_route=%2Fwp%2Fv2%2Fcomments&post=142334"}],"version-history":[{"count":1,"href":"https:\/\/www.burgosdeporte.com\/index.php?rest_route=\/wp\/v2\/posts\/142334\/revisions"}],"predecessor-version":[{"id":142339,"href":"https:\/\/www.burgosdeporte.com\/index.php?rest_route=\/wp\/v2\/posts\/142334\/revisions\/142339"}],"wp:featuredmedia":[{"embeddable":true,"href":"https:\/\/www.burgosdeporte.com\/index.php?rest_route=\/wp\/v2\/media\/142335"}],"wp:attachment":[{"href":"https:\/\/www.burgosdeporte.com\/index.php?rest_route=%2Fwp%2Fv2%2Fmedia&parent=142334"}],"wp:term":[{"taxonomy":"category","embeddable":true,"href":"https:\/\/www.burgosdeporte.com\/index.php?rest_route=%2Fwp%2Fv2%2Fcategories&post=142334"},{"taxonomy":"post_tag","embeddable":true,"href":"https:\/\/www.burgosdeporte.com\/index.php?rest_route=%2Fwp%2Fv2%2Ftags&post=142334"}],"curies":[{"name":"wp","href":"https:\/\/api.w.org\/{rel}","templated":true}]}}