{"id":142299,"date":"2025-07-27T02:25:18","date_gmt":"2025-07-27T00:25:18","guid":{"rendered":"https:\/\/www.burgosdeporte.com\/?p=142299"},"modified":"2025-07-27T23:58:04","modified_gmt":"2025-07-27T21:58:04","slug":"jose-dias-y-natalia-fischer-vencen-en-la-tercera-etapa-de-colina-triste-a-su-paso-por-el-cementerio-de-sad-hill-y-se-afianzan-en-la-general","status":"publish","type":"post","link":"https:\/\/www.burgosdeporte.com\/?p=142299","title":{"rendered":"Jos\u00e9 D\u00edas y Natalia Fischer vencen en la tercera etapa de Colina Triste y\u00a0se afianzan en la clasificaci\u00f3n general"},"content":{"rendered":"\n<h2 class=\"wp-block-heading\"><strong>Este domingo se disputa la cuarta y \u00faltima etapa de esta prueba que tiene su epicentro en Santo Domingo de Silos. <\/strong><\/h2>\n\n\n<div class=\"wp-block-image\">\n<figure class=\"aligncenter size-full\"><img loading=\"lazy\" decoding=\"async\" width=\"200\" height=\"183\" src=\"https:\/\/www.burgosdeporte.com\/wp-content\/uploads\/2023\/09\/Logo_Tandem.jpg\" alt=\"\" class=\"wp-image-107992\" srcset=\"https:\/\/www.burgosdeporte.com\/wp-content\/uploads\/2023\/09\/Logo_Tandem.jpg 200w, https:\/\/www.burgosdeporte.com\/wp-content\/uploads\/2023\/09\/Logo_Tandem-150x137.jpg 150w\" sizes=\"auto, (max-width: 200px) 100vw, 200px\" \/><\/figure>\n<\/div>\n\n\n<p><br>La categor\u00eda masculina volvi\u00f3 a vivir un final de infarto en la tercera etapa de Colina Triste, con un sprint final entre el italiano Samuele Porro, el suizo Marc Stutmann y el portugu\u00e9s Jos\u00e9 Dias, al igual que en la jornada anterior. Victoria para el l\u00edder, el portugu\u00e9s del Buff Megamo Team Jos\u00e9 Dias. Segundo el suizo Marc Stutmann y tercero Samuele Porro, del Kilimatiza Orbea. <\/p>\n\n\n\n<figure class=\"wp-block-image size-full\"><img loading=\"lazy\" decoding=\"async\" width=\"1000\" height=\"627\" src=\"https:\/\/www.burgosdeporte.com\/wp-content\/uploads\/2025\/07\/colina-triste-tercera-2.jpg\" alt=\"\" class=\"wp-image-142302\" srcset=\"https:\/\/www.burgosdeporte.com\/wp-content\/uploads\/2025\/07\/colina-triste-tercera-2.jpg 1000w, https:\/\/www.burgosdeporte.com\/wp-content\/uploads\/2025\/07\/colina-triste-tercera-2-300x188.jpg 300w, https:\/\/www.burgosdeporte.com\/wp-content\/uploads\/2025\/07\/colina-triste-tercera-2-768x482.jpg 768w, https:\/\/www.burgosdeporte.com\/wp-content\/uploads\/2025\/07\/colina-triste-tercera-2-150x94.jpg 150w, https:\/\/www.burgosdeporte.com\/wp-content\/uploads\/2025\/07\/colina-triste-tercera-2-696x436.jpg 696w\" sizes=\"auto, (max-width: 1000px) 100vw, 1000px\" \/><figcaption class=\"wp-element-caption\"> Foto: Fotosports Cano\n<\/figcaption><\/figure>\n\n\n\n<p>La jornada del s\u00e1bado ten\u00eda nombre propio, jornada de puro MTB en el que se<br>pasaba por el Cementerio de Sad Hill, lugar que da nombre a la prueba. A las 9 de la<br>ma\u00f1ana comenzaba la tercera y pen\u00faltima etapa de esta edici\u00f3n. <\/p>\n\n\n\n<figure class=\"wp-block-image size-full\"><img loading=\"lazy\" decoding=\"async\" width=\"1000\" height=\"591\" src=\"https:\/\/www.burgosdeporte.com\/wp-content\/uploads\/2025\/07\/colina-triste-tercera-4.jpg\" alt=\"\" class=\"wp-image-142300\" srcset=\"https:\/\/www.burgosdeporte.com\/wp-content\/uploads\/2025\/07\/colina-triste-tercera-4.jpg 1000w, https:\/\/www.burgosdeporte.com\/wp-content\/uploads\/2025\/07\/colina-triste-tercera-4-300x177.jpg 300w, https:\/\/www.burgosdeporte.com\/wp-content\/uploads\/2025\/07\/colina-triste-tercera-4-768x454.jpg 768w, https:\/\/www.burgosdeporte.com\/wp-content\/uploads\/2025\/07\/colina-triste-tercera-4-150x89.jpg 150w, https:\/\/www.burgosdeporte.com\/wp-content\/uploads\/2025\/07\/colina-triste-tercera-4-696x411.jpg 696w\" sizes=\"auto, (max-width: 1000px) 100vw, 1000px\" \/><figcaption class=\"wp-element-caption\"> Foto: Fotosports Cano\n<\/figcaption><\/figure>\n\n\n\n<p>Antes de llegar al Cementerio de Sad Hill, lugar donde se rod\u00f3 la pel\u00edcula \u201cEl bueno, el<br>feo y el malo\u201d la etapa comenz\u00f3 con la subida de la Cruz del Muerto y la bajada de la<br>Copeta para adentrarse la carrera en el Vale de Mirandilla. Desde los primeros kil\u00f3metros<br>la carrera se parti\u00f3 por la dureza de las subidas donde los m\u00e1s fuertes fueron Jos\u00e9 Dias,<br>Samuele Porro, Marc Stutmann y Luis Mart\u00ednez. <\/p>\n\n\n\n<figure class=\"wp-block-image size-full\"><img loading=\"lazy\" decoding=\"async\" width=\"1000\" height=\"608\" src=\"https:\/\/www.burgosdeporte.com\/wp-content\/uploads\/2025\/07\/colina-triste-tercera-3.jpg\" alt=\"\" class=\"wp-image-142301\" srcset=\"https:\/\/www.burgosdeporte.com\/wp-content\/uploads\/2025\/07\/colina-triste-tercera-3.jpg 1000w, https:\/\/www.burgosdeporte.com\/wp-content\/uploads\/2025\/07\/colina-triste-tercera-3-300x182.jpg 300w, https:\/\/www.burgosdeporte.com\/wp-content\/uploads\/2025\/07\/colina-triste-tercera-3-768x467.jpg 768w, https:\/\/www.burgosdeporte.com\/wp-content\/uploads\/2025\/07\/colina-triste-tercera-3-150x91.jpg 150w, https:\/\/www.burgosdeporte.com\/wp-content\/uploads\/2025\/07\/colina-triste-tercera-3-696x423.jpg 696w\" sizes=\"auto, (max-width: 1000px) 100vw, 1000px\" \/><figcaption class=\"wp-element-caption\"> Foto: Fotosports Cano\n<\/figcaption><\/figure>\n\n\n\n<p>La etapa discurr\u00eda por la Ermita de San Olav, el sendero del sobaco y toda la zona de San<br>Pedro de Arlanza, etapa que se repite a\u00f1o tras a\u00f1o y que es marca propia de Colina<br>Triste. En el paso por el avituallamiento 1 Jos\u00e9 Dias y Marc Stutmann se escaparon en torno a medio minuto respecto a Samuele Pero, distancia que recuperar\u00eda en los pr\u00f3ximos<br>kil\u00f3metros y formar\u00edan el grupo de 3. A menos de un minuto rodaba Luis Martinez,<br>corredor del Klimatiza Orbea.  <\/p>\n\n\n\n<figure class=\"wp-block-image size-full\"><img loading=\"lazy\" decoding=\"async\" width=\"1000\" height=\"672\" src=\"https:\/\/www.burgosdeporte.com\/wp-content\/uploads\/2025\/07\/colina-triste-tercera-1.jpg\" alt=\"\" class=\"wp-image-142303\" srcset=\"https:\/\/www.burgosdeporte.com\/wp-content\/uploads\/2025\/07\/colina-triste-tercera-1.jpg 1000w, https:\/\/www.burgosdeporte.com\/wp-content\/uploads\/2025\/07\/colina-triste-tercera-1-300x202.jpg 300w, https:\/\/www.burgosdeporte.com\/wp-content\/uploads\/2025\/07\/colina-triste-tercera-1-768x516.jpg 768w, https:\/\/www.burgosdeporte.com\/wp-content\/uploads\/2025\/07\/colina-triste-tercera-1-150x101.jpg 150w, https:\/\/www.burgosdeporte.com\/wp-content\/uploads\/2025\/07\/colina-triste-tercera-1-696x468.jpg 696w\" sizes=\"auto, (max-width: 1000px) 100vw, 1000px\" \/><figcaption class=\"wp-element-caption\"> Foto: Fotosports Cano\n<\/figcaption><\/figure>\n\n\n\n<p>En categor\u00eda femenina sigui\u00f3 el dominio como d\u00edas anteriores de Natalia Fischer, tres de<br>tres para la corredora del Extremadura Ecopilas. Salvo sorpresa may\u00fascula ma\u00f1ana se<br>alzar\u00e1 con su segunda victoria en la general de Colina Triste. <\/p>\n\n\n\n<p>Senderos y m\u00e1s senderos, territorio Colina Triste que disfrutaron los bikers en la jornada<br>del s\u00e1bado. Por la tarde barbacoa y concierto en directo para cerrar un d\u00eda de 10 por Santo<br>Domingo de Silos. <\/p>\n\n\n\n<p><\/p>\n","protected":false},"excerpt":{"rendered":"<p>Este domingo se disputa la cuarta y \u00faltima etapa de esta prueba que tiene su epicentro en Santo Domingo de Silos. La categor\u00eda masculina volvi\u00f3 a vivir un final de infarto en la tercera etapa de Colina Triste, con un sprint final entre el italiano Samuele Porro, el suizo Marc Stutmann y el portugu\u00e9s Jos\u00e9 [&hellip;]<\/p>\n","protected":false},"author":10,"featured_media":142304,"comment_status":"closed","ping_status":"closed","sticky":false,"template":"","format":"standard","meta":{"_monsterinsights_skip_tracking":false,"_monsterinsights_sitenote_active":false,"_monsterinsights_sitenote_note":"","_monsterinsights_sitenote_category":0,"footnotes":""},"categories":[63],"tags":[1553,752,754],"class_list":{"0":"post-142299","1":"post","2":"type-post","3":"status-publish","4":"format-standard","5":"has-post-thumbnail","7":"category-ciclismo","8":"tag-actualidad-2","9":"tag-colinatriste","10":"tag-santodomingodesilos"},"views":21,"_links":{"self":[{"href":"https:\/\/www.burgosdeporte.com\/index.php?rest_route=\/wp\/v2\/posts\/142299","targetHints":{"allow":["GET"]}}],"collection":[{"href":"https:\/\/www.burgosdeporte.com\/index.php?rest_route=\/wp\/v2\/posts"}],"about":[{"href":"https:\/\/www.burgosdeporte.com\/index.php?rest_route=\/wp\/v2\/types\/post"}],"author":[{"embeddable":true,"href":"https:\/\/www.burgosdeporte.com\/index.php?rest_route=\/wp\/v2\/users\/10"}],"replies":[{"embeddable":true,"href":"https:\/\/www.burgosdeporte.com\/index.php?rest_route=%2Fwp%2Fv2%2Fcomments&post=142299"}],"version-history":[{"count":3,"href":"https:\/\/www.burgosdeporte.com\/index.php?rest_route=\/wp\/v2\/posts\/142299\/revisions"}],"predecessor-version":[{"id":142308,"href":"https:\/\/www.burgosdeporte.com\/index.php?rest_route=\/wp\/v2\/posts\/142299\/revisions\/142308"}],"wp:featuredmedia":[{"embeddable":true,"href":"https:\/\/www.burgosdeporte.com\/index.php?rest_route=\/wp\/v2\/media\/142304"}],"wp:attachment":[{"href":"https:\/\/www.burgosdeporte.com\/index.php?rest_route=%2Fwp%2Fv2%2Fmedia&parent=142299"}],"wp:term":[{"taxonomy":"category","embeddable":true,"href":"https:\/\/www.burgosdeporte.com\/index.php?rest_route=%2Fwp%2Fv2%2Fcategories&post=142299"},{"taxonomy":"post_tag","embeddable":true,"href":"https:\/\/www.burgosdeporte.com\/index.php?rest_route=%2Fwp%2Fv2%2Ftags&post=142299"}],"curies":[{"name":"wp","href":"https:\/\/api.w.org\/{rel}","templated":true}]}}