{"id":142295,"date":"2025-07-27T01:23:25","date_gmt":"2025-07-26T23:23:25","guid":{"rendered":"https:\/\/www.burgosdeporte.com\/?p=142295"},"modified":"2025-07-27T19:51:28","modified_gmt":"2025-07-27T17:51:28","slug":"sara-martin-afronta-su-segundo-tour-de-francia","status":"publish","type":"post","link":"https:\/\/www.burgosdeporte.com\/?p=142295","title":{"rendered":"Sara Mart\u00edn afronta su segundo Tour de Francia"},"content":{"rendered":"\n<h2 class=\"wp-block-heading\">La campeona de Espa\u00f1a lucir\u00e1 su maillot con las Movistar en la IV \u2018Grande Boucle\u2019. La presente edici\u00f3n que recorre hasta el pr\u00f3ximo 3 de agosto un total 1.165 kil\u00f3metros en nueve etapas, desde La Breta\u00f1a hasta Los Alpes con tres grandes hitos de monta\u00f1a que decidir\u00e1n la ganador final de la ronda gala.<\/h2>\n\n\n<div class=\"wp-block-image\">\n<figure class=\"aligncenter size-large is-resized\"><img loading=\"lazy\" decoding=\"async\" width=\"819\" height=\"1024\" src=\"https:\/\/www.burgosdeporte.com\/wp-content\/uploads\/2025\/04\/RRSS_CARRUSEL1-INSTAGRAM-1080X1350-819x1024.png\" alt=\"\" class=\"wp-image-137712\" style=\"width:282px;height:auto\" srcset=\"https:\/\/www.burgosdeporte.com\/wp-content\/uploads\/2025\/04\/RRSS_CARRUSEL1-INSTAGRAM-1080X1350-819x1024.png 819w, https:\/\/www.burgosdeporte.com\/wp-content\/uploads\/2025\/04\/RRSS_CARRUSEL1-INSTAGRAM-1080X1350-240x300.png 240w, https:\/\/www.burgosdeporte.com\/wp-content\/uploads\/2025\/04\/RRSS_CARRUSEL1-INSTAGRAM-1080X1350-768x960.png 768w, https:\/\/www.burgosdeporte.com\/wp-content\/uploads\/2025\/04\/RRSS_CARRUSEL1-INSTAGRAM-1080X1350-150x188.png 150w, https:\/\/www.burgosdeporte.com\/wp-content\/uploads\/2025\/04\/RRSS_CARRUSEL1-INSTAGRAM-1080X1350-300x375.png 300w, https:\/\/www.burgosdeporte.com\/wp-content\/uploads\/2025\/04\/RRSS_CARRUSEL1-INSTAGRAM-1080X1350-696x870.png 696w, https:\/\/www.burgosdeporte.com\/wp-content\/uploads\/2025\/04\/RRSS_CARRUSEL1-INSTAGRAM-1080X1350-1068x1335.png 1068w, https:\/\/www.burgosdeporte.com\/wp-content\/uploads\/2025\/04\/RRSS_CARRUSEL1-INSTAGRAM-1080X1350.png 1080w\" sizes=\"auto, (max-width: 819px) 100vw, 819px\" \/><\/figure>\n<\/div>\n\n\n<p>Sara Mart\u00edn<strong>\u00a0<\/strong>disputa desde este s\u00e1bado su segundo Tour de Francia. La campeona de Espa\u00f1a lucir\u00e1 su maillot nacional de Movistar por tierras galas junto a la escuadra telef\u00f3nica liderada por\u00a0Marlene Reusser. Las telef\u00f3nicas ambicionan de nuevo grandes resultados como el\u00a0reciente segundo puesto de la suiza en el Giro de Italia. <\/p>\n\n\n\n<p>La\u00a0IV edici\u00f3n de la Grande Boucle contar\u00e1 con 9 etapas\u00a0desde La Breta\u00f1a hasta Los Alpes. Un total de\u00a01.165 kil\u00f3metros\u00a0en los que las tres etapas de monta\u00f1a finales -una de ellas con final en el Col de la Madeleine- ser\u00e1n decisivas para conocer a la vencedora final.<\/p>\n\n\n<div class=\"wp-block-image\">\n<figure class=\"aligncenter size-full is-resized\"><img loading=\"lazy\" decoding=\"async\" width=\"800\" height=\"927\" src=\"https:\/\/www.burgosdeporte.com\/wp-content\/uploads\/2025\/07\/sara-tour.jpg\" alt=\"\" class=\"wp-image-142296\" style=\"width:561px;height:auto\" srcset=\"https:\/\/www.burgosdeporte.com\/wp-content\/uploads\/2025\/07\/sara-tour.jpg 800w, https:\/\/www.burgosdeporte.com\/wp-content\/uploads\/2025\/07\/sara-tour-259x300.jpg 259w, https:\/\/www.burgosdeporte.com\/wp-content\/uploads\/2025\/07\/sara-tour-768x890.jpg 768w, https:\/\/www.burgosdeporte.com\/wp-content\/uploads\/2025\/07\/sara-tour-150x174.jpg 150w, https:\/\/www.burgosdeporte.com\/wp-content\/uploads\/2025\/07\/sara-tour-300x348.jpg 300w, https:\/\/www.burgosdeporte.com\/wp-content\/uploads\/2025\/07\/sara-tour-696x806.jpg 696w\" sizes=\"auto, (max-width: 800px) 100vw, 800px\" \/><\/figure>\n<\/div>\n\n\n<p>Movistar disputar\u00e1 la prueba gala con siete corredoras. M\u00e1s all\u00e1 de Reusser y Mart\u00edn, las azulonas suman a la alemana\u00a0Liane Lippert, la holandesa\u00a0Mareille Meijering, la brasile\u00f1a\u00a0Tota Magalhaes, la campeona serbia\u00a0Jelena Eric\u00a0y la francesa\u00a0Aude Biannic.<\/p>\n\n\n\n<h3 class=\"wp-block-heading\"><strong>Del noreste al sureste de Francia<\/strong><\/h3>\n\n\n\n<p>El recorrido de nueve etapas sale de la zona de\u00a0Breta\u00f1a, concretamente desde\u00a0Vannes\u00a0con final en Plumelec (78,8 kil\u00f3metros) para vestir a la primera maillot amarillo de la ronda.<\/p>\n\n\n\n<p>La carrera transitar\u00e1\u00a0del noroeste al sureste del pa\u00eds\u00a0hasta llegar a Los Alpes. Las siguiente etapas mezclar\u00e1n terrenos repecheros\u00a0-2\u00aa y 5\u00aa etapas- y\u00a0recorridos totalmente llanos\u00a0-3\u00aa y 4\u00aa etapa-. As\u00ed llegar\u00e1n las cuatro etapas en las que no habr\u00e1 descanso y donde aparecer\u00e1 la\u00a0Alta Monta\u00f1a.<\/p>\n\n\n\n<p>La\u00a06\u00aa etapa con final en Ambert\u00a0contar\u00e1 con cuatro puertos destacando el Col du Beal (1\u00aa categor\u00eda) La siguiente jornada ofrecer\u00e1 algo de descanso a las corredoras con la llegada a Chamb\u00e9ry y tres puertos -el m\u00e1s exigente de 2\u00aa categor\u00eda-.\u00a0Las dos \u00faltimas etapas encender\u00e1n la traca final.<\/p>\n\n\n\n<p>La 8\u00aa etapa ser\u00e1 la gran etapa de este Tour con final en el\u00a0Col de la Madeleine\u00a0(HC) tras 111 kil\u00f3metros con un paso de 1\u00aa y otro de 2\u00aa categor\u00eda antes del coloso alpino. La ronda gala cerrar\u00e1 su IV edici\u00f3n con otra jornada\u00a0-9\u00aa etapa\u2013 de alta monta\u00f1a con final en\u00a0Ch\u00e2tel\u00a0y tres puertos de monta\u00f1a -dos de 1\u00aa categor\u00eda- con el\u00a0Col de la Jeux Plane\u00a0(HC) como gran aliciente de la etapa en la mitad del recorrido.<\/p>\n\n\n\n<h3 class=\"wp-block-heading\"><strong>Las grandes favoritas al triunfo<\/strong><\/h3>\n\n\n\n<p>Por otro lado, cabe destacar los nombres m\u00e1s representativos de esta IV edici\u00f3n y las mujeres que, a priori, estar\u00e1n en disposici\u00f3n de alzarse con la victoria final.<\/p>\n\n\n\n<p>M\u00e1s all\u00e1 de lo que puedan hacer los Movistar con Marlen Reusser, destacan la holandesa Demi Vollering (FDJ-SUEZ) o la vigente campeona la polaca\u00a0Katarzyna Niewiadoma\u00a0(Canyon SRAM).<\/p>\n\n\n\n<p><\/p>\n\n\n\n<p><\/p>\n","protected":false},"excerpt":{"rendered":"<p>La campeona de Espa\u00f1a lucir\u00e1 su maillot con las Movistar en la IV \u2018Grande Boucle\u2019. La presente edici\u00f3n que recorre hasta el pr\u00f3ximo 3 de agosto un total 1.165 kil\u00f3metros en nueve etapas, desde La Breta\u00f1a hasta Los Alpes con tres grandes hitos de monta\u00f1a que decidir\u00e1n la ganador final de la ronda gala. Sara [&hellip;]<\/p>\n","protected":false},"author":24,"featured_media":142297,"comment_status":"closed","ping_status":"closed","sticky":false,"template":"","format":"standard","meta":{"_monsterinsights_skip_tracking":false,"_monsterinsights_sitenote_active":false,"_monsterinsights_sitenote_note":"","_monsterinsights_sitenote_category":0,"footnotes":""},"categories":[63],"tags":[1553,1826,2497,2108,1657],"class_list":{"0":"post-142295","1":"post","2":"type-post","3":"status-publish","4":"format-standard","5":"has-post-thumbnail","7":"category-ciclismo","8":"tag-actualidad-2","9":"tag-duerodeporte","10":"tag-movistarteam","11":"tag-saramartin-2","12":"tag-tourdefrancia"},"views":15,"_links":{"self":[{"href":"https:\/\/www.burgosdeporte.com\/index.php?rest_route=\/wp\/v2\/posts\/142295","targetHints":{"allow":["GET"]}}],"collection":[{"href":"https:\/\/www.burgosdeporte.com\/index.php?rest_route=\/wp\/v2\/posts"}],"about":[{"href":"https:\/\/www.burgosdeporte.com\/index.php?rest_route=\/wp\/v2\/types\/post"}],"author":[{"embeddable":true,"href":"https:\/\/www.burgosdeporte.com\/index.php?rest_route=\/wp\/v2\/users\/24"}],"replies":[{"embeddable":true,"href":"https:\/\/www.burgosdeporte.com\/index.php?rest_route=%2Fwp%2Fv2%2Fcomments&post=142295"}],"version-history":[{"count":1,"href":"https:\/\/www.burgosdeporte.com\/index.php?rest_route=\/wp\/v2\/posts\/142295\/revisions"}],"predecessor-version":[{"id":142298,"href":"https:\/\/www.burgosdeporte.com\/index.php?rest_route=\/wp\/v2\/posts\/142295\/revisions\/142298"}],"wp:featuredmedia":[{"embeddable":true,"href":"https:\/\/www.burgosdeporte.com\/index.php?rest_route=\/wp\/v2\/media\/142297"}],"wp:attachment":[{"href":"https:\/\/www.burgosdeporte.com\/index.php?rest_route=%2Fwp%2Fv2%2Fmedia&parent=142295"}],"wp:term":[{"taxonomy":"category","embeddable":true,"href":"https:\/\/www.burgosdeporte.com\/index.php?rest_route=%2Fwp%2Fv2%2Fcategories&post=142295"},{"taxonomy":"post_tag","embeddable":true,"href":"https:\/\/www.burgosdeporte.com\/index.php?rest_route=%2Fwp%2Fv2%2Ftags&post=142295"}],"curies":[{"name":"wp","href":"https:\/\/api.w.org\/{rel}","templated":true}]}}