{"id":142281,"date":"2025-07-27T03:36:41","date_gmt":"2025-07-27T01:36:41","guid":{"rendered":"https:\/\/www.burgosdeporte.com\/?p=142281"},"modified":"2025-07-28T16:05:08","modified_gmt":"2025-07-28T14:05:08","slug":"2-0-prueba-positiva","status":"publish","type":"post","link":"https:\/\/www.burgosdeporte.com\/?p=142281","title":{"rendered":"2-0 Prueba positiva"},"content":{"rendered":"\n<h2 class=\"wp-block-heading\">Dos destellos de I\u00f1igo C\u00f3rdoba decidieron un partido igualado ante el Barakaldo que el Burgos desequilibr\u00f3 en la recta final.<\/h2>\n\n\n<div class=\"wp-block-image\">\n<figure class=\"aligncenter size-full\"><img loading=\"lazy\" decoding=\"async\" width=\"298\" height=\"84\" src=\"https:\/\/www.burgosdeporte.com\/wp-content\/uploads\/2023\/09\/ETTMiguel.jpg\" alt=\"\" class=\"wp-image-107990\" srcset=\"https:\/\/www.burgosdeporte.com\/wp-content\/uploads\/2023\/09\/ETTMiguel.jpg 298w, https:\/\/www.burgosdeporte.com\/wp-content\/uploads\/2023\/09\/ETTMiguel-150x42.jpg 150w\" sizes=\"auto, (max-width: 298px) 100vw, 298px\" \/><\/figure>\n<\/div>\n\n\n<p>Una jugada individual de \u00cd\u00f1igo C\u00f3rdoba en el 83 de partido y otra en el 89 a pase de Gabriel Bar\u00e8s fueron suficientes para que el Burgos CF venciera al Barakaldo en el XII Trofeo Ciudad de Medina de Pomar en el primer ensayo de pretemporada para los blanquinegros.<\/p>\n\n\n\n<figure class=\"wp-block-image size-large\"><img loading=\"lazy\" decoding=\"async\" width=\"1024\" height=\"640\" src=\"https:\/\/www.burgosdeporte.com\/wp-content\/uploads\/2025\/07\/medina-8-1024x640.jpg\" alt=\"\" class=\"wp-image-142282\" srcset=\"https:\/\/www.burgosdeporte.com\/wp-content\/uploads\/2025\/07\/medina-8-1024x640.jpg 1024w, https:\/\/www.burgosdeporte.com\/wp-content\/uploads\/2025\/07\/medina-8-300x188.jpg 300w, https:\/\/www.burgosdeporte.com\/wp-content\/uploads\/2025\/07\/medina-8-768x480.jpg 768w, https:\/\/www.burgosdeporte.com\/wp-content\/uploads\/2025\/07\/medina-8-150x94.jpg 150w, https:\/\/www.burgosdeporte.com\/wp-content\/uploads\/2025\/07\/medina-8-696x435.jpg 696w, https:\/\/www.burgosdeporte.com\/wp-content\/uploads\/2025\/07\/medina-8-1068x668.jpg 1068w, https:\/\/www.burgosdeporte.com\/wp-content\/uploads\/2025\/07\/medina-8.jpg 1108w\" sizes=\"auto, (max-width: 1024px) 100vw, 1024px\" \/><figcaption class=\"wp-element-caption\">Formaci\u00f3n iniicial del Burgos en Medina de Pomar ante el Barakaldo. .- Foto Burgos CF<\/figcaption><\/figure>\n\n\n\n<p>En los primeros 45 minutos se vio a dos equipos que se emplearon a fondo en lo f\u00edsico, pero con muy pocos acercamientos con peligro a las dos \u00e1reas. Los primeros en acercarse a la porter\u00eda de Cantero fueron los vizca\u00ednos, en el minuto 20. Una penetraci\u00f3n de Huete hizo que C\u00f3rdoba se tuviera que esforzar para evitar el centro al coraz\u00f3n de \u00e1rea y as\u00ed abort\u00f3 una clara ocasi\u00f3n del Barakaldo.<\/p>\n\n\n\n<figure class=\"wp-block-image size-full\"><img loading=\"lazy\" decoding=\"async\" width=\"900\" height=\"626\" src=\"https:\/\/www.burgosdeporte.com\/wp-content\/uploads\/2025\/07\/medina-4.jpg\" alt=\"\" class=\"wp-image-142286\" srcset=\"https:\/\/www.burgosdeporte.com\/wp-content\/uploads\/2025\/07\/medina-4.jpg 900w, https:\/\/www.burgosdeporte.com\/wp-content\/uploads\/2025\/07\/medina-4-300x209.jpg 300w, https:\/\/www.burgosdeporte.com\/wp-content\/uploads\/2025\/07\/medina-4-768x534.jpg 768w, https:\/\/www.burgosdeporte.com\/wp-content\/uploads\/2025\/07\/medina-4-150x104.jpg 150w, https:\/\/www.burgosdeporte.com\/wp-content\/uploads\/2025\/07\/medina-4-696x484.jpg 696w, https:\/\/www.burgosdeporte.com\/wp-content\/uploads\/2025\/07\/medina-4-100x70.jpg 100w\" sizes=\"auto, (max-width: 900px) 100vw, 900px\" \/><figcaption class=\"wp-element-caption\">Foto: Burgos CF <\/figcaption><\/figure>\n\n\n\n<p>Quien tuvo la ocasi\u00f3n m\u00e1s clara fue David Gonz\u00e1lez para el Burgos CF cuando en el minuto 21 aprovech\u00f3 la pantalla que le hizo Atienza a uno de los medios del Barakaldo para iniciar una cabalgada por la derecha y ante la posibilidad de centrar o tirar a puerta eligi\u00f3 el centro para la entrada de Fer Ni\u00f1o, desaprovechando la ocasi\u00f3n<\/p>\n\n\n\n<p>En el minuto 40, Fer Ni\u00f1o tuvo la m\u00e1s clara del partido; el delantero aprovech\u00f3 un pase filtrado de Appin para tirar sobre la porter\u00eda de Ibon Ispizua, que rechaz\u00f3 la pelota a c\u00f3rner. El saque de esquina lo remat\u00f3 Sa\u00fal del Cerro sin fortuna.<\/p>\n\n\n\n<figure class=\"wp-block-image size-full\"><img loading=\"lazy\" decoding=\"async\" width=\"900\" height=\"636\" src=\"https:\/\/www.burgosdeporte.com\/wp-content\/uploads\/2025\/07\/medina-3.jpg\" alt=\"\" class=\"wp-image-142287\" srcset=\"https:\/\/www.burgosdeporte.com\/wp-content\/uploads\/2025\/07\/medina-3.jpg 900w, https:\/\/www.burgosdeporte.com\/wp-content\/uploads\/2025\/07\/medina-3-300x212.jpg 300w, https:\/\/www.burgosdeporte.com\/wp-content\/uploads\/2025\/07\/medina-3-768x543.jpg 768w, https:\/\/www.burgosdeporte.com\/wp-content\/uploads\/2025\/07\/medina-3-150x106.jpg 150w, https:\/\/www.burgosdeporte.com\/wp-content\/uploads\/2025\/07\/medina-3-696x492.jpg 696w, https:\/\/www.burgosdeporte.com\/wp-content\/uploads\/2025\/07\/medina-3-100x70.jpg 100w\" sizes=\"auto, (max-width: 900px) 100vw, 900px\" \/><figcaption class=\"wp-element-caption\">Aitor C\u00f3rdoba fue el autor de los dos goles.- Foto: Burgos CF<\/figcaption><\/figure>\n\n\n\n<p>En la segunda parte, Ramis introdujo nueve cambios de salida. S\u00f3lo repitieron el portero Ander Cantero y Sa\u00fal del Cerro, que en el 64 de partido dejaron su puesto a Marc Monedero y Bar\u00e8s. En la reanudaci\u00f3n fue mejor el equipo del Barakaldo que, mucho m\u00e1s atrevido que en el primer tiempo, puso cerco a la meta blanquinegra.<\/p>\n\n\n\n<figure class=\"wp-block-image size-full\"><img loading=\"lazy\" decoding=\"async\" width=\"1000\" height=\"679\" src=\"https:\/\/www.burgosdeporte.com\/wp-content\/uploads\/2025\/07\/medina-7.jpg\" alt=\"\" class=\"wp-image-142283\" srcset=\"https:\/\/www.burgosdeporte.com\/wp-content\/uploads\/2025\/07\/medina-7.jpg 1000w, https:\/\/www.burgosdeporte.com\/wp-content\/uploads\/2025\/07\/medina-7-300x204.jpg 300w, https:\/\/www.burgosdeporte.com\/wp-content\/uploads\/2025\/07\/medina-7-768x521.jpg 768w, https:\/\/www.burgosdeporte.com\/wp-content\/uploads\/2025\/07\/medina-7-150x102.jpg 150w, https:\/\/www.burgosdeporte.com\/wp-content\/uploads\/2025\/07\/medina-7-696x473.jpg 696w\" sizes=\"auto, (max-width: 1000px) 100vw, 1000px\" \/><figcaption class=\"wp-element-caption\">Foto: Burgos CF<\/figcaption><\/figure>\n\n\n\n<p>\u00c1lex Vali\u00f1o, que hab\u00eda salido en la segunda parte, tuvo dos ocasiones muy claras. La primera a los 30 segundos de la reanudaci\u00f3n. Cantero tuvo que sacar una mano prodigiosa a un remate del ariete gualdinegro desde el \u00e1rea peque\u00f1a. La segunda en el minuto 61, cuando remat\u00f3 al travesa\u00f1o de la meta de Ander Cantero.<\/p>\n\n\n\n<figure class=\"wp-block-image size-full\"><img loading=\"lazy\" decoding=\"async\" width=\"900\" height=\"675\" src=\"https:\/\/www.burgosdeporte.com\/wp-content\/uploads\/2025\/07\/medina-6.jpg\" alt=\"\" class=\"wp-image-142284\" srcset=\"https:\/\/www.burgosdeporte.com\/wp-content\/uploads\/2025\/07\/medina-6.jpg 900w, https:\/\/www.burgosdeporte.com\/wp-content\/uploads\/2025\/07\/medina-6-300x225.jpg 300w, https:\/\/www.burgosdeporte.com\/wp-content\/uploads\/2025\/07\/medina-6-768x576.jpg 768w, https:\/\/www.burgosdeporte.com\/wp-content\/uploads\/2025\/07\/medina-6-150x113.jpg 150w, https:\/\/www.burgosdeporte.com\/wp-content\/uploads\/2025\/07\/medina-6-696x522.jpg 696w, https:\/\/www.burgosdeporte.com\/wp-content\/uploads\/2025\/07\/medina-6-265x198.jpg 265w\" sizes=\"auto, (max-width: 900px) 100vw, 900px\" \/><figcaption class=\"wp-element-caption\">Foto: Burgos CF<\/figcaption><\/figure>\n\n\n\n<p>El Burgos CF tambi\u00e9n tuvo dos ocasiones, una en las botas de Ethan y otra de Curro. Pero las mejores, y las que a la postre dieron el triunfo al Burgos, fueron las que tuvo \u00cd\u00f1igo C\u00f3rdoba en el tramo final del partido. En la primera, el vizca\u00edno demostr\u00f3 su calidad t\u00e9cnica para irse de hasta cuatro rivales, encarar al portero del Barakaldo y marcar el primero.<\/p>\n\n\n\n<p>El segundo tanto lleg\u00f3 solo seis minutos despu\u00e9s, cuando el peque\u00f1o de los hermanos C\u00f3rdoba aprovech\u00f3 un pase filtrado, al hueco, para encarar la porter\u00eda de Campos y hacer el segundo tanto.<\/p>\n\n\n\n<figure class=\"wp-block-image size-full\"><img loading=\"lazy\" decoding=\"async\" width=\"1000\" height=\"552\" src=\"https:\/\/www.burgosdeporte.com\/wp-content\/uploads\/2025\/07\/medina-1.jpg\" alt=\"\" class=\"wp-image-142288\" srcset=\"https:\/\/www.burgosdeporte.com\/wp-content\/uploads\/2025\/07\/medina-1.jpg 1000w, https:\/\/www.burgosdeporte.com\/wp-content\/uploads\/2025\/07\/medina-1-300x166.jpg 300w, https:\/\/www.burgosdeporte.com\/wp-content\/uploads\/2025\/07\/medina-1-768x424.jpg 768w, https:\/\/www.burgosdeporte.com\/wp-content\/uploads\/2025\/07\/medina-1-150x83.jpg 150w, https:\/\/www.burgosdeporte.com\/wp-content\/uploads\/2025\/07\/medina-1-696x384.jpg 696w\" sizes=\"auto, (max-width: 1000px) 100vw, 1000px\" \/><figcaption class=\"wp-element-caption\">Foto: Burgos CF<\/figcaption><\/figure>\n\n\n\n<p>El Burgos CF tendr\u00e1 el segundo ensayo este mi\u00e9rcoles en El Plant\u00edo ante la Cultural Leonesa a las 19.00 horas.<\/p>\n\n\n\n<p><strong>Ficha t\u00e9cnica:<\/strong><\/p>\n\n\n\n<p><strong>Burgos CF:<\/strong>&nbsp;Cantero (Monedero, 62&#8242;), Lizancos (Arroyo, 45&#8242;), A. C\u00f3rdoba (Grego, 45&#8242;), Del Cerro (Bar\u00e8s, 62&#8242;), Brais (Florian, 45&#8242;), Atienza (Marcelo, 45&#8242;), Appin (Morante, 45&#8242;), Chapela (I. C\u00f3rdoba, 45&#8242;), David (Ethan, 45; Ferm\u00edn, 70&#8242;), M. Cantero (Curro, 45&#8242;) y Fer Ni\u00f1o (Mej\u00eda, 45&#8242;).<\/p>\n\n\n\n<p><strong>Barakaldo CF<\/strong>: Ibon, Be\u00f1at, Borja, Unai, Julen, I\u00f1igo, Aitor, Haitz, V\u00edctor, Urtzi e Iker.&nbsp;<strong>(Banquillo):<\/strong>&nbsp;Dufur, Ekaitz, Pedernales, \u00c1lex, Asier, Gaizka, Iv\u00e1n, Oier, DeLe\u00f3n, \u00c1lex, Aitzol e Iker Frn\u00e1ndez.<\/p>\n\n\n\n<p><strong>Goles (2-0): 1-0<\/strong>&nbsp;I. C\u00f3rdoba, 82&#8242;;&nbsp;<strong>2-0<\/strong>&nbsp;I. C\u00f3rdoba, 89&#8242;.<\/p>\n\n\n\n<p><strong>Incidencias:<\/strong>&nbsp;Partido amistoso correspondiente al XII Trofeo Ciudad Medina de Pomar disputado ente el Burgos CF y el Barakaldo CF en el Campo Jes\u00fas Mar\u00eda Pereda ante m\u00e1s de 1.000 espectadores.<\/p>\n","protected":false},"excerpt":{"rendered":"<p>Dos destellos de I\u00f1igo C\u00f3rdoba decidieron un partido igualado ante el Barakaldo que el Burgos desequilibr\u00f3 en la recta final. Una jugada individual de \u00cd\u00f1igo C\u00f3rdoba en el 83 de partido y otra en el 89 a pase de Gabriel Bar\u00e8s fueron suficientes para que el Burgos CF venciera al Barakaldo en el XII Trofeo [&hellip;]<\/p>\n","protected":false},"author":21,"featured_media":142290,"comment_status":"closed","ping_status":"closed","sticky":false,"template":"","format":"standard","meta":{"_monsterinsights_skip_tracking":false,"_monsterinsights_sitenote_active":false,"_monsterinsights_sitenote_note":"","_monsterinsights_sitenote_category":0,"footnotes":""},"categories":[4],"tags":[1553,2080,29,388,646],"class_list":{"0":"post-142281","1":"post","2":"type-post","3":"status-publish","4":"format-standard","5":"has-post-thumbnail","7":"category-futbol","8":"tag-actualidad-2","9":"tag-barakaldo","10":"tag-burgoscf","11":"tag-medinadepomar","12":"tag-pretemporada"},"views":134,"_links":{"self":[{"href":"https:\/\/www.burgosdeporte.com\/index.php?rest_route=\/wp\/v2\/posts\/142281","targetHints":{"allow":["GET"]}}],"collection":[{"href":"https:\/\/www.burgosdeporte.com\/index.php?rest_route=\/wp\/v2\/posts"}],"about":[{"href":"https:\/\/www.burgosdeporte.com\/index.php?rest_route=\/wp\/v2\/types\/post"}],"author":[{"embeddable":true,"href":"https:\/\/www.burgosdeporte.com\/index.php?rest_route=\/wp\/v2\/users\/21"}],"replies":[{"embeddable":true,"href":"https:\/\/www.burgosdeporte.com\/index.php?rest_route=%2Fwp%2Fv2%2Fcomments&post=142281"}],"version-history":[{"count":2,"href":"https:\/\/www.burgosdeporte.com\/index.php?rest_route=\/wp\/v2\/posts\/142281\/revisions"}],"predecessor-version":[{"id":142294,"href":"https:\/\/www.burgosdeporte.com\/index.php?rest_route=\/wp\/v2\/posts\/142281\/revisions\/142294"}],"wp:featuredmedia":[{"embeddable":true,"href":"https:\/\/www.burgosdeporte.com\/index.php?rest_route=\/wp\/v2\/media\/142290"}],"wp:attachment":[{"href":"https:\/\/www.burgosdeporte.com\/index.php?rest_route=%2Fwp%2Fv2%2Fmedia&parent=142281"}],"wp:term":[{"taxonomy":"category","embeddable":true,"href":"https:\/\/www.burgosdeporte.com\/index.php?rest_route=%2Fwp%2Fv2%2Fcategories&post=142281"},{"taxonomy":"post_tag","embeddable":true,"href":"https:\/\/www.burgosdeporte.com\/index.php?rest_route=%2Fwp%2Fv2%2Ftags&post=142281"}],"curies":[{"name":"wp","href":"https:\/\/api.w.org\/{rel}","templated":true}]}}