{"id":142275,"date":"2025-07-26T13:53:04","date_gmt":"2025-07-26T11:53:04","guid":{"rendered":"https:\/\/www.burgosdeporte.com\/?p=142275"},"modified":"2025-07-27T18:42:47","modified_gmt":"2025-07-27T16:42:47","slug":"habra-pantalla-en-la-plaza-mayor-de-burgos-para-ver-la-final-femenina-espana-inglaterra","status":"publish","type":"post","link":"https:\/\/www.burgosdeporte.com\/?p=142275","title":{"rendered":"Habr\u00e1 pantalla en la Plaza Mayor de Burgos para ver la final femenina Espa\u00f1a-Inglaterra"},"content":{"rendered":"\n<h2 class=\"wp-block-heading\">La alcaldesa de Burgos, Cristina Ayala, anima a los burgaleses a acudir este domingo a apoyar a selecci\u00f3n espa\u00f1ola femenina en su primera final europea.<\/h2>\n\n\n<div class=\"wp-block-image\">\n<figure class=\"aligncenter size-full\"><img loading=\"lazy\" decoding=\"async\" width=\"235\" height=\"180\" src=\"https:\/\/www.burgosdeporte.com\/wp-content\/uploads\/2023\/09\/Ferroplas.gif\" alt=\"\" class=\"wp-image-107975\"\/><\/figure>\n<\/div>\n\n\n<p>El Ayuntamiento de Burgos colocar\u00e1 una pantalla gigante en la Plaza Mayor, este domingo, para seguir la final del europeo de f\u00fatbol, que enfrenta a la selecci\u00f3n espa\u00f1ola contra Inglaterra a partir de las 18.00 horas.<\/p>\n\n\n\n<p>Lo confirm\u00f3 la alcaldesa de la ciudad, Cristina Ayala, quien asegur\u00f3 que Burgos&nbsp;quiere apoyar a \u00abnuestras chicas del f\u00fatbol\u00bb que han pasado a la final del europeo por primera vez en su historia. Ayala quiere dar trascendencia y \u00abla importancia a esta haza\u00f1a que no se hab\u00eda conseguido nunca\u00bb.<\/p>\n\n\n\n<p>Como ya ha hecho el Ayuntamiento de Burgos en otras finales del equipo nacional tanto femenino como masculino, los burgaleses y for\u00e1neos que quieran podr\u00e1n animar a la Selecci\u00f3n de Montse Tom\u00e9 desde el coraz\u00f3n de Burgos.<\/p>\n","protected":false},"excerpt":{"rendered":"<p>La alcaldesa de Burgos, Cristina Ayala, anima a los burgaleses a acudir este domingo a apoyar a selecci\u00f3n espa\u00f1ola femenina en su primera final europea. El Ayuntamiento de Burgos colocar\u00e1 una pantalla gigante en la Plaza Mayor, este domingo, para seguir la final del europeo de f\u00fatbol, que enfrenta a la selecci\u00f3n espa\u00f1ola contra Inglaterra [&hellip;]<\/p>\n","protected":false},"author":21,"featured_media":142276,"comment_status":"closed","ping_status":"closed","sticky":false,"template":"","format":"standard","meta":{"_monsterinsights_skip_tracking":false,"_monsterinsights_sitenote_active":false,"_monsterinsights_sitenote_note":"","_monsterinsights_sitenote_category":0,"footnotes":""},"categories":[4],"tags":[217,1865],"class_list":{"0":"post-142275","1":"post","2":"type-post","3":"status-publish","4":"format-standard","5":"has-post-thumbnail","7":"category-futbol","9":"tag-seleccionespanolafemenina"},"views":30,"_links":{"self":[{"href":"https:\/\/www.burgosdeporte.com\/index.php?rest_route=\/wp\/v2\/posts\/142275","targetHints":{"allow":["GET"]}}],"collection":[{"href":"https:\/\/www.burgosdeporte.com\/index.php?rest_route=\/wp\/v2\/posts"}],"about":[{"href":"https:\/\/www.burgosdeporte.com\/index.php?rest_route=\/wp\/v2\/types\/post"}],"author":[{"embeddable":true,"href":"https:\/\/www.burgosdeporte.com\/index.php?rest_route=\/wp\/v2\/users\/21"}],"replies":[{"embeddable":true,"href":"https:\/\/www.burgosdeporte.com\/index.php?rest_route=%2Fwp%2Fv2%2Fcomments&post=142275"}],"version-history":[{"count":2,"href":"https:\/\/www.burgosdeporte.com\/index.php?rest_route=\/wp\/v2\/posts\/142275\/revisions"}],"predecessor-version":[{"id":142278,"href":"https:\/\/www.burgosdeporte.com\/index.php?rest_route=\/wp\/v2\/posts\/142275\/revisions\/142278"}],"wp:featuredmedia":[{"embeddable":true,"href":"https:\/\/www.burgosdeporte.com\/index.php?rest_route=\/wp\/v2\/media\/142276"}],"wp:attachment":[{"href":"https:\/\/www.burgosdeporte.com\/index.php?rest_route=%2Fwp%2Fv2%2Fmedia&parent=142275"}],"wp:term":[{"taxonomy":"category","embeddable":true,"href":"https:\/\/www.burgosdeporte.com\/index.php?rest_route=%2Fwp%2Fv2%2Fcategories&post=142275"},{"taxonomy":"post_tag","embeddable":true,"href":"https:\/\/www.burgosdeporte.com\/index.php?rest_route=%2Fwp%2Fv2%2Ftags&post=142275"}],"curies":[{"name":"wp","href":"https:\/\/api.w.org\/{rel}","templated":true}]}}