{"id":142257,"date":"2025-07-26T01:06:23","date_gmt":"2025-07-25T23:06:23","guid":{"rendered":"https:\/\/www.burgosdeporte.com\/?p=142257"},"modified":"2025-07-27T02:36:13","modified_gmt":"2025-07-27T00:36:13","slug":"gran-quinta-posicion-de-clement-alleno-en-la-clasica-de-ordizia","status":"publish","type":"post","link":"https:\/\/www.burgosdeporte.com\/?p=142257","title":{"rendered":"Gran quinta posici\u00f3n de Cl\u00e9ment Alleno en la Cl\u00e1sica de Ordizia"},"content":{"rendered":"\n<h2 class=\"wp-block-heading\">El franc\u00e9s del Burgos Burpellet BH demostr\u00f3 que atraviesa en un gran estado de forma desplegando su velocidad en el sprint final de la prueba guipuzcoana<\/h2>\n\n\n<div class=\"wp-block-image\">\n<figure class=\"aligncenter size-large is-resized\"><img loading=\"lazy\" decoding=\"async\" width=\"819\" height=\"1024\" src=\"https:\/\/www.burgosdeporte.com\/wp-content\/uploads\/2025\/04\/RRSS_CARRUSEL1-INSTAGRAM-1080X1350-819x1024.png\" alt=\"\" class=\"wp-image-137712\" style=\"width:268px;height:auto\" srcset=\"https:\/\/www.burgosdeporte.com\/wp-content\/uploads\/2025\/04\/RRSS_CARRUSEL1-INSTAGRAM-1080X1350-819x1024.png 819w, https:\/\/www.burgosdeporte.com\/wp-content\/uploads\/2025\/04\/RRSS_CARRUSEL1-INSTAGRAM-1080X1350-240x300.png 240w, https:\/\/www.burgosdeporte.com\/wp-content\/uploads\/2025\/04\/RRSS_CARRUSEL1-INSTAGRAM-1080X1350-768x960.png 768w, https:\/\/www.burgosdeporte.com\/wp-content\/uploads\/2025\/04\/RRSS_CARRUSEL1-INSTAGRAM-1080X1350-150x188.png 150w, https:\/\/www.burgosdeporte.com\/wp-content\/uploads\/2025\/04\/RRSS_CARRUSEL1-INSTAGRAM-1080X1350-300x375.png 300w, https:\/\/www.burgosdeporte.com\/wp-content\/uploads\/2025\/04\/RRSS_CARRUSEL1-INSTAGRAM-1080X1350-696x870.png 696w, https:\/\/www.burgosdeporte.com\/wp-content\/uploads\/2025\/04\/RRSS_CARRUSEL1-INSTAGRAM-1080X1350-1068x1335.png 1068w, https:\/\/www.burgosdeporte.com\/wp-content\/uploads\/2025\/04\/RRSS_CARRUSEL1-INSTAGRAM-1080X1350.png 1080w\" sizes=\"auto, (max-width: 819px) 100vw, 819px\" \/><\/figure>\n<\/div>\n\n\n<p>El Burgos Burpellet BH se qued\u00f3 cerca de subir al podio en la Prueba Villafranca-Ordiziako Klasikoa gracias a un Cl\u00e9ment Alleno que atraviesa su mejor estado de forma de la temporada. El franc\u00e9s logr\u00f3 la quinta posici\u00f3n en la llegada al sprint en Ordizia, tras aguantar con los m\u00e1s fuertes en el \u00faltimo ascenso al Alto de Abaltzisketa. Su mejor resultado como morado, que confirma las buenas sensaciones que ya le permitieron ser octavo hace dos semanas en el Tour of Magnificent Qinghai y 12\u00ba este pasado lunes en la Cl\u00e0ssica Terres de l\u2019Ebre. Un rendimiento que espera mantener este domingo en la Cl\u00e1sica Castilla y Le\u00f3n, en otro final que podr\u00eda adaptarse a sus caracter\u00edsticas.<\/p>\n\n\n\n<p>Los ciclistas del equipo burgal\u00e9s buscaron sus opciones en el desenlace al sprint, ya que la subida a Abaltzisketa no acab\u00f3 de romper la carrera, aunque s\u00ed redujo mucho el grupo de favoritos. Las cinco vueltas al circuito fueron acumulando fatiga en las piernas de los corredores y Eric Fag\u00fandez se mostr\u00f3 atento en los primeros ataques en el ecuador de la carrera, cuando era neutralizada la fuga inicial. La \u00fanica nota negativa del inicio de la prueba era la ca\u00edda de Merhawi Kudus en la primera de las vueltas. El eritreo se ve\u00eda obligado a abandonar con un golpe en la cabeza y la cadera.<\/p>\n\n\n\n<figure class=\"wp-block-image size-large\"><img loading=\"lazy\" decoding=\"async\" width=\"1024\" height=\"682\" src=\"https:\/\/www.burgosdeporte.com\/wp-content\/uploads\/2025\/07\/14ac3362-46a9-55f3-9bd7-a7254f33ea60-1024x682.jpg\" alt=\"\" class=\"wp-image-142259\" srcset=\"https:\/\/www.burgosdeporte.com\/wp-content\/uploads\/2025\/07\/14ac3362-46a9-55f3-9bd7-a7254f33ea60-1024x682.jpg 1024w, https:\/\/www.burgosdeporte.com\/wp-content\/uploads\/2025\/07\/14ac3362-46a9-55f3-9bd7-a7254f33ea60-300x200.jpg 300w, https:\/\/www.burgosdeporte.com\/wp-content\/uploads\/2025\/07\/14ac3362-46a9-55f3-9bd7-a7254f33ea60-768x512.jpg 768w, https:\/\/www.burgosdeporte.com\/wp-content\/uploads\/2025\/07\/14ac3362-46a9-55f3-9bd7-a7254f33ea60-1536x1024.jpg 1536w, https:\/\/www.burgosdeporte.com\/wp-content\/uploads\/2025\/07\/14ac3362-46a9-55f3-9bd7-a7254f33ea60-150x100.jpg 150w, https:\/\/www.burgosdeporte.com\/wp-content\/uploads\/2025\/07\/14ac3362-46a9-55f3-9bd7-a7254f33ea60-696x464.jpg 696w, https:\/\/www.burgosdeporte.com\/wp-content\/uploads\/2025\/07\/14ac3362-46a9-55f3-9bd7-a7254f33ea60-1068x712.jpg 1068w, https:\/\/www.burgosdeporte.com\/wp-content\/uploads\/2025\/07\/14ac3362-46a9-55f3-9bd7-a7254f33ea60-1920x1280.jpg 1920w, https:\/\/www.burgosdeporte.com\/wp-content\/uploads\/2025\/07\/14ac3362-46a9-55f3-9bd7-a7254f33ea60.jpg 2000w\" sizes=\"auto, (max-width: 1024px) 100vw, 1024px\" \/><figcaption class=\"wp-element-caption\">Vojtech Km\u00ednek, situando a sus compa\u00f1eros al frente del pelot\u00f3n. Foto: Miguel Ena \/ Sprint Cycling Agency<\/figcaption><\/figure>\n\n\n\n<p>En el cuarto ascenso, el pelot\u00f3n llegaba agrupado y Vojtech Km\u00ednek situaba en cabeza del grupo a sus compa\u00f1eros, peleando por la mejor posici\u00f3n frente a los otros equipos. La carrera comenz\u00f3 a decidirse en el \u00faltimo paso por Abaltzisketa, donde se march\u00f3 Del Toro (UAE) en solitario. Por detr\u00e1s qued\u00f3 abierta la pelea por el podio y Cl\u00e9ment Alleno realiz\u00f3 un gran sprint, remontando muchas posiciones en los metros finales, para acabar quinto clasificado. En el reducido grupo de favoritos tambi\u00e9n acababa Jos\u00e9 Luis Faura, en la 24\u00aa plaza.<\/p>\n\n\n\n<figure class=\"wp-block-image size-large\"><img loading=\"lazy\" decoding=\"async\" width=\"1024\" height=\"682\" src=\"https:\/\/www.burgosdeporte.com\/wp-content\/uploads\/2025\/07\/9299d536-b366-b1db-855b-975b6be97ef3-1024x682.jpg\" alt=\"\" class=\"wp-image-142258\" srcset=\"https:\/\/www.burgosdeporte.com\/wp-content\/uploads\/2025\/07\/9299d536-b366-b1db-855b-975b6be97ef3-1024x682.jpg 1024w, https:\/\/www.burgosdeporte.com\/wp-content\/uploads\/2025\/07\/9299d536-b366-b1db-855b-975b6be97ef3-300x200.jpg 300w, https:\/\/www.burgosdeporte.com\/wp-content\/uploads\/2025\/07\/9299d536-b366-b1db-855b-975b6be97ef3-768x512.jpg 768w, https:\/\/www.burgosdeporte.com\/wp-content\/uploads\/2025\/07\/9299d536-b366-b1db-855b-975b6be97ef3-1536x1024.jpg 1536w, https:\/\/www.burgosdeporte.com\/wp-content\/uploads\/2025\/07\/9299d536-b366-b1db-855b-975b6be97ef3-150x100.jpg 150w, https:\/\/www.burgosdeporte.com\/wp-content\/uploads\/2025\/07\/9299d536-b366-b1db-855b-975b6be97ef3-696x464.jpg 696w, https:\/\/www.burgosdeporte.com\/wp-content\/uploads\/2025\/07\/9299d536-b366-b1db-855b-975b6be97ef3-1068x712.jpg 1068w, https:\/\/www.burgosdeporte.com\/wp-content\/uploads\/2025\/07\/9299d536-b366-b1db-855b-975b6be97ef3-1920x1280.jpg 1920w, https:\/\/www.burgosdeporte.com\/wp-content\/uploads\/2025\/07\/9299d536-b366-b1db-855b-975b6be97ef3.jpg 2000w\" sizes=\"auto, (max-width: 1024px) 100vw, 1024px\" \/><figcaption class=\"wp-element-caption\">Jos\u00e9 Luis Faura tambi\u00e9n destac\u00f3 en la subida final. Foto: Miguel Ena \/ Sprint Cycling Agency<\/figcaption><\/figure>\n\n\n\n<p><em><strong>Alleno: \u00abEstoy muy contento con el quinto puesto\u00bb <\/strong><\/em><\/p>\n\n\n\n<p>Cl\u00e9ment Alleno manifest\u00f3 que: <em>\u201cLa carrera ha sido muy r\u00e1pida todo el d\u00eda. El circuito de este a\u00f1o me iba perfecto, ya que hab\u00eda un tramo llano hasta meta tras la bajada. En las primeras vueltas fuimos bien situados delante en el puerto. Tuve un peque\u00f1o error en la segunda vuelta, cuando se cort\u00f3 el grupo en el descenso, pero pude volver pronto al pelot\u00f3n. En cada subida tuvimos una buena posici\u00f3n gracias al trabajo de Vojtech y Josh. En la \u00faltima se fue r\u00e1pido y Jos\u00e9 Luis y yo aguantamos en el primer grupo. Cog\u00ed una buena posici\u00f3n en la bajada para no cortarme y disputar el sprint. Arranqu\u00e9 a 500 metros y lanc\u00e9 el sprint a tope en los \u00faltimos 200. Estoy contento con este quinto puesto. Creo que podr\u00eda haberlo hecho incluso mejor, pero el sprint fue corto. Tengo buenas piernas y estoy contento con este resultado\u201d.<\/em><\/p>\n\n\n\n<p>Sobre su gran rendimiento en las \u00faltimas semanas, el franc\u00e9s lo relaciona con la concentraci\u00f3n realizada el pasado mes: <em>\u201cEn junio hice tres semanas de trabajo en altitud en Andorra como preparaci\u00f3n para Qinghai, donde tambi\u00e9n corrimos a mucha altitud. All\u00ed en China me encontr\u00e9 muy bien, con muy buenas piernas, y pude terminar octavo en la general. Al llegar a casa tuve pocos d\u00edas de descanso, pero recuper\u00e9 bien. Aprovech\u00e9 esas semanas en altitud para buscar un buen resultado en estas cl\u00e1sicas. Hice el 12\u00ba en Terres de l\u2019Ebre. Estaba un poco decepcionado, porque creo que pod\u00eda haberlo hecho mejor. Hoy en Ordizia el circuito me iba mejor. Tengo buenas piernas estas semanas y espero hacerlo bien el domingo en Castilla y Le\u00f3n, buscando otro top-10 o top-5\u201d.<\/em><\/p>\n","protected":false},"excerpt":{"rendered":"<p>El franc\u00e9s del Burgos Burpellet BH demostr\u00f3 que atraviesa en un gran estado de forma desplegando su velocidad en el sprint final de la prueba guipuzcoana El Burgos Burpellet BH se qued\u00f3 cerca de subir al podio en la Prueba Villafranca-Ordiziako Klasikoa gracias a un Cl\u00e9ment Alleno que atraviesa su mejor estado de forma de [&hellip;]<\/p>\n","protected":false},"author":10,"featured_media":142260,"comment_status":"closed","ping_status":"closed","sticky":false,"template":"","format":"standard","meta":{"_monsterinsights_skip_tracking":false,"_monsterinsights_sitenote_active":false,"_monsterinsights_sitenote_note":"","_monsterinsights_sitenote_category":0,"footnotes":""},"categories":[63],"tags":[1553,2284,180],"class_list":{"0":"post-142257","1":"post","2":"type-post","3":"status-publish","4":"format-standard","5":"has-post-thumbnail","7":"category-ciclismo","8":"tag-actualidad-2","9":"tag-burgosburpelletbh","10":"tag-clementalleno"},"views":17,"_links":{"self":[{"href":"https:\/\/www.burgosdeporte.com\/index.php?rest_route=\/wp\/v2\/posts\/142257","targetHints":{"allow":["GET"]}}],"collection":[{"href":"https:\/\/www.burgosdeporte.com\/index.php?rest_route=\/wp\/v2\/posts"}],"about":[{"href":"https:\/\/www.burgosdeporte.com\/index.php?rest_route=\/wp\/v2\/types\/post"}],"author":[{"embeddable":true,"href":"https:\/\/www.burgosdeporte.com\/index.php?rest_route=\/wp\/v2\/users\/10"}],"replies":[{"embeddable":true,"href":"https:\/\/www.burgosdeporte.com\/index.php?rest_route=%2Fwp%2Fv2%2Fcomments&post=142257"}],"version-history":[{"count":1,"href":"https:\/\/www.burgosdeporte.com\/index.php?rest_route=\/wp\/v2\/posts\/142257\/revisions"}],"predecessor-version":[{"id":142261,"href":"https:\/\/www.burgosdeporte.com\/index.php?rest_route=\/wp\/v2\/posts\/142257\/revisions\/142261"}],"wp:featuredmedia":[{"embeddable":true,"href":"https:\/\/www.burgosdeporte.com\/index.php?rest_route=\/wp\/v2\/media\/142260"}],"wp:attachment":[{"href":"https:\/\/www.burgosdeporte.com\/index.php?rest_route=%2Fwp%2Fv2%2Fmedia&parent=142257"}],"wp:term":[{"taxonomy":"category","embeddable":true,"href":"https:\/\/www.burgosdeporte.com\/index.php?rest_route=%2Fwp%2Fv2%2Fcategories&post=142257"},{"taxonomy":"post_tag","embeddable":true,"href":"https:\/\/www.burgosdeporte.com\/index.php?rest_route=%2Fwp%2Fv2%2Ftags&post=142257"}],"curies":[{"name":"wp","href":"https:\/\/api.w.org\/{rel}","templated":true}]}}