{"id":142249,"date":"2025-07-25T19:48:56","date_gmt":"2025-07-25T17:48:56","guid":{"rendered":"https:\/\/www.burgosdeporte.com\/?p=142249"},"modified":"2025-07-27T01:43:09","modified_gmt":"2025-07-26T23:43:09","slug":"jose-dias-y-natalia-fischer-se-imponen-en-primera-etapa-de-colina-triste-en-silos","status":"publish","type":"post","link":"https:\/\/www.burgosdeporte.com\/?p=142249","title":{"rendered":"Jos\u00e9 Dias y Natalia Fischer se imponen en primera etapa de Colina Triste en Silos"},"content":{"rendered":"\n<h2 class=\"wp-block-heading\">Buen ambiente y mucha competici\u00f3n en esta prueba de la UCI que recorri\u00f3 diversas localidades de esta bonita zona de la provincia de Burgos.<\/h2>\n\n\n<div class=\"wp-block-image\">\n<figure class=\"aligncenter size-full\"><img loading=\"lazy\" decoding=\"async\" width=\"298\" height=\"84\" src=\"https:\/\/www.burgosdeporte.com\/wp-content\/uploads\/2023\/09\/ETTMiguel.jpg\" alt=\"\" class=\"wp-image-107990\" srcset=\"https:\/\/www.burgosdeporte.com\/wp-content\/uploads\/2023\/09\/ETTMiguel.jpg 298w, https:\/\/www.burgosdeporte.com\/wp-content\/uploads\/2023\/09\/ETTMiguel-150x42.jpg 150w\" sizes=\"auto, (max-width: 298px) 100vw, 298px\" \/><\/figure>\n<\/div>\n\n\n<p>La jornada comenz\u00f3 a las 10 de la ma\u00f1ana en la Plaza Mayor de Santo Domingo de Silos. El protocolario corte de cinta lo realizaron Roberto S\u00e1iz Alonso, delegado territorial de la Junta de Castilla y Le\u00f3n y Emeterio Mart\u00edn, alcalde de Santo Domingo de Silos. <\/p>\n\n\n\n<figure class=\"wp-block-image size-large\"><img loading=\"lazy\" decoding=\"async\" width=\"1024\" height=\"618\" src=\"https:\/\/www.burgosdeporte.com\/wp-content\/uploads\/2025\/07\/colina-triste-6-1024x618.jpg\" alt=\"\" class=\"wp-image-142250\" srcset=\"https:\/\/www.burgosdeporte.com\/wp-content\/uploads\/2025\/07\/colina-triste-6-1024x618.jpg 1024w, https:\/\/www.burgosdeporte.com\/wp-content\/uploads\/2025\/07\/colina-triste-6-300x181.jpg 300w, https:\/\/www.burgosdeporte.com\/wp-content\/uploads\/2025\/07\/colina-triste-6-768x463.jpg 768w, https:\/\/www.burgosdeporte.com\/wp-content\/uploads\/2025\/07\/colina-triste-6-150x91.jpg 150w, https:\/\/www.burgosdeporte.com\/wp-content\/uploads\/2025\/07\/colina-triste-6-696x420.jpg 696w, https:\/\/www.burgosdeporte.com\/wp-content\/uploads\/2025\/07\/colina-triste-6.jpg 1059w\" sizes=\"auto, (max-width: 1024px) 100vw, 1024px\" \/><figcaption class=\"wp-element-caption\">Momento del corte de conta en el inicio de la etapa.- Foto Sports Cano.<\/figcaption><\/figure>\n\n\n\n<p>La primera etapa fue una crono de 30 kms y 1055 m+, salida in\u00e9dita desde la Plaza Mayor de Silos, con inicio en subida hacia el muro Cuatro Cantones, como ya se hiciera el a\u00f1o pasado en el Campeonato de Espa\u00f1a de Gravel. Primeros kil\u00f3metros en subida para tomar despu\u00e9s direcci\u00f3n hacia la localidad de Pe\u00f1acoba. Kil\u00f3metros despu\u00e9s empezar\u00eda el ascenso al Alto de Cervera, la subida m\u00e1s exigente de la jornada con la bajada de la Cascajera. <\/p>\n\n\n\n<figure class=\"wp-block-image size-full\"><img loading=\"lazy\" decoding=\"async\" width=\"1000\" height=\"648\" src=\"https:\/\/www.burgosdeporte.com\/wp-content\/uploads\/2025\/07\/Colina-triste-1.jpg\" alt=\"\" class=\"wp-image-142255\" srcset=\"https:\/\/www.burgosdeporte.com\/wp-content\/uploads\/2025\/07\/Colina-triste-1.jpg 1000w, https:\/\/www.burgosdeporte.com\/wp-content\/uploads\/2025\/07\/Colina-triste-1-300x194.jpg 300w, https:\/\/www.burgosdeporte.com\/wp-content\/uploads\/2025\/07\/Colina-triste-1-768x498.jpg 768w, https:\/\/www.burgosdeporte.com\/wp-content\/uploads\/2025\/07\/Colina-triste-1-150x97.jpg 150w, https:\/\/www.burgosdeporte.com\/wp-content\/uploads\/2025\/07\/Colina-triste-1-696x451.jpg 696w\" sizes=\"auto, (max-width: 1000px) 100vw, 1000px\" \/><figcaption class=\"wp-element-caption\">Foto Sports Cano.<\/figcaption><\/figure>\n\n\n\n<p>Desde los primeros compases del recorrido empezaron a dominar Jos\u00e9 D\u00edas, corredor del Buff Megamo Team y Natalia Fischer, corredora del Extremadura Ecopilas. En el primer punto intermedio el portugu\u00e9s sacaba m\u00e1s de 20 segundos a los dos corredores del Klimatiza Orbea Team, Marc Stutzmann y Samuele Porro. <\/p>\n\n\n\n<p>En categor\u00eda femenina Natalia Fischer dominaba con mano de hierro con m\u00e1s de 2 minutos a la corredora del Nesta MMR Sof\u00eda Rodr\u00edguez. <\/p>\n\n\n\n<figure class=\"wp-block-image size-full\"><img loading=\"lazy\" decoding=\"async\" width=\"1000\" height=\"625\" src=\"https:\/\/www.burgosdeporte.com\/wp-content\/uploads\/2025\/07\/colina-triste-2.jpg\" alt=\"\" class=\"wp-image-142254\" srcset=\"https:\/\/www.burgosdeporte.com\/wp-content\/uploads\/2025\/07\/colina-triste-2.jpg 1000w, https:\/\/www.burgosdeporte.com\/wp-content\/uploads\/2025\/07\/colina-triste-2-300x188.jpg 300w, https:\/\/www.burgosdeporte.com\/wp-content\/uploads\/2025\/07\/colina-triste-2-768x480.jpg 768w, https:\/\/www.burgosdeporte.com\/wp-content\/uploads\/2025\/07\/colina-triste-2-150x94.jpg 150w, https:\/\/www.burgosdeporte.com\/wp-content\/uploads\/2025\/07\/colina-triste-2-696x435.jpg 696w\" sizes=\"auto, (max-width: 1000px) 100vw, 1000px\" \/><figcaption class=\"wp-element-caption\">Foto Sports Cano.<\/figcaption><\/figure>\n\n\n\n<p>Los bikers despu\u00e9s de subir el Alto de Cervera descendieron la famosa Cascajera y los escalones del sendero de Barriosuso donde estaba ubicado el primer y \u00fanico punto de avituallamiento en el que los corredores repusieron fuerzas para afrontar los \u00faltimos 10<br>kil\u00f3metros de la etapa.<\/p>\n\n\n\n<p>La etapa discurri\u00f3 en los \u00faltimos kil\u00f3metros por la zona de la Yecla con el ascenso a Baldaje y la bajada t\u00e9cnica de los Berrocales. En estos kil\u00f3metros sigui\u00f3 la misma t\u00f3nica del inicio de la crono. Jos\u00e9 D\u00edas y Natalia Fischer seguir\u00edan sacando distancia a sus<br>perseguidores. <\/p>\n\n\n\n<p>Jos\u00e9 Dias entr\u00f3 en l\u00ednea de meta con un tiempo de 1h 14 minutos 14 segundos y es l\u00edder en categor\u00eda elite UCI masculina. Finalmente en segunda y tercera posici\u00f3n acabaron el suizo Marc Stutzmann y el italiano Samuele Porro. Ambos corredores del Klimatiza Orbea entraron a 1 min 53 y 2 min 10 seg respectivamente. Pablo Rodr\u00edguez, campe\u00f3n de Espa\u00f1a de XC Marat\u00f3n acab\u00f3 cuarto y Luis P\u00e9rez quinto. <\/p>\n\n\n\n<p>En f\u00e9minas Natalia Fischer entr\u00f3 en linea de meta con un tiempo de 1 h 35 min 17 seg y es l\u00edder en categor\u00eda elite UCI femenina. A m\u00e1s de 5 minutos entr\u00f3 Sof\u00eda Rodr\u00edguez, corredora del Nesta MMR. Complet\u00f3 el podium Paula Mart\u00edn, del equipo Wiber, a m\u00e1s<br>de 8 minutos. <\/p>\n\n\n\n<p>En categor\u00eda mixta dominaron de principio a final Alejandro Valverde y Marta Tor\u00e1, pareja del Movistar Gravel Squad. Ambos corredores compitieron el a\u00f1o pasado en The Bandit Gravel y son dos de los corredores m\u00e1s destacados de esta edici\u00f3n de Colina Triste.<\/p>\n\n\n\n<p><br><strong>Clasificaciones Etapa 1 CERVERA: <\/strong><\/p>\n\n\n\n<p><strong>https:\/\/colinatriste.es\/ clasificaciones\/<\/strong><\/p>\n","protected":false},"excerpt":{"rendered":"<p>Buen ambiente y mucha competici\u00f3n en esta prueba de la UCI que recorri\u00f3 diversas localidades de esta bonita zona de la provincia de Burgos. La jornada comenz\u00f3 a las 10 de la ma\u00f1ana en la Plaza Mayor de Santo Domingo de Silos. El protocolario corte de cinta lo realizaron Roberto S\u00e1iz Alonso, delegado territorial de [&hellip;]<\/p>\n","protected":false},"author":10,"featured_media":142252,"comment_status":"closed","ping_status":"closed","sticky":false,"template":"","format":"standard","meta":{"_monsterinsights_skip_tracking":false,"_monsterinsights_sitenote_active":false,"_monsterinsights_sitenote_note":"","_monsterinsights_sitenote_category":0,"footnotes":""},"categories":[63],"tags":[1553,752,754],"class_list":{"0":"post-142249","1":"post","2":"type-post","3":"status-publish","4":"format-standard","5":"has-post-thumbnail","7":"category-ciclismo","8":"tag-actualidad-2","9":"tag-colinatriste","10":"tag-santodomingodesilos"},"views":34,"_links":{"self":[{"href":"https:\/\/www.burgosdeporte.com\/index.php?rest_route=\/wp\/v2\/posts\/142249","targetHints":{"allow":["GET"]}}],"collection":[{"href":"https:\/\/www.burgosdeporte.com\/index.php?rest_route=\/wp\/v2\/posts"}],"about":[{"href":"https:\/\/www.burgosdeporte.com\/index.php?rest_route=\/wp\/v2\/types\/post"}],"author":[{"embeddable":true,"href":"https:\/\/www.burgosdeporte.com\/index.php?rest_route=\/wp\/v2\/users\/10"}],"replies":[{"embeddable":true,"href":"https:\/\/www.burgosdeporte.com\/index.php?rest_route=%2Fwp%2Fv2%2Fcomments&post=142249"}],"version-history":[{"count":1,"href":"https:\/\/www.burgosdeporte.com\/index.php?rest_route=\/wp\/v2\/posts\/142249\/revisions"}],"predecessor-version":[{"id":142256,"href":"https:\/\/www.burgosdeporte.com\/index.php?rest_route=\/wp\/v2\/posts\/142249\/revisions\/142256"}],"wp:featuredmedia":[{"embeddable":true,"href":"https:\/\/www.burgosdeporte.com\/index.php?rest_route=\/wp\/v2\/media\/142252"}],"wp:attachment":[{"href":"https:\/\/www.burgosdeporte.com\/index.php?rest_route=%2Fwp%2Fv2%2Fmedia&parent=142249"}],"wp:term":[{"taxonomy":"category","embeddable":true,"href":"https:\/\/www.burgosdeporte.com\/index.php?rest_route=%2Fwp%2Fv2%2Fcategories&post=142249"},{"taxonomy":"post_tag","embeddable":true,"href":"https:\/\/www.burgosdeporte.com\/index.php?rest_route=%2Fwp%2Fv2%2Ftags&post=142249"}],"curies":[{"name":"wp","href":"https:\/\/api.w.org\/{rel}","templated":true}]}}