{"id":142217,"date":"2025-07-24T22:25:14","date_gmt":"2025-07-24T20:25:14","guid":{"rendered":"https:\/\/www.burgosdeporte.com\/?p=142217"},"modified":"2025-07-26T12:06:58","modified_gmt":"2025-07-26T10:06:58","slug":"la-vuelta-a-burgos-en-2026-o-2027-sera-de-maxima-categoria-world-tour","status":"publish","type":"post","link":"https:\/\/www.burgosdeporte.com\/?p=142217","title":{"rendered":"La Vuelta a Burgos en 2026 o 2027 ser\u00e1 de m\u00e1xima categor\u00eda World Tour"},"content":{"rendered":"\n<h2 class=\"wp-block-heading\"><em>En esta edici\u00f3n ha estado a punto de lograrlo, pero ser\u00e1 en ediciones venideras cuando la Uni\u00f3n Ciclista Internacional (UCI) reconozca sus casi cinco d\u00e9cadas<\/em><\/h2>\n\n\n<div class=\"wp-block-image\">\n<figure class=\"aligncenter size-large is-resized\"><img loading=\"lazy\" decoding=\"async\" width=\"819\" height=\"1024\" src=\"https:\/\/www.burgosdeporte.com\/wp-content\/uploads\/2025\/04\/RRSS_CARRUSEL1-INSTAGRAM-1080X1350-819x1024.png\" alt=\"\" class=\"wp-image-137712\" style=\"width:249px;height:auto\" srcset=\"https:\/\/www.burgosdeporte.com\/wp-content\/uploads\/2025\/04\/RRSS_CARRUSEL1-INSTAGRAM-1080X1350-819x1024.png 819w, https:\/\/www.burgosdeporte.com\/wp-content\/uploads\/2025\/04\/RRSS_CARRUSEL1-INSTAGRAM-1080X1350-240x300.png 240w, https:\/\/www.burgosdeporte.com\/wp-content\/uploads\/2025\/04\/RRSS_CARRUSEL1-INSTAGRAM-1080X1350-768x960.png 768w, https:\/\/www.burgosdeporte.com\/wp-content\/uploads\/2025\/04\/RRSS_CARRUSEL1-INSTAGRAM-1080X1350-150x188.png 150w, https:\/\/www.burgosdeporte.com\/wp-content\/uploads\/2025\/04\/RRSS_CARRUSEL1-INSTAGRAM-1080X1350-300x375.png 300w, https:\/\/www.burgosdeporte.com\/wp-content\/uploads\/2025\/04\/RRSS_CARRUSEL1-INSTAGRAM-1080X1350-696x870.png 696w, https:\/\/www.burgosdeporte.com\/wp-content\/uploads\/2025\/04\/RRSS_CARRUSEL1-INSTAGRAM-1080X1350-1068x1335.png 1068w, https:\/\/www.burgosdeporte.com\/wp-content\/uploads\/2025\/04\/RRSS_CARRUSEL1-INSTAGRAM-1080X1350.png 1080w\" sizes=\"auto, (max-width: 819px) 100vw, 819px\" \/><\/figure>\n<\/div>\n\n\n<p>El presidente de la Diputaci\u00f3n Provincial de Burgos, Borja Su\u00e1rez, ha anunciado que en \u201c2026 o 2027 la Vuelta a Burgos ser\u00e1 World Tour\u201d, la m\u00e1xima categor\u00eda. As\u00ed lo ha anunciado en la presentaci\u00f3n de la edici\u00f3n de 2025. Una edici\u00f3n que contar\u00e1 con 852 kil\u00f3metros, 14 puertos, y cinco etapas. 19 equipos (ocho de m\u00e1xima categor\u00eda y11 UCI pro Tour)<\/p>\n\n\n\n<figure class=\"wp-block-image size-large\"><img loading=\"lazy\" decoding=\"async\" width=\"1024\" height=\"753\" src=\"https:\/\/www.burgosdeporte.com\/wp-content\/uploads\/2025\/07\/IMG-20250724-WA0034-1024x753.jpg\" alt=\"\" class=\"wp-image-142222\" srcset=\"https:\/\/www.burgosdeporte.com\/wp-content\/uploads\/2025\/07\/IMG-20250724-WA0034-1024x753.jpg 1024w, https:\/\/www.burgosdeporte.com\/wp-content\/uploads\/2025\/07\/IMG-20250724-WA0034-300x221.jpg 300w, https:\/\/www.burgosdeporte.com\/wp-content\/uploads\/2025\/07\/IMG-20250724-WA0034-768x565.jpg 768w, https:\/\/www.burgosdeporte.com\/wp-content\/uploads\/2025\/07\/IMG-20250724-WA0034-1536x1130.jpg 1536w, https:\/\/www.burgosdeporte.com\/wp-content\/uploads\/2025\/07\/IMG-20250724-WA0034-2048x1507.jpg 2048w, https:\/\/www.burgosdeporte.com\/wp-content\/uploads\/2025\/07\/IMG-20250724-WA0034-150x110.jpg 150w, https:\/\/www.burgosdeporte.com\/wp-content\/uploads\/2025\/07\/IMG-20250724-WA0034-696x512.jpg 696w, https:\/\/www.burgosdeporte.com\/wp-content\/uploads\/2025\/07\/IMG-20250724-WA0034-1068x786.jpg 1068w, https:\/\/www.burgosdeporte.com\/wp-content\/uploads\/2025\/07\/IMG-20250724-WA0034-1920x1412.jpg 1920w\" sizes=\"auto, (max-width: 1024px) 100vw, 1024px\" \/><figcaption class=\"wp-element-caption\">El presidente de la Diputaci\u00f3n de Burgos, Borja Su\u00e1rez, durante su intervenci\u00f3n.- Foto: Ricardo Ord\u00f3\u00f1ez.<\/figcaption><\/figure>\n\n\n\n<p>Su\u00e1rez ha asegurado que esta edici\u00f3n ha estado \u201cmuy cerca\u201d de convertirse en una prueba de la m\u00e1xima categor\u00eda. Una calificaci\u00f3n que ostentas las grandes vueltas \u201cmuchas de ellas de \u00e1mbito nacional\u201d. La calificaci\u00f3n m\u00e1xima va a llegar por el trabajo realizado y por la inversi\u00f3n que se realiza. En este sentido, Su\u00e1rez ha agradecido a Fundaci\u00f3n Caja Rural y Caja Viva la \u201ccolaboraci\u00f3n p\u00fablico privada\u201d que hace crecer a la Vuelta a Burgos.&nbsp;<\/p>\n\n\n\n<p>Ha resumido que, en 2024, la Vuelta a Burgos tuvo \u201c914 millones de impactos directos en redes, televisi\u00f3n, internet y medios diversos. Con un retorno de \u201cdiez millones de euros sobre los 800.000 de inversi\u00f3n\u201d. Un presupuesto que este a\u00f1o va a ascender a 900.000 euros.&nbsp;<\/p>\n\n\n\n<figure class=\"wp-block-image size-large\"><img loading=\"lazy\" decoding=\"async\" width=\"1024\" height=\"684\" src=\"https:\/\/www.burgosdeporte.com\/wp-content\/uploads\/2025\/07\/IMG-20250724-WA0042-1024x684.jpg\" alt=\"\" class=\"wp-image-142221\" srcset=\"https:\/\/www.burgosdeporte.com\/wp-content\/uploads\/2025\/07\/IMG-20250724-WA0042-1024x684.jpg 1024w, https:\/\/www.burgosdeporte.com\/wp-content\/uploads\/2025\/07\/IMG-20250724-WA0042-300x200.jpg 300w, https:\/\/www.burgosdeporte.com\/wp-content\/uploads\/2025\/07\/IMG-20250724-WA0042-768x513.jpg 768w, https:\/\/www.burgosdeporte.com\/wp-content\/uploads\/2025\/07\/IMG-20250724-WA0042-1536x1026.jpg 1536w, https:\/\/www.burgosdeporte.com\/wp-content\/uploads\/2025\/07\/IMG-20250724-WA0042-2048x1368.jpg 2048w, https:\/\/www.burgosdeporte.com\/wp-content\/uploads\/2025\/07\/IMG-20250724-WA0042-150x100.jpg 150w, https:\/\/www.burgosdeporte.com\/wp-content\/uploads\/2025\/07\/IMG-20250724-WA0042-696x465.jpg 696w, https:\/\/www.burgosdeporte.com\/wp-content\/uploads\/2025\/07\/IMG-20250724-WA0042-1068x713.jpg 1068w, https:\/\/www.burgosdeporte.com\/wp-content\/uploads\/2025\/07\/IMG-20250724-WA0042-1920x1282.jpg 1920w\" sizes=\"auto, (max-width: 1024px) 100vw, 1024px\" \/><figcaption class=\"wp-element-caption\">El director de la Vuelta a Burgos, Miguel \u00c1ngel de los Mozos.- Foto: Ricardo Ord\u00f3\u00f1ez<\/figcaption><\/figure>\n\n\n\n<p>Su\u00e1rez ha reconocido que el esfuerzo en poner el foco en el medio rural que ser\u00e1 un espejo mundial con 1.132 personas y 200 veh\u00edculos acreditados.<\/p>\n\n\n\n<p><strong>Cinco etapas<\/strong><\/p>\n\n\n\n<p>La primera etapa transcurrir\u00e1 entre Olmillos de Sasam\u00f3n y Burgos, con la subida al Castillo. La segunda, el mi\u00e9rcoles 6 de agosto, lleva el lema Arl\u00e1nzate y saldr\u00e1 de Cilleruelo de Abajo con llegada a Buniel. Para el jueves d\u00eda 7, la etapa Origen del Castellano, con salida en el Monasterio de San Pedro de Carde\u00f1a y llegada a Valpuesta.&nbsp;<\/p>\n\n\n\n<p>El viernes 8 se celebra la cuarta etapa con salida en Burpellet, en Do\u00f1a Santos y llegada a Regumiel de la Sierra y la quinta etapa y \u00faltima transcurrida entre la Bodega Cillar de Silos, de Quintana del Pidio y las Lagunas de Neila.<\/p>\n\n\n\n<p>En la edici\u00f3n de este a\u00f1o se incorporan \u201csalidas y llegadas in\u00e9ditas\u201d. Su\u00e1rez ha destacado algunas de ellas como las de las empresas Burpellet o la bodega Cillar de Silos, o las llegadas a Valpuesta, con salida desde San Pedro Carde\u00f1a -la etapa del Origen del Castellano.<\/p>\n\n\n\n<p>Por su parte, el presidente de la Fundaci\u00f3n Cajaviva Caja Rural, Tom\u00e1 Fisac, ha asegurado que es la prueba \u201cm\u00e1s esperada a lo largo del a\u00f1o\u201d y sit\u00faa a Burgos \u201cen primera l\u00ednea\u201d en una actividad deportiva en la que \u201csale beneficiada la provincia\u201d.<\/p>\n","protected":false},"excerpt":{"rendered":"<p>En esta edici\u00f3n ha estado a punto de lograrlo, pero ser\u00e1 en ediciones venideras cuando la Uni\u00f3n Ciclista Internacional (UCI) reconozca sus casi cinco d\u00e9cadas El presidente de la Diputaci\u00f3n Provincial de Burgos, Borja Su\u00e1rez, ha anunciado que en \u201c2026 o 2027 la Vuelta a Burgos ser\u00e1 World Tour\u201d, la m\u00e1xima categor\u00eda. As\u00ed lo ha [&hellip;]<\/p>\n","protected":false},"author":21,"featured_media":142218,"comment_status":"closed","ping_status":"closed","sticky":false,"template":"","format":"standard","meta":{"_monsterinsights_skip_tracking":false,"_monsterinsights_sitenote_active":false,"_monsterinsights_sitenote_note":"","_monsterinsights_sitenote_category":0,"footnotes":""},"categories":[63],"tags":[1553,266,479],"class_list":{"0":"post-142217","1":"post","2":"type-post","3":"status-publish","4":"format-standard","5":"has-post-thumbnail","7":"category-ciclismo","8":"tag-actualidad-2","9":"tag-idjburgos","10":"tag-vueltaaburgos"},"views":77,"_links":{"self":[{"href":"https:\/\/www.burgosdeporte.com\/index.php?rest_route=\/wp\/v2\/posts\/142217","targetHints":{"allow":["GET"]}}],"collection":[{"href":"https:\/\/www.burgosdeporte.com\/index.php?rest_route=\/wp\/v2\/posts"}],"about":[{"href":"https:\/\/www.burgosdeporte.com\/index.php?rest_route=\/wp\/v2\/types\/post"}],"author":[{"embeddable":true,"href":"https:\/\/www.burgosdeporte.com\/index.php?rest_route=\/wp\/v2\/users\/21"}],"replies":[{"embeddable":true,"href":"https:\/\/www.burgosdeporte.com\/index.php?rest_route=%2Fwp%2Fv2%2Fcomments&post=142217"}],"version-history":[{"count":2,"href":"https:\/\/www.burgosdeporte.com\/index.php?rest_route=\/wp\/v2\/posts\/142217\/revisions"}],"predecessor-version":[{"id":142224,"href":"https:\/\/www.burgosdeporte.com\/index.php?rest_route=\/wp\/v2\/posts\/142217\/revisions\/142224"}],"wp:featuredmedia":[{"embeddable":true,"href":"https:\/\/www.burgosdeporte.com\/index.php?rest_route=\/wp\/v2\/media\/142218"}],"wp:attachment":[{"href":"https:\/\/www.burgosdeporte.com\/index.php?rest_route=%2Fwp%2Fv2%2Fmedia&parent=142217"}],"wp:term":[{"taxonomy":"category","embeddable":true,"href":"https:\/\/www.burgosdeporte.com\/index.php?rest_route=%2Fwp%2Fv2%2Fcategories&post=142217"},{"taxonomy":"post_tag","embeddable":true,"href":"https:\/\/www.burgosdeporte.com\/index.php?rest_route=%2Fwp%2Fv2%2Ftags&post=142217"}],"curies":[{"name":"wp","href":"https:\/\/api.w.org\/{rel}","templated":true}]}}