{"id":142194,"date":"2025-07-23T13:00:36","date_gmt":"2025-07-23T11:00:36","guid":{"rendered":"https:\/\/www.burgosdeporte.com\/?p=142194"},"modified":"2025-07-24T22:37:55","modified_gmt":"2025-07-24T20:37:55","slug":"egan-bernal-encabezara-al-ineos-grenadiers-en-la-vuelta-a-burgos","status":"publish","type":"post","link":"https:\/\/www.burgosdeporte.com\/?p=142194","title":{"rendered":"Egan Bernal encabezar\u00e1 al Ineos Grenadiers en la Vuelta a Burgos"},"content":{"rendered":"\n<p><strong><em>La formaci\u00f3n brit\u00e1nica combina experiencia ganadora en grandes vueltas y talento emergente para los puertos burgaleses<\/em><\/strong><\/p>\n\n\n\n<p class=\"has-text-align-right\">(<em>Fotograf\u00eda: Vuelta a Burgos<\/em>)<\/p>\n\n\n<div class=\"wp-block-image\">\n<figure class=\"aligncenter size-full\"><a href=\"https:\/\/www.tandemgyd.com\/\" target=\"_blank\" rel=\" noreferrer noopener\"><img loading=\"lazy\" decoding=\"async\" width=\"200\" height=\"183\" src=\"https:\/\/www.burgosdeporte.com\/wp-content\/uploads\/2023\/09\/Logo_Tandem.jpg\" alt=\"\" class=\"wp-image-107992\" srcset=\"https:\/\/www.burgosdeporte.com\/wp-content\/uploads\/2023\/09\/Logo_Tandem.jpg 200w, https:\/\/www.burgosdeporte.com\/wp-content\/uploads\/2023\/09\/Logo_Tandem-150x137.jpg 150w\" sizes=\"auto, (max-width: 200px) 100vw, 200px\" \/><\/a><\/figure>\n<\/div>\n\n\n<p>El Ineos Grenadiers, escuadra UCI World Team, ha confirmado la pre-inscripci\u00f3n de siete corredores para la XLVII Vuelta a Burgos masculina (5-9 agosto). El colombiano Egan Bernal, ganador del Tour de Francia 2019 y del Giro de Italia 2021, ejercer\u00e1 de l\u00edder en una alineaci\u00f3n que re\u00fane a los espa\u00f1oles Jonathan Castroviejo, Omar Fraile y \u00d3scar Rodr\u00edguez, al estadounidense Andrew August, al noruego Peter Hansen y al tambi\u00e9n colombiano Brandon Rivera.<\/p>\n\n\n\n<p>Bernal vuelve a la ronda burgalesa con la ambici\u00f3n de afinar su forma de cara al bloque final de la temporada. Escalador puro y excelente contrarrelojista, ostenta adem\u00e1s podios absolutos en la Par\u00eds-Niza y la Vuelta a Suiza. Su conocimiento de los puertos de alta monta\u00f1a \u2014especialmente de la subida a las Lagunas de Neila\u2014 lo convierte en referencia obligada para la clasificaci\u00f3n general.<\/p>\n\n\n\n<p>A su lado estar\u00e1 Jonathan Castroviejo, m\u00faltiple campe\u00f3n de Espa\u00f1a de contrarreloj y pieza clave en la reciente victoria por equipos del Tour de Romand\u00eda. Su potencia en llano y capacidad para marcar ritmo en los ascensos largos lo convierten en escudero ideal durante las jornadas de m\u00e1s desnivel. Omar Fraile, por su parte, aportar\u00e1 punta de velocidad en finales exigentes: el vizca\u00edno acumula victorias de etapa en el Tour de Francia, el Giro y la Vuelta y domina a la perfecci\u00f3n la lectura t\u00e1ctica de las fugas.<\/p>\n\n\n\n<p>La n\u00f3mina espa\u00f1ola se completa con \u00d3scar Rodr\u00edguez, escalador navarro que ya sabe ganar en la Vuelta a Espa\u00f1a y que ha firmado actuaciones destacadas este a\u00f1o en los Alpes. Su presencia ofrece a la direcci\u00f3n deportiva una segunda baza para atacar la monta\u00f1a o buscar triunfos parciales. El bloque se refuerza con Brandon Rivera, campe\u00f3n panamericano de contrarreloj y gregario habitual de Bernal; su versatilidad entre cotas y tramos llanos ser\u00e1 fundamental para proteger al l\u00edder.<\/p>\n\n\n\n<p>El joven Andrew August, reciente vencedor de etapa en el Tour de l\u2019Avenir y considerado una de las promesas m\u00e1s s\u00f3lidas del ciclismo norteamericano, descubrir\u00e1 la monta\u00f1a burgalesa como aprendizaje para el WorldTour. Completa la selecci\u00f3n el noruego Peter Hansen, rodador con gran potencia aerodin\u00e1mica y notable punta de velocidad en grupos reducidos, llamado a ser protagonista en las etapas de transici\u00f3n y en los abanicos de la Ribera del Duero.<\/p>\n\n\n\n<p>La combinaci\u00f3n de un campe\u00f3n contrastado, gregarios de lujo y j\u00f3venes en plena progresi\u00f3n otorga al Ineos Grenadiers m\u00faltiples opciones estrat\u00e9gicas: Bernal pelear\u00e1 la general, mientras que Fraile y Rodr\u00edguez pueden buscar etapas, Castroviejo y Rivera sostendr\u00e1n el ritmo en los puertos, y August y Hansen se postulan para las escapadas y los sprints reducidos.<\/p>\n","protected":false},"excerpt":{"rendered":"<p>La formaci\u00f3n brit\u00e1nica combina experiencia ganadora en grandes vueltas y talento emergente para los puertos burgaleses (Fotograf\u00eda: Vuelta a Burgos) El Ineos Grenadiers, escuadra UCI World Team, ha confirmado la pre-inscripci\u00f3n de siete corredores para la XLVII Vuelta a Burgos masculina (5-9 agosto). El colombiano Egan Bernal, ganador del Tour de Francia 2019 y del [&hellip;]<\/p>\n","protected":false},"author":10,"featured_media":142195,"comment_status":"closed","ping_status":"closed","sticky":false,"template":"","format":"standard","meta":{"_monsterinsights_skip_tracking":false,"_monsterinsights_sitenote_active":false,"_monsterinsights_sitenote_note":"","_monsterinsights_sitenote_category":0,"footnotes":""},"categories":[63],"tags":[1553,64,266,479],"class_list":{"0":"post-142194","1":"post","2":"type-post","3":"status-publish","4":"format-standard","5":"has-post-thumbnail","7":"category-ciclismo","8":"tag-actualidad-2","9":"tag-ciclismo","10":"tag-idjburgos","11":"tag-vueltaaburgos"},"views":24,"_links":{"self":[{"href":"https:\/\/www.burgosdeporte.com\/index.php?rest_route=\/wp\/v2\/posts\/142194","targetHints":{"allow":["GET"]}}],"collection":[{"href":"https:\/\/www.burgosdeporte.com\/index.php?rest_route=\/wp\/v2\/posts"}],"about":[{"href":"https:\/\/www.burgosdeporte.com\/index.php?rest_route=\/wp\/v2\/types\/post"}],"author":[{"embeddable":true,"href":"https:\/\/www.burgosdeporte.com\/index.php?rest_route=\/wp\/v2\/users\/10"}],"replies":[{"embeddable":true,"href":"https:\/\/www.burgosdeporte.com\/index.php?rest_route=%2Fwp%2Fv2%2Fcomments&post=142194"}],"version-history":[{"count":1,"href":"https:\/\/www.burgosdeporte.com\/index.php?rest_route=\/wp\/v2\/posts\/142194\/revisions"}],"predecessor-version":[{"id":142196,"href":"https:\/\/www.burgosdeporte.com\/index.php?rest_route=\/wp\/v2\/posts\/142194\/revisions\/142196"}],"wp:featuredmedia":[{"embeddable":true,"href":"https:\/\/www.burgosdeporte.com\/index.php?rest_route=\/wp\/v2\/media\/142195"}],"wp:attachment":[{"href":"https:\/\/www.burgosdeporte.com\/index.php?rest_route=%2Fwp%2Fv2%2Fmedia&parent=142194"}],"wp:term":[{"taxonomy":"category","embeddable":true,"href":"https:\/\/www.burgosdeporte.com\/index.php?rest_route=%2Fwp%2Fv2%2Fcategories&post=142194"},{"taxonomy":"post_tag","embeddable":true,"href":"https:\/\/www.burgosdeporte.com\/index.php?rest_route=%2Fwp%2Fv2%2Ftags&post=142194"}],"curies":[{"name":"wp","href":"https:\/\/api.w.org\/{rel}","templated":true}]}}