{"id":142188,"date":"2025-07-23T12:53:09","date_gmt":"2025-07-23T10:53:09","guid":{"rendered":"https:\/\/www.burgosdeporte.com\/?p=142188"},"modified":"2025-07-24T11:35:08","modified_gmt":"2025-07-24T09:35:08","slug":"el-burgos-burpellet-bh-afronta-nuevas-oportunidades-en-ordizia-y-valladolid","status":"publish","type":"post","link":"https:\/\/www.burgosdeporte.com\/?p=142188","title":{"rendered":"El Burgos Burpellet BH afronta nuevas oportunidades en Ordizia y Valladolid"},"content":{"rendered":"\n<p><strong><em>El equipo morado disputar\u00e1 el viernes la centenaria carrera vasca y el domingo competir\u00e1 en la Cl\u00e1sica Castilla y Le\u00f3n, donde el mauriciano Alex Mayer se estrenar\u00e1 junto a sus nuevos compa\u00f1eros<\/em><\/strong><\/p>\n\n\n\n<p class=\"has-text-align-right\">(<em>Fotograf\u00eda: Miguel Ena \/ Sprint Cycling Agency<\/em>)<\/p>\n\n\n<div class=\"wp-block-image\">\n<figure class=\"aligncenter size-full is-resized\"><a href=\"https:\/\/www.hotelciudaddeburgos.com\/\" target=\"_blank\" rel=\" noreferrer noopener\"><img loading=\"lazy\" decoding=\"async\" width=\"989\" height=\"431\" src=\"https:\/\/www.burgosdeporte.com\/wp-content\/uploads\/2025\/05\/LOGO-SPIRIT-HCB-NEGRO.png\" alt=\"\" class=\"wp-image-140419\" style=\"width:264px;height:auto\" srcset=\"https:\/\/www.burgosdeporte.com\/wp-content\/uploads\/2025\/05\/LOGO-SPIRIT-HCB-NEGRO.png 989w, https:\/\/www.burgosdeporte.com\/wp-content\/uploads\/2025\/05\/LOGO-SPIRIT-HCB-NEGRO-300x131.png 300w, https:\/\/www.burgosdeporte.com\/wp-content\/uploads\/2025\/05\/LOGO-SPIRIT-HCB-NEGRO-768x335.png 768w, https:\/\/www.burgosdeporte.com\/wp-content\/uploads\/2025\/05\/LOGO-SPIRIT-HCB-NEGRO-150x65.png 150w, https:\/\/www.burgosdeporte.com\/wp-content\/uploads\/2025\/05\/LOGO-SPIRIT-HCB-NEGRO-696x303.png 696w\" sizes=\"auto, (max-width: 989px) 100vw, 989px\" \/><\/a><\/figure>\n<\/div>\n\n\n<p>La temporada ciclista del Burgos Burpellet BH contin\u00faa en Espa\u00f1a, con cl\u00e1sicas con una larga historia a sus espaldas. Tras competir el lunes en la Cl\u00e0ssica Terres de l&#8217;Ebre, llega el turno de la Cl\u00e1sica de Ordizia este viernes 25. La cita guipuzcoana, una de las m\u00e1s longevas del panorama internacional, pondr\u00e1 a prueba a los escaladores en una 101\u00aa edici\u00f3n que presenta novedades en su recorrido. Dos d\u00edas despu\u00e9s, el domingo 27, ser\u00e1n los velocistas quienes busquen la victoria en la Cl\u00e1sica Castilla y Le\u00f3n, que recorrer\u00e1 la provincia de Valladolid. La prueba comenzar\u00e1 en la localidad natal de un Daniel Cavia que conoce el terreno a la perfecci\u00f3n.<\/p>\n\n\n\n<p>La Cl\u00e1sica de Ordizia presenta un recorrido de 167 kil\u00f3metros con salida y llegada en la localidad de Ordizia. La principal novedad con respecto a a\u00f1os previos reside en la supresi\u00f3n de los pasos por el Alto de Altzo, concentrando toda la emoci\u00f3n en el Alto de Abaltzisteka (3 km al 7%). Esta subida se afrontar\u00e1 en las cinco vueltas que se dar\u00e1n al circuito, a\u00f1adiendo una novedad: una vez coronado, se alargar\u00e1 el ascenso hasta Gaintza, donde comenzar\u00e1 la bajada hasta la l\u00ednea de meta.<\/p>\n\n\n\n<p>El Burgos Burpellet BH presentar\u00e1 en la salida un potente equipo de escaladores. Cl\u00e9ment Alleno, Merhawi Kudus, Carlos Garc\u00eda Pierna, Jos\u00e9 Luis Faura y Eric Fag\u00fandez -17\u00ba en la edici\u00f3n de 2024- llegan en buena forma tras correr el lunes en Tarragona, donde el franc\u00e9s fue el mejor de los morados, en 12\u00ba posici\u00f3n. A ellos se unir\u00e1n Josh Burnett y Vojtech Km\u00ednek.<\/p>\n\n\n\n<p>La semana se completar\u00e1 con la Cl\u00e1sica Castilla y Le\u00f3n, convertida en carrera de un d\u00eda desde la temporada pasada. La provincia de Valladolid ser\u00e1 la protagonista del recorrido en esta ocasi\u00f3n, comenzando en Laguna de Duero, hogar de Daniel Cavia. El vallisoletano vivir\u00e1 un d\u00eda muy especial, recorriendo las carreteras en las que suele entrenar, camino de un posible final al sprint en Pe\u00f1afiel. Los corredores explosivos y con buena punta de velocidad se ver\u00e1n las caras en la subida final al castillo de esta localidad (1,3 km al 6,6%).<\/p>\n\n\n\n<p>Los 201 kil\u00f3metros de esta larga carrera incluyen otras tres subidas puntuables y multitud de repechos, adem\u00e1s de zonas abiertas en las que el viento podr\u00eda jugar un papel decisivo. En la prueba castellanoleonesa, el Burgos Burpellet BH presentar\u00e1 un equipo con muchos hombres r\u00e1pidos y en el que destaca el debut de Alexandre Mayer. El \u00faltimo fichaje de los morados, se estrenar\u00e1 con sus nuevos compa\u00f1eros tras coronarse campe\u00f3n nacional de contrarreloj el pasado mes. Daniel Cavia liderar\u00e1 al equipo en su tierra, escoltado por David Mart\u00edn, Vojtech Km\u00ednek, Cl\u00e9ment Alleno y los burgaleses \u00c1ngel Fuentes y Rodrigo \u00c1lvarez.<\/p>\n","protected":false},"excerpt":{"rendered":"<p>El equipo morado disputar\u00e1 el viernes la centenaria carrera vasca y el domingo competir\u00e1 en la Cl\u00e1sica Castilla y Le\u00f3n, donde el mauriciano Alex Mayer se estrenar\u00e1 junto a sus nuevos compa\u00f1eros (Fotograf\u00eda: Miguel Ena \/ Sprint Cycling Agency) La temporada ciclista del Burgos Burpellet BH contin\u00faa en Espa\u00f1a, con cl\u00e1sicas con una larga historia [&hellip;]<\/p>\n","protected":false},"author":10,"featured_media":142189,"comment_status":"closed","ping_status":"closed","sticky":false,"template":"","format":"standard","meta":{"_monsterinsights_skip_tracking":false,"_monsterinsights_sitenote_active":false,"_monsterinsights_sitenote_note":"","_monsterinsights_sitenote_category":0,"footnotes":""},"categories":[63],"tags":[1553,11,64],"class_list":{"0":"post-142188","1":"post","2":"type-post","3":"status-publish","4":"format-standard","5":"has-post-thumbnail","7":"category-ciclismo","8":"tag-actualidad-2","9":"tag-burgosbh","10":"tag-ciclismo"},"views":22,"_links":{"self":[{"href":"https:\/\/www.burgosdeporte.com\/index.php?rest_route=\/wp\/v2\/posts\/142188","targetHints":{"allow":["GET"]}}],"collection":[{"href":"https:\/\/www.burgosdeporte.com\/index.php?rest_route=\/wp\/v2\/posts"}],"about":[{"href":"https:\/\/www.burgosdeporte.com\/index.php?rest_route=\/wp\/v2\/types\/post"}],"author":[{"embeddable":true,"href":"https:\/\/www.burgosdeporte.com\/index.php?rest_route=\/wp\/v2\/users\/10"}],"replies":[{"embeddable":true,"href":"https:\/\/www.burgosdeporte.com\/index.php?rest_route=%2Fwp%2Fv2%2Fcomments&post=142188"}],"version-history":[{"count":1,"href":"https:\/\/www.burgosdeporte.com\/index.php?rest_route=\/wp\/v2\/posts\/142188\/revisions"}],"predecessor-version":[{"id":142190,"href":"https:\/\/www.burgosdeporte.com\/index.php?rest_route=\/wp\/v2\/posts\/142188\/revisions\/142190"}],"wp:featuredmedia":[{"embeddable":true,"href":"https:\/\/www.burgosdeporte.com\/index.php?rest_route=\/wp\/v2\/media\/142189"}],"wp:attachment":[{"href":"https:\/\/www.burgosdeporte.com\/index.php?rest_route=%2Fwp%2Fv2%2Fmedia&parent=142188"}],"wp:term":[{"taxonomy":"category","embeddable":true,"href":"https:\/\/www.burgosdeporte.com\/index.php?rest_route=%2Fwp%2Fv2%2Fcategories&post=142188"},{"taxonomy":"post_tag","embeddable":true,"href":"https:\/\/www.burgosdeporte.com\/index.php?rest_route=%2Fwp%2Fv2%2Ftags&post=142188"}],"curies":[{"name":"wp","href":"https:\/\/api.w.org\/{rel}","templated":true}]}}