{"id":142158,"date":"2025-07-22T12:11:27","date_gmt":"2025-07-22T10:11:27","guid":{"rendered":"https:\/\/www.burgosdeporte.com\/?p=142158"},"modified":"2025-07-23T13:06:12","modified_gmt":"2025-07-23T11:06:12","slug":"la-vuelta-a-castilla-y-leon-elite-y-sub-23-pasara-el-jueves-por-burgos","status":"publish","type":"post","link":"https:\/\/www.burgosdeporte.com\/?p=142158","title":{"rendered":"La Vuelta a Castilla y Le\u00f3n \u00e9lite y sub-23 pasar\u00e1 el jueves por Burgos"},"content":{"rendered":"\n<p><strong><em>La ronda ciclista regional llegar\u00e1 a la provincia burgalesa en su cuarta etapa<\/em><\/strong><\/p>\n\n\n\n<p class=\"has-text-align-right\">(<em>Fotograf\u00eda: Vuelta a Castilla y Le\u00f3n \u00e9lite y sub-23<\/em>)<\/p>\n\n\n<div class=\"wp-block-image\">\n<figure class=\"aligncenter size-full\"><a href=\"https:\/\/www.tandemgyd.com\/\" target=\"_blank\" rel=\" noreferrer noopener\"><img loading=\"lazy\" decoding=\"async\" width=\"200\" height=\"183\" src=\"https:\/\/www.burgosdeporte.com\/wp-content\/uploads\/2023\/09\/Logo_Tandem.jpg\" alt=\"\" class=\"wp-image-107992\" srcset=\"https:\/\/www.burgosdeporte.com\/wp-content\/uploads\/2023\/09\/Logo_Tandem.jpg 200w, https:\/\/www.burgosdeporte.com\/wp-content\/uploads\/2023\/09\/Logo_Tandem-150x137.jpg 150w\" sizes=\"auto, (max-width: 200px) 100vw, 200px\" \/><\/a><\/figure>\n<\/div>\n\n\n<p>En Salamanca, con una contrarreloj individual, se ha puesto en marcha la II edici\u00f3n de la Vuelta a Castilla y Le\u00f3n \u00e9lite y sub-23. A pesar de ser una carrera sin apenas longevidad, la ronda castellano y leonesa ya se ha instalado como una de las citas imperdibles e imprescindibles en el calendario amateur de este pa\u00eds.<\/p>\n\n\n\n<p>En este 2025, la carrera crece hasta las 6 etapas, convirti\u00e9ndose en la prueba por etapas m\u00e1s larga de la actualidad en el panorama aficionado. La caravana ciclista se pasear\u00e1 por 8 de las 9 provincias que forman Castilla y Le\u00f3n. Adem\u00e1s, ofrecer\u00e1 un trazado abierto a todas las posibilidades con una crono individual inaugural, dos jornadas de monta\u00f1a, citas para los esprinters y finales con trampa en los que habr\u00e1 oportunidad para que los m\u00e1s valientes puedan dar un susto al gran pelot\u00f3n.<\/p>\n\n\n\n<p>Recorrido de la II Vuelta a Castilla y Le\u00f3n \u00e9lite y sub-23<\/p>\n\n\n\n<p>Etapa 1: Salamanca \u2013 Salamanca; 3,8 kil\u00f3metros CRI (lunes, 21 de julio)<\/p>\n\n\n\n<p>Etapa 2: El Barco de \u00c1vila \u2013 Ciudad Rodrigo; 137 kil\u00f3metros (martes, 22 de julio)<\/p>\n\n\n\n<p>Etapa 3: Santa Marta de Torm\u00e9s \u2013 Cu\u00e9llar; 156 kil\u00f3metros (mi\u00e9rcoles, 23 de julio)<\/p>\n\n\n\n<p><strong>Etapa 4: Castrojeriz \u2013 Valderas: 147 kil\u00f3metros (jueves, 24 de julio)<\/strong><\/p>\n\n\n\n<p>Si el d\u00eda anterior se cruzaba de oeste a este el sur de la comunidad castellano y leonesa, en este cuarto d\u00eda los ciclistas har\u00e1n camino contrario de este a oeste pero por el norte, para partir desde la localidad burgalesa de Castrojeriz, cruzar Palencia, y acabar llegando con otros 150 kil\u00f3metros en las piernas a Valderas, en la provincia de Le\u00f3n.<\/p>\n\n\n\n<p>Seguro que como el d\u00eda anterior, el calor ser\u00e1 nota predominante en el trayecto de los corredores, algo que despu\u00e9s de cuatro jornadas puede ser determinante en la acumulaci\u00f3n de esfuerzos. De nuevo no habr\u00e1 cotas puntuables en el recorrido, aunque es cierto que en el primer tramo de esta cuarto etapa s\u00ed habr\u00e1 que hacer frente a varios repechos que podr\u00e1n animar los ataques para la escapada, con el aliciente adem\u00e1s del sprint intermedio de Fromista (km 21,3).<\/p>\n\n\n\n<p>El siguiente de esos puntos intermedios ya llegar\u00e1 en Villal\u00f3n de Campos (km 87,4), en suelo vallisoletano, por lo que en este cuarto parcial se dar\u00e1 la circunstancia curiosa de que los corredores rodar\u00e1n hasta por cinco provincias diferentes (en el tramo final se sumar\u00e1n unos kil\u00f3metros dentro de Zamora).<\/p>\n\n\n\n<p>Tambi\u00e9n puede ser este un d\u00eda donde le viento tenga su trascendencia, principalmente en los \u00faltimos 20 kil\u00f3metros, cuando se pase por primera vez por Valderas y se haga frente a un bucle con varios cambios de direcci\u00f3n y por largas rectas, que podr\u00edan animar y mucho a los equipos con mejores rodadores a poner a todos en fila de uno y darse los siempre temidos abanicos, siendo aqu\u00ed cuando, por unos pocos instantes, se transite por carreteras zamoranas.<\/p>\n\n\n\n<p>La meta de Valderas, donde seguro que los corredores no podr\u00e1n disfrutar de su fabuloso bacalao, estar\u00e1 situada en un \u00faltimo kil\u00f3metro hacia arriba, aunque en este caso ser\u00e1 en un asfalto perfecto y con una pendiente muy inferior a los dos d\u00edas precedentes.<\/p>\n\n\n\n<p>Etapa 5: Aguilar de Campoo \u2013 Bra\u00f1osera (La Collada); 153,6 kil\u00f3metros (viernes, 25 de julio)<\/p>\n\n\n\n<p>Etapa 6: Arroyo de la Encomienda \u2013 Medina del Campo; 117,4 kil\u00f3metros (s\u00e1bado, 26 de julio)<\/p>\n\n\n\n<p><strong>Favoritos de la II Vuelta a Castilla y Le\u00f3n \u00e9lite y sub-23<\/strong><\/p>\n\n\n\n<p>Importante participaci\u00f3n para pelear por ser el sucesor de Dani Cavia y poder seguir su estela hacia el profesionalismo. Un total de 20 escuadras nacionales e internacionales disputar\u00e1n la Vuelta a Castilla y Le\u00f3n \u00e9lite y sub-23. Repiten la gran mayor\u00eda de escuadras, con menci\u00f3n especial a los equipos filiales de equipos profesionales: el Equipo Cortizo, cuyos colores defend\u00eda Cavia el a\u00f1o pasado (ahora en las filas del Burgos Burpellet BH) y que buscar\u00e1 reeditar victoria con Maksym Bilyi, que sab\u00e9 lo que es ir de l\u00edder en esta carrera, Samuel Fl\u00f3rez y Jordi Artigues, otro que en 2024 levant\u00f3 los brazos en Castilla y Le\u00f3n; el Caja Rural ALEA, equipo de desarrollo del Caja Rural Seguros RGA, que partir\u00e1 con Juan Pedro Lozano y Daniel Cepa como hombres fuertes; Euskadi Fundazioa, filial del Euskaltel Euskadi y que tendr\u00e1 en Samuel Fern\u00e1ndez, flamante ganador de la reciente Vuelta a Madrid Sub-23 a su principal baza; y Equipo Finisher, filial del Equipo Kern Pharma, que intentar\u00e1 que Hugo Tapiz, Yen Yi Ho o el local Emilio Garc\u00eda cojan el testigo dejado por Nil Gimeno hace un a\u00f1o. En el plano internacional, el Kelly Benefits de EEUU dar\u00e1 el toque m\u00e1s ex\u00f3tico a la prueba, con las principales amenazas de Owen Cole y Henry Neff.<\/p>\n\n\n\n<p>Completan la n\u00f3mina de participantes los conjuntos gallegos Vigo R\u00edas Baixas con Iker Trigo y Alejandro Granados, podio en 2024 de esta carrera, Supermercados Froiz con Mateu Estelrich y High Level Gsport con Pau Domenech y Emilio Llopis; desde la Comunitat Valenciana llegan Essax Svico Foundation con Gerard Ginabreda y Natural Greatness RALI AL\u00c9 con el talentoso escalador Pedri Crause adem\u00e1s de Iker Soriano y Marc Dols, la Comunidad de Madrid tendr\u00e1 representaci\u00f3n de El Bicho Plataforma Central Iberum con Jorge Garc\u00eda; desde Euskadi competir\u00e1n tambi\u00e9n el Eiser Hirumet con Eder Moreno y el Grupo Eulen Nuuk con Mateo Vierge; Navarra completa su participaci\u00f3n con el Telco \u2013 ON Clima \u2013 Os\u00e9s con Juan Camilo Castillo y Kacper Krawiec, estar\u00e1 en l\u00ednea de salida el Extremadura Pebetero el sobresaliente Jos\u00e9 Mar\u00eda Mart\u00edn, posible candidato en cualquier terreno, dos representantes desde Cantabria como el Equipo Gomur con Maxime Diribarne y Alejandro del Cid y el Multihogar con Iker Rial; el conjunto murciano Valverde Team Ricardo Fuentes con Izan Monroig e Iv\u00e1n Loaisa y los canarios de Tenerife BikePoint La Sede con Nicholas Narraway y el charro Juan Mar\u00eda Cuella; as\u00ed como el representante local Technosylva Maglia Rower Bembibre, escuadra leonesa que pelear\u00e1 con u\u00f1as y dientes por la carrera de su tierra con un grand\u00edsimo favorito a todo como el argentino Fabrizio Crozzolo, acompa\u00f1ado por el luso Gon\u00e7alo Amaral.<\/p>\n\n\n\n<p>Adem\u00e1s, esta ronda cuenta con varios d\u00edas en los que los velocistas deber\u00edan mostrar sus cartas por lo que habr\u00e1 que apuntar la presencia de ciclistas rapid\u00edsimos como el ya citado Jos\u00e9 Mar\u00eda Mart\u00edn (Extremadura Pebetero), Francesc Bennassar (Equipo Cortizo), Diego Ruiz de Arcaute (Caja Rural-Alea), Grigorii Skorniakov, ganador el a\u00f1o pasado de la \u00fanica volata de esta ronda, y su compa\u00f1ero Ilia Savekin (Technosylva-Maglia-Rower-Bembibre), Jorge Gonz\u00e1lez (Fundaci\u00f3n Euskadi) o Be\u00f1at Garaiar (Telco&#8217;m-ON Clima-Os\u00e8s).<\/p>\n","protected":false},"excerpt":{"rendered":"<p>La ronda ciclista regional llegar\u00e1 a la provincia burgalesa en su cuarta etapa (Fotograf\u00eda: Vuelta a Castilla y Le\u00f3n \u00e9lite y sub-23) En Salamanca, con una contrarreloj individual, se ha puesto en marcha la II edici\u00f3n de la Vuelta a Castilla y Le\u00f3n \u00e9lite y sub-23. A pesar de ser una carrera sin apenas longevidad, [&hellip;]<\/p>\n","protected":false},"author":10,"featured_media":142159,"comment_status":"closed","ping_status":"closed","sticky":false,"template":"","format":"standard","meta":{"_monsterinsights_skip_tracking":false,"_monsterinsights_sitenote_active":false,"_monsterinsights_sitenote_note":"","_monsterinsights_sitenote_category":0,"footnotes":""},"categories":[63],"tags":[1553,64,2500],"class_list":{"0":"post-142158","1":"post","2":"type-post","3":"status-publish","4":"format-standard","5":"has-post-thumbnail","7":"category-ciclismo","8":"tag-actualidad-2","9":"tag-ciclismo","10":"tag-vueltacylelitesub23"},"views":71,"_links":{"self":[{"href":"https:\/\/www.burgosdeporte.com\/index.php?rest_route=\/wp\/v2\/posts\/142158","targetHints":{"allow":["GET"]}}],"collection":[{"href":"https:\/\/www.burgosdeporte.com\/index.php?rest_route=\/wp\/v2\/posts"}],"about":[{"href":"https:\/\/www.burgosdeporte.com\/index.php?rest_route=\/wp\/v2\/types\/post"}],"author":[{"embeddable":true,"href":"https:\/\/www.burgosdeporte.com\/index.php?rest_route=\/wp\/v2\/users\/10"}],"replies":[{"embeddable":true,"href":"https:\/\/www.burgosdeporte.com\/index.php?rest_route=%2Fwp%2Fv2%2Fcomments&post=142158"}],"version-history":[{"count":1,"href":"https:\/\/www.burgosdeporte.com\/index.php?rest_route=\/wp\/v2\/posts\/142158\/revisions"}],"predecessor-version":[{"id":142160,"href":"https:\/\/www.burgosdeporte.com\/index.php?rest_route=\/wp\/v2\/posts\/142158\/revisions\/142160"}],"wp:featuredmedia":[{"embeddable":true,"href":"https:\/\/www.burgosdeporte.com\/index.php?rest_route=\/wp\/v2\/media\/142159"}],"wp:attachment":[{"href":"https:\/\/www.burgosdeporte.com\/index.php?rest_route=%2Fwp%2Fv2%2Fmedia&parent=142158"}],"wp:term":[{"taxonomy":"category","embeddable":true,"href":"https:\/\/www.burgosdeporte.com\/index.php?rest_route=%2Fwp%2Fv2%2Fcategories&post=142158"},{"taxonomy":"post_tag","embeddable":true,"href":"https:\/\/www.burgosdeporte.com\/index.php?rest_route=%2Fwp%2Fv2%2Ftags&post=142158"}],"curies":[{"name":"wp","href":"https:\/\/api.w.org\/{rel}","templated":true}]}}