{"id":142151,"date":"2025-07-21T17:09:04","date_gmt":"2025-07-21T15:09:04","guid":{"rendered":"https:\/\/www.burgosdeporte.com\/?p=142151"},"modified":"2025-07-22T16:38:55","modified_gmt":"2025-07-22T14:38:55","slug":"mikel-landa-vuelve-a-la-vuelta-a-burgos-con-soudal-quick-step","status":"publish","type":"post","link":"https:\/\/www.burgosdeporte.com\/?p=142151","title":{"rendered":"Mikel Landa vuelve a la Vuelta a Burgos con Soudal Quick-Step"},"content":{"rendered":"\n<p><strong><em>La escuadra belga alinea a siete corredores que combinan victorias WorldTour y juventud prometedora<\/em><\/strong><\/p>\n\n\n\n<p class=\"has-text-align-right\">(<em>Fotograf\u00eda: Vuelta a Burgos<\/em>)<\/p>\n\n\n<div class=\"wp-block-image\">\n<figure class=\"aligncenter size-full\"><a href=\"https:\/\/www.tandemgyd.com\/\" target=\"_blank\" rel=\" noreferrer noopener\"><img loading=\"lazy\" decoding=\"async\" width=\"200\" height=\"183\" src=\"https:\/\/www.burgosdeporte.com\/wp-content\/uploads\/2023\/09\/Logo_Tandem.jpg\" alt=\"\" class=\"wp-image-107992\" srcset=\"https:\/\/www.burgosdeporte.com\/wp-content\/uploads\/2023\/09\/Logo_Tandem.jpg 200w, https:\/\/www.burgosdeporte.com\/wp-content\/uploads\/2023\/09\/Logo_Tandem-150x137.jpg 150w\" sizes=\"auto, (max-width: 200px) 100vw, 200px\" \/><\/a><\/figure>\n<\/div>\n\n\n<p>El Soudal Quick-Step, equipo belga de categor\u00eda UCI WorldTeam, ha confirmado la pre-inscripci\u00f3n de sus siete corredores para la XLVII Vuelta a Burgos masculina (5-9 agosto). El alav\u00e9s Mikel Landa encabezar\u00e1 una formaci\u00f3n que a\u00fana experiencia en grandes vueltas y triunfos recientes en el calendario WorldTour, acompa\u00f1ada por los belgas Louis Vervaeke, Pieter Serry y Junior Lecerf, el italiano Gianmarco Garofoli, el estadounidense Luke Lamperti y el brit\u00e1nico James Knox.<\/p>\n\n\n\n<p>Mikel Landa vuelve a la competici\u00f3n apenas tres meses despu\u00e9s de la fractura de v\u00e9rtebra sufrida en la primera etapa del Giro de Italia, lesi\u00f3n que le oblig\u00f3 a interrumpir su temporada y a encarar una recuperaci\u00f3n de doce semanas. El vasco, vencedor absoluto de la Vuelta a Burgos en 2017 y 2021, atesora adem\u00e1s dos podios en el Giro de Italia (2015 y 2022) y un cuarto puesto en el Tour de Francia, credenciales que lo convierten en uno de los grandes focos de atenci\u00f3n de la ronda provincial.<\/p>\n\n\n\n<p>A su lado destaca Louis Vervaeke, escalador belga que este mismo febrero se impuso en la segunda etapa del Tour de Om\u00e1n tras una fuga de largo alcance, confirmando su capacidad para rematar en terrenos quebrados. La punta de velocidad llegar\u00e1 con Luke Lamperti: el californiano, triple campe\u00f3n nacional de criterium en Estados Unidos, logr\u00f3 su primera victoria WorldTour al sprint en 2024 y ya se ha colado en los podios de las cl\u00e1sicas flamencas esta temporada.<\/p>\n\n\n\n<p>El bloque de futuro lo encabezan Gianmarco Garofoli, cuarto en una etapa del \u00faltimo &nbsp;Giro y antiguo ganador de la Vuelta al Valle d\u2019Aosta, y Junior Lecerf, segundo en la general del AlUla Tour y protagonista en el Tour de Romand\u00eda y la Vuelta a Espa\u00f1a con actuaciones que han evidenciado su talento escalador.<\/p>\n\n\n\n<p>La experiencia t\u00e1ctica recae en Pieter Serry, s\u00e9ptimo en Il Lombardia 2013 y habitual gregario de lujo en las Ardenas, y en James Knox, escalador que ya ha rozado el \u2018top 10\u2019 en Tirreno-Adriatico e Itzulia y que aporta fiabilidad en etapas de monta\u00f1a.<\/p>\n\n\n\n<p>La combinaci\u00f3n de un l\u00edder contrastado, gregarios con victorias recientes y j\u00f3venes en pleno crecimiento ofrece al Soudal Quick-Step m\u00faltiples cartas estrat\u00e9gicas para los catorce puertos de la edici\u00f3n, especialmente en la decisiva ascensi\u00f3n a las Lagunas de Neila. El equipo belga conf\u00eda en que Landa, conocedor del terreno burgal\u00e9s, reencuentre sensaciones competitivas y que sus compa\u00f1eros puedan pelear etapas o respaldar al alav\u00e9s en la general.<\/p>\n","protected":false},"excerpt":{"rendered":"<p>La escuadra belga alinea a siete corredores que combinan victorias WorldTour y juventud prometedora (Fotograf\u00eda: Vuelta a Burgos) El Soudal Quick-Step, equipo belga de categor\u00eda UCI WorldTeam, ha confirmado la pre-inscripci\u00f3n de sus siete corredores para la XLVII Vuelta a Burgos masculina (5-9 agosto). El alav\u00e9s Mikel Landa encabezar\u00e1 una formaci\u00f3n que a\u00fana experiencia en [&hellip;]<\/p>\n","protected":false},"author":10,"featured_media":142152,"comment_status":"closed","ping_status":"closed","sticky":false,"template":"","format":"standard","meta":{"_monsterinsights_skip_tracking":false,"_monsterinsights_sitenote_active":false,"_monsterinsights_sitenote_note":"","_monsterinsights_sitenote_category":0,"footnotes":""},"categories":[63],"tags":[1553,64,2499,479],"class_list":{"0":"post-142151","1":"post","2":"type-post","3":"status-publish","4":"format-standard","5":"has-post-thumbnail","7":"category-ciclismo","8":"tag-actualidad-2","9":"tag-ciclismo","10":"tag-mikellanda","11":"tag-vueltaaburgos"},"views":27,"_links":{"self":[{"href":"https:\/\/www.burgosdeporte.com\/index.php?rest_route=\/wp\/v2\/posts\/142151","targetHints":{"allow":["GET"]}}],"collection":[{"href":"https:\/\/www.burgosdeporte.com\/index.php?rest_route=\/wp\/v2\/posts"}],"about":[{"href":"https:\/\/www.burgosdeporte.com\/index.php?rest_route=\/wp\/v2\/types\/post"}],"author":[{"embeddable":true,"href":"https:\/\/www.burgosdeporte.com\/index.php?rest_route=\/wp\/v2\/users\/10"}],"replies":[{"embeddable":true,"href":"https:\/\/www.burgosdeporte.com\/index.php?rest_route=%2Fwp%2Fv2%2Fcomments&post=142151"}],"version-history":[{"count":1,"href":"https:\/\/www.burgosdeporte.com\/index.php?rest_route=\/wp\/v2\/posts\/142151\/revisions"}],"predecessor-version":[{"id":142153,"href":"https:\/\/www.burgosdeporte.com\/index.php?rest_route=\/wp\/v2\/posts\/142151\/revisions\/142153"}],"wp:featuredmedia":[{"embeddable":true,"href":"https:\/\/www.burgosdeporte.com\/index.php?rest_route=\/wp\/v2\/media\/142152"}],"wp:attachment":[{"href":"https:\/\/www.burgosdeporte.com\/index.php?rest_route=%2Fwp%2Fv2%2Fmedia&parent=142151"}],"wp:term":[{"taxonomy":"category","embeddable":true,"href":"https:\/\/www.burgosdeporte.com\/index.php?rest_route=%2Fwp%2Fv2%2Fcategories&post=142151"},{"taxonomy":"post_tag","embeddable":true,"href":"https:\/\/www.burgosdeporte.com\/index.php?rest_route=%2Fwp%2Fv2%2Ftags&post=142151"}],"curies":[{"name":"wp","href":"https:\/\/api.w.org\/{rel}","templated":true}]}}