{"id":142124,"date":"2025-07-20T00:05:36","date_gmt":"2025-07-19T22:05:36","guid":{"rendered":"https:\/\/www.burgosdeporte.com\/?p=142124"},"modified":"2025-07-21T17:13:06","modified_gmt":"2025-07-21T15:13:06","slug":"sara-martin-recibio-el-mas-calido-homenaje-de-aranda-de-duero","status":"publish","type":"post","link":"https:\/\/www.burgosdeporte.com\/?p=142124","title":{"rendered":"Sara Mart\u00edn recibi\u00f3 el m\u00e1s c\u00e1lido homenaje de Aranda de Duero"},"content":{"rendered":"\n<h2 class=\"wp-block-heading\">La afici\u00f3n al ciclismo de Aranda se rindi\u00f3 a la flamante campeona de Espa\u00f1a. Una marcha en bicicleta por la Villa y el acto conmemorativo en la Plaza del Trigo expresaron el respeto y cari\u00f1o por la ciclista arandina.<\/h2>\n\n\n<div class=\"wp-block-image\">\n<figure class=\"aligncenter size-large is-resized\"><img loading=\"lazy\" decoding=\"async\" width=\"819\" height=\"1024\" src=\"https:\/\/www.burgosdeporte.com\/wp-content\/uploads\/2025\/04\/RRSS_CARRUSEL1-INSTAGRAM-1080X1350-819x1024.png\" alt=\"\" class=\"wp-image-137712\" style=\"width:261px;height:auto\" srcset=\"https:\/\/www.burgosdeporte.com\/wp-content\/uploads\/2025\/04\/RRSS_CARRUSEL1-INSTAGRAM-1080X1350-819x1024.png 819w, https:\/\/www.burgosdeporte.com\/wp-content\/uploads\/2025\/04\/RRSS_CARRUSEL1-INSTAGRAM-1080X1350-240x300.png 240w, https:\/\/www.burgosdeporte.com\/wp-content\/uploads\/2025\/04\/RRSS_CARRUSEL1-INSTAGRAM-1080X1350-768x960.png 768w, https:\/\/www.burgosdeporte.com\/wp-content\/uploads\/2025\/04\/RRSS_CARRUSEL1-INSTAGRAM-1080X1350-150x188.png 150w, https:\/\/www.burgosdeporte.com\/wp-content\/uploads\/2025\/04\/RRSS_CARRUSEL1-INSTAGRAM-1080X1350-300x375.png 300w, https:\/\/www.burgosdeporte.com\/wp-content\/uploads\/2025\/04\/RRSS_CARRUSEL1-INSTAGRAM-1080X1350-696x870.png 696w, https:\/\/www.burgosdeporte.com\/wp-content\/uploads\/2025\/04\/RRSS_CARRUSEL1-INSTAGRAM-1080X1350-1068x1335.png 1068w, https:\/\/www.burgosdeporte.com\/wp-content\/uploads\/2025\/04\/RRSS_CARRUSEL1-INSTAGRAM-1080X1350.png 1080w\" sizes=\"auto, (max-width: 819px) 100vw, 819px\" \/><\/figure>\n<\/div>\n\n\n<p>Aranda de Duero homenaje\u00f3 a su gran campeona\u00a0Sara Mart\u00edn. La victoria en el reciente Campeonato de Espa\u00f1a celebrado en Granada, ha servido  para que la ciclista de Movistar Team reciba todas la muestras de cari\u00f1o del mundo de la bici. Cerca de\u00a0dos centenares de personas\u00a0han acompa\u00f1ado en bicicleta a Mart\u00edn en un recorrido dise\u00f1ado por la Concejal\u00eda de Deportes.<\/p>\n\n\n\n<p>Con posterioridad, el acto presentado en la Plaza del Trigo por el director de\u00a0DUERO Deporte, Diego Mart\u00edn, y el animador\u00a0DJ Ziry\u00a0ha contado con la presencia del alcalde de Aranda de Duero,\u00a0Antonio Linaje;\u00a0Ventura La fuente\u00a0(entrenador en categor\u00edas) y el exciclista profesional y emblema Arandina,\u00a0Carmelo Miranda.<\/p>\n\n\n\n<figure class=\"wp-block-image size-full\"><img loading=\"lazy\" decoding=\"async\" width=\"1000\" height=\"575\" src=\"https:\/\/www.burgosdeporte.com\/wp-content\/uploads\/2025\/07\/homenaje-sara-2.jpg\" alt=\"\" class=\"wp-image-142126\" srcset=\"https:\/\/www.burgosdeporte.com\/wp-content\/uploads\/2025\/07\/homenaje-sara-2.jpg 1000w, https:\/\/www.burgosdeporte.com\/wp-content\/uploads\/2025\/07\/homenaje-sara-2-300x173.jpg 300w, https:\/\/www.burgosdeporte.com\/wp-content\/uploads\/2025\/07\/homenaje-sara-2-768x442.jpg 768w, https:\/\/www.burgosdeporte.com\/wp-content\/uploads\/2025\/07\/homenaje-sara-2-150x86.jpg 150w, https:\/\/www.burgosdeporte.com\/wp-content\/uploads\/2025\/07\/homenaje-sara-2-696x400.jpg 696w\" sizes=\"auto, (max-width: 1000px) 100vw, 1000px\" \/><figcaption class=\"wp-element-caption\"> duerodeporte.com<\/figcaption><\/figure>\n\n\n\n<p>La campeona de Espa\u00f1a, que ya ha estrenado su nuevo maillot distintivo con los colores de Movistar, cuenta desde este jueves con un\u00a0nuevo jersey tremendamente especial dise\u00f1ado para la ocasi\u00f3n. Una prenda del color\u00a0celeste\u00a0de la bandera de Aranda con una franja\u00a0roji gualda, la baranda de Duero y el\u00a0n\u00famero 31\u00a0con el que Sara logr\u00f3 el pasado 29 de junio conquistar la cima del ciclismo espa\u00f1ol. El alcalde fue el encargado de entregarle la preciada prenda.<\/p>\n\n\n\n<p>A continuaci\u00f3n,\u00a0Ventura La fuente\u00a0ha compartido experiencias del paso de Sara Mart\u00edn por la escuela del\u00a0Club Ciclista Arandino. Ahora los tiempos son otros y Veloclub Ribera del Duero<a href=\"https:\/\/www.instagram.com\/veloclubribera\/?hl=es\" target=\"_blank\" rel=\"noopener\">\u00a0<\/a>ha estado presente tambi\u00e9n en el acto de celebraci\u00f3n.<\/p>\n\n\n\n<figure class=\"wp-block-image size-full\"><img loading=\"lazy\" decoding=\"async\" width=\"974\" height=\"756\" src=\"https:\/\/www.burgosdeporte.com\/wp-content\/uploads\/2025\/07\/homenaje-sara-3.jpg\" alt=\"\" class=\"wp-image-142125\" srcset=\"https:\/\/www.burgosdeporte.com\/wp-content\/uploads\/2025\/07\/homenaje-sara-3.jpg 974w, https:\/\/www.burgosdeporte.com\/wp-content\/uploads\/2025\/07\/homenaje-sara-3-300x233.jpg 300w, https:\/\/www.burgosdeporte.com\/wp-content\/uploads\/2025\/07\/homenaje-sara-3-768x596.jpg 768w, https:\/\/www.burgosdeporte.com\/wp-content\/uploads\/2025\/07\/homenaje-sara-3-150x116.jpg 150w, https:\/\/www.burgosdeporte.com\/wp-content\/uploads\/2025\/07\/homenaje-sara-3-696x540.jpg 696w\" sizes=\"auto, (max-width: 974px) 100vw, 974px\" \/><figcaption class=\"wp-element-caption\"> duerodeporte.com<\/figcaption><\/figure>\n\n\n\n<p>Finalmente, la organizaci\u00f3n quiso escenificar el relevo generacional con\u00a0Carmelo Miranda\u00a0quien le otorg\u00f3 una peque\u00f1a bandera de Aranda de Duero para culminar la celebraci\u00f3n.<\/p>\n\n\n\n<h3 class=\"wp-block-heading\"><strong>En el Tour de Francia<\/strong><\/h3>\n\n\n\n<p>Por otro lado, Mart\u00edn ha dejado entrever su pr\u00f3xima presencia en la \u00a1Grande Boucl\u00e9\u2018 Ser\u00eda su segunda presencia en el Tour de Francia un hito solo al alcance de Carmelo Miranda.<a href=\"https:\/\/www.duerodeporte.com\/wp-content\/uploads\/2024\/06\/2-2.png\" target=\"_blank\" rel=\"noopener\"><\/a><\/p>\n\n\n\n<p><\/p>\n","protected":false},"excerpt":{"rendered":"<p>La afici\u00f3n al ciclismo de Aranda se rindi\u00f3 a la flamante campeona de Espa\u00f1a. Una marcha en bicicleta por la Villa y el acto conmemorativo en la Plaza del Trigo expresaron el respeto y cari\u00f1o por la ciclista arandina. Aranda de Duero homenaje\u00f3 a su gran campeona\u00a0Sara Mart\u00edn. La victoria en el reciente Campeonato de [&hellip;]<\/p>\n","protected":false},"author":24,"featured_media":142127,"comment_status":"closed","ping_status":"closed","sticky":false,"template":"","format":"standard","meta":{"_monsterinsights_skip_tracking":false,"_monsterinsights_sitenote_active":false,"_monsterinsights_sitenote_note":"","_monsterinsights_sitenote_category":0,"footnotes":""},"categories":[63],"tags":[1553,1826,2497,2108],"class_list":{"0":"post-142124","1":"post","2":"type-post","3":"status-publish","4":"format-standard","5":"has-post-thumbnail","7":"category-ciclismo","8":"tag-actualidad-2","9":"tag-duerodeporte","10":"tag-movistarteam","11":"tag-saramartin-2"},"views":23,"_links":{"self":[{"href":"https:\/\/www.burgosdeporte.com\/index.php?rest_route=\/wp\/v2\/posts\/142124","targetHints":{"allow":["GET"]}}],"collection":[{"href":"https:\/\/www.burgosdeporte.com\/index.php?rest_route=\/wp\/v2\/posts"}],"about":[{"href":"https:\/\/www.burgosdeporte.com\/index.php?rest_route=\/wp\/v2\/types\/post"}],"author":[{"embeddable":true,"href":"https:\/\/www.burgosdeporte.com\/index.php?rest_route=\/wp\/v2\/users\/24"}],"replies":[{"embeddable":true,"href":"https:\/\/www.burgosdeporte.com\/index.php?rest_route=%2Fwp%2Fv2%2Fcomments&post=142124"}],"version-history":[{"count":1,"href":"https:\/\/www.burgosdeporte.com\/index.php?rest_route=\/wp\/v2\/posts\/142124\/revisions"}],"predecessor-version":[{"id":142128,"href":"https:\/\/www.burgosdeporte.com\/index.php?rest_route=\/wp\/v2\/posts\/142124\/revisions\/142128"}],"wp:featuredmedia":[{"embeddable":true,"href":"https:\/\/www.burgosdeporte.com\/index.php?rest_route=\/wp\/v2\/media\/142127"}],"wp:attachment":[{"href":"https:\/\/www.burgosdeporte.com\/index.php?rest_route=%2Fwp%2Fv2%2Fmedia&parent=142124"}],"wp:term":[{"taxonomy":"category","embeddable":true,"href":"https:\/\/www.burgosdeporte.com\/index.php?rest_route=%2Fwp%2Fv2%2Fcategories&post=142124"},{"taxonomy":"post_tag","embeddable":true,"href":"https:\/\/www.burgosdeporte.com\/index.php?rest_route=%2Fwp%2Fv2%2Ftags&post=142124"}],"curies":[{"name":"wp","href":"https:\/\/api.w.org\/{rel}","templated":true}]}}