{"id":142097,"date":"2025-07-18T12:41:36","date_gmt":"2025-07-18T10:41:36","guid":{"rendered":"https:\/\/www.burgosdeporte.com\/?p=142097"},"modified":"2025-07-21T13:01:46","modified_gmt":"2025-07-21T11:01:46","slug":"tarragona-proximo-destino-del-burgos-burpellet-bh","status":"publish","type":"post","link":"https:\/\/www.burgosdeporte.com\/?p=142097","title":{"rendered":"Tarragona, pr\u00f3ximo destino del Burgos Burpellet BH"},"content":{"rendered":"\n<p><strong><em>Los escaladores del equipo morado buscar\u00e1n la victoria en la segunda edici\u00f3n de la Cl\u00e0ssica Terres de l&#8217;Ebre<\/em><\/strong><\/p>\n\n\n<div class=\"wp-block-image\">\n<figure class=\"aligncenter size-full\"><a href=\"https:\/\/www.tandemgyd.com\/\" target=\"_blank\" rel=\" noreferrer noopener\"><img loading=\"lazy\" decoding=\"async\" width=\"200\" height=\"183\" src=\"https:\/\/www.burgosdeporte.com\/wp-content\/uploads\/2023\/09\/Logo_Tandem.jpg\" alt=\"\" class=\"wp-image-107992\" srcset=\"https:\/\/www.burgosdeporte.com\/wp-content\/uploads\/2023\/09\/Logo_Tandem.jpg 200w, https:\/\/www.burgosdeporte.com\/wp-content\/uploads\/2023\/09\/Logo_Tandem-150x137.jpg 150w\" sizes=\"auto, (max-width: 200px) 100vw, 200px\" \/><\/a><\/figure>\n<\/div>\n\n\n<p>Como cada mes de julio, el foco competitivo del Burgos Burpellet BH se pone en las cl\u00e1sicas espa\u00f1olas. El equipo morado disputar\u00e1 en las dos pr\u00f3ximas semanas hasta cinco carreras de un d\u00eda en nuestro pa\u00eds, comenzando este lunes 21 con la Cl\u00e0ssica Terres de l&#8217;Ebre (1.1 UCI). La prueba tarraconense celebrar\u00e1 su segunda edici\u00f3n con un trayecto de media monta\u00f1a entre Roquetas y Tortosa, donde finalizar\u00e1 la carrera en un explosivo ascenso final hasta la Ermita de Mig Cam\u00ed. El conjunto burgal\u00e9s acude a la cita catalana con siete corredores capaces de destacar en las subidas que presenta el recorrido.<\/p>\n\n\n\n<p>La Cl\u00e0ssica Terres de l&#8217;Ebre, que el a\u00f1o pasado acab\u00f3 en el Mont Caro, en esta ocasi\u00f3n presenta un perfil igualmente monta\u00f1oso, pero abierto a una mayor variedad de corredores. Ser\u00e1n 185 kil\u00f3metros los que separar\u00e1n Roquetas y Tortosa, circulando por las Tierras del Ebro, la regi\u00f3n m\u00e1s meridional de Catalu\u00f1a. La primera parte de la carrera ser\u00e1 m\u00e1s llana, en direcci\u00f3n a la meta volante de Sant Jaume d&#8217;Enveja, para posteriormente ascender hasta el Perell\u00f3.<\/p>\n\n\n\n<p>A partir del kil\u00f3metro 100 llegar\u00e1 la mayor dureza de la prueba, con hasta cuatro ascensos enlazados, destacando los dos \u00faltimos: el Alto de Prat de Comte y el Alto de Pa\u00fcls. El pelot\u00f3n regresar\u00e1 entonces hasta la zona de salida para afrontar la subida final hasta la Ermita de Mig Cam\u00ed de Tortosa, donde se coronar\u00e1 al ganador de la segunda edici\u00f3n de la carrera.<\/p>\n\n\n\n<p>El Burgos Burpellet BH presentar\u00e1 en la l\u00ednea de salida un equipo bastante completo, con predominio de los escaladores. Algunos llegan tras competir en Qinghai, como Cl\u00e9ment Alleno y Merhawi Kudus. Otros han estado realizando concentraciones en altitud en las \u00faltimas semanas. Tal es el caso de \u00c1ngel Fuentes, Jos\u00e9 Luis Faura, Eric Fag\u00fandez, Carlos Garc\u00eda Pierna, y David Delgado. El jienense fue uno de los tres morados que acabaron entre los diez primeros clasificados de la pasada edici\u00f3n.<\/p>\n","protected":false},"excerpt":{"rendered":"<p>Los escaladores del equipo morado buscar\u00e1n la victoria en la segunda edici\u00f3n de la Cl\u00e0ssica Terres de l&#8217;Ebre Como cada mes de julio, el foco competitivo del Burgos Burpellet BH se pone en las cl\u00e1sicas espa\u00f1olas. El equipo morado disputar\u00e1 en las dos pr\u00f3ximas semanas hasta cinco carreras de un d\u00eda en nuestro pa\u00eds, comenzando [&hellip;]<\/p>\n","protected":false},"author":10,"featured_media":142098,"comment_status":"closed","ping_status":"closed","sticky":false,"template":"","format":"standard","meta":{"_monsterinsights_skip_tracking":false,"_monsterinsights_sitenote_active":false,"_monsterinsights_sitenote_note":"","_monsterinsights_sitenote_category":0,"footnotes":""},"categories":[63],"tags":[1553,11,64],"class_list":{"0":"post-142097","1":"post","2":"type-post","3":"status-publish","4":"format-standard","5":"has-post-thumbnail","7":"category-ciclismo","8":"tag-actualidad-2","9":"tag-burgosbh","10":"tag-ciclismo"},"views":29,"_links":{"self":[{"href":"https:\/\/www.burgosdeporte.com\/index.php?rest_route=\/wp\/v2\/posts\/142097","targetHints":{"allow":["GET"]}}],"collection":[{"href":"https:\/\/www.burgosdeporte.com\/index.php?rest_route=\/wp\/v2\/posts"}],"about":[{"href":"https:\/\/www.burgosdeporte.com\/index.php?rest_route=\/wp\/v2\/types\/post"}],"author":[{"embeddable":true,"href":"https:\/\/www.burgosdeporte.com\/index.php?rest_route=\/wp\/v2\/users\/10"}],"replies":[{"embeddable":true,"href":"https:\/\/www.burgosdeporte.com\/index.php?rest_route=%2Fwp%2Fv2%2Fcomments&post=142097"}],"version-history":[{"count":2,"href":"https:\/\/www.burgosdeporte.com\/index.php?rest_route=\/wp\/v2\/posts\/142097\/revisions"}],"predecessor-version":[{"id":142100,"href":"https:\/\/www.burgosdeporte.com\/index.php?rest_route=\/wp\/v2\/posts\/142097\/revisions\/142100"}],"wp:featuredmedia":[{"embeddable":true,"href":"https:\/\/www.burgosdeporte.com\/index.php?rest_route=\/wp\/v2\/media\/142098"}],"wp:attachment":[{"href":"https:\/\/www.burgosdeporte.com\/index.php?rest_route=%2Fwp%2Fv2%2Fmedia&parent=142097"}],"wp:term":[{"taxonomy":"category","embeddable":true,"href":"https:\/\/www.burgosdeporte.com\/index.php?rest_route=%2Fwp%2Fv2%2Fcategories&post=142097"},{"taxonomy":"post_tag","embeddable":true,"href":"https:\/\/www.burgosdeporte.com\/index.php?rest_route=%2Fwp%2Fv2%2Ftags&post=142097"}],"curies":[{"name":"wp","href":"https:\/\/api.w.org\/{rel}","templated":true}]}}