{"id":142051,"date":"2025-07-16T14:03:25","date_gmt":"2025-07-16T12:03:25","guid":{"rendered":"https:\/\/www.burgosdeporte.com\/?p=142051"},"modified":"2025-07-17T15:56:17","modified_gmt":"2025-07-17T13:56:17","slug":"catorce-ascensiones-decidiran-la-xlvii-vuelta-a-burgos-de-humada-a-las-lagunas-de-neila","status":"publish","type":"post","link":"https:\/\/www.burgosdeporte.com\/?p=142051","title":{"rendered":"Catorce ascensiones decidir\u00e1n la XLVII Vuelta a Burgos: de Humada a las Lagunas de Neila"},"content":{"rendered":"\n<h2 class=\"wp-block-heading\">Un puerto de categor\u00eda Especial, tres de primera y diez de tercera en los cinco d\u00edas de carrera.<\/h2>\n\n\n<div class=\"wp-block-image\">\n<figure class=\"aligncenter size-full\"><img loading=\"lazy\" decoding=\"async\" width=\"300\" height=\"226\" src=\"https:\/\/www.burgosdeporte.com\/wp-content\/uploads\/2023\/09\/FCastilla_2019.gif\" alt=\"\" class=\"wp-image-107980\"\/><\/figure>\n<\/div>\n\n\n<p>La Vuelta a Burgos 2025 alza el list\u00f3n con catorce ascensiones puntuables que resumen la diversidad geogr\u00e1fica de la provincia: un puerto de categor\u00eda Especial \u2014las inapelables Lagunas de Neila\u2014, tres de primera y diez de tercera. Del paisaje cerealista de Sasam\u00f3n a la frondosa Sierra de la Demanda, la monta\u00f1a ser\u00e1 juez decisivo del maillot morado.<\/p>\n\n\n\n<p>El estreno el 5 de agosto ofrece un aperitivo explosivo. Tras el paso inicial por el Puerto de Humada, de tercera, la carrera se topa con la primera gran dificultad del a\u00f1o: la Mazorra, siete kil\u00f3metros que combinan rampas del nueve por ciento en su arranque con una media superior al cinco y que inauguran la n\u00f3mina de puertos de primera. El Alto del Aguil\u00f3n y la rampa final del Castillo, ambos de tercera, rematan una etapa que ya puede desgastar favoritos.<\/p>\n\n\n\n<p>Veinticuatro horas despu\u00e9s los velocistas gozan de terreno llano camino de Buniel, \u00fanica jornada sin puertos y \u00faltimo d\u00eda en el que los escaladores respiran antes de la batalla.<\/p>\n\n\n\n<p>La tercera etapa, dedicada al \u00abOrigen del Castellano\u00bb, encadena cuatro cimas. El Alto de Barcina abre hostilidades con siete kil\u00f3metros tendidos; el tortuoso Ozeka y el irregular Alto de las Campas a\u00f1aden picante; y el m\u00edtico Ordu\u00f1a, ocho kil\u00f3metros al 7,5 % con picos del nueve, vuelve a figurar en categor\u00eda primera para marcar diferencias reales en la general.<\/p>\n\n\n\n<p>La monta\u00f1a no se detiene. \u00abEnerg\u00eda natural\u00bb, cuarta jornada entre las instalaciones de Burpellet y Regumiel de la Sierra, serpentea por pinares para ascender el Collado de Vilviestre y el Alto del Cargadero, dos terceras que, pese a su pendiente moderada, castigan por la sucesi\u00f3n ininterrumpida de sube-y-baja.<\/p>\n\n\n\n<p>El 9 de agosto llega el cl\u00edmax. La etapa vitivin\u00edcola cruza la Ribera del Duero y, tras el Alto del Cerro y el \u00e1spero Alto de Arroyo \u2014terceras que funcionan como aperitivo\u2014, ofrece la \u00faltima bala a los aspirantes: el muro de Rozavientos, tres kil\u00f3metros y medio al 9,3 %, catalogado de primera, selecci\u00f3n natural inmediata antes del puerto decisivo. Desde Quintanar de la Sierra arranca Neila, seis kil\u00f3metros y medio al 9,2 % con rampas que superan el doce; su categor\u00eda Especial y los 1.868 metros de altitud convierten la llegada en referencia internacional y sentencia habitual de la Vuelta.<\/p>\n\n\n\n<p>La combinaci\u00f3n de puertos refleja la estrategia del IDJ de la Diputaci\u00f3n de Burgos: promocionar el Camino de Santiago, los or\u00edgenes del castellano, la sostenibilidad forestal y el potencial enol\u00f3gico ribere\u00f1o mediante el mejor escaparate deportivo. La alternancia de terceras accesibles y primeras exigentes garantiza espect\u00e1culo cada d\u00eda, mientras que Neila mantiene su aura de cima innegociable en la historia reciente de la carrera.<\/p>\n\n\n\n<p>La organizaci\u00f3n invita a la afici\u00f3n a vivir la experiencia in situ, especialmente en Mazorra, Ordu\u00f1a, Rozavientos y Neila, respetando siempre las indicaciones de seguridad y el entorno natural.<\/p>\n\n\n\n<p><\/p>\n\n\n\n<p><\/p>\n","protected":false},"excerpt":{"rendered":"<p>Un puerto de categor\u00eda Especial, tres de primera y diez de tercera en los cinco d\u00edas de carrera. La Vuelta a Burgos 2025 alza el list\u00f3n con catorce ascensiones puntuables que resumen la diversidad geogr\u00e1fica de la provincia: un puerto de categor\u00eda Especial \u2014las inapelables Lagunas de Neila\u2014, tres de primera y diez de tercera. [&hellip;]<\/p>\n","protected":false},"author":10,"featured_media":142052,"comment_status":"closed","ping_status":"closed","sticky":false,"template":"","format":"standard","meta":{"_monsterinsights_skip_tracking":false,"_monsterinsights_sitenote_active":false,"_monsterinsights_sitenote_note":"","_monsterinsights_sitenote_category":0,"footnotes":""},"categories":[63],"tags":[1553,266,479],"class_list":{"0":"post-142051","1":"post","2":"type-post","3":"status-publish","4":"format-standard","5":"has-post-thumbnail","7":"category-ciclismo","8":"tag-actualidad-2","9":"tag-idjburgos","10":"tag-vueltaaburgos"},"views":31,"_links":{"self":[{"href":"https:\/\/www.burgosdeporte.com\/index.php?rest_route=\/wp\/v2\/posts\/142051","targetHints":{"allow":["GET"]}}],"collection":[{"href":"https:\/\/www.burgosdeporte.com\/index.php?rest_route=\/wp\/v2\/posts"}],"about":[{"href":"https:\/\/www.burgosdeporte.com\/index.php?rest_route=\/wp\/v2\/types\/post"}],"author":[{"embeddable":true,"href":"https:\/\/www.burgosdeporte.com\/index.php?rest_route=\/wp\/v2\/users\/10"}],"replies":[{"embeddable":true,"href":"https:\/\/www.burgosdeporte.com\/index.php?rest_route=%2Fwp%2Fv2%2Fcomments&post=142051"}],"version-history":[{"count":1,"href":"https:\/\/www.burgosdeporte.com\/index.php?rest_route=\/wp\/v2\/posts\/142051\/revisions"}],"predecessor-version":[{"id":142053,"href":"https:\/\/www.burgosdeporte.com\/index.php?rest_route=\/wp\/v2\/posts\/142051\/revisions\/142053"}],"wp:featuredmedia":[{"embeddable":true,"href":"https:\/\/www.burgosdeporte.com\/index.php?rest_route=\/wp\/v2\/media\/142052"}],"wp:attachment":[{"href":"https:\/\/www.burgosdeporte.com\/index.php?rest_route=%2Fwp%2Fv2%2Fmedia&parent=142051"}],"wp:term":[{"taxonomy":"category","embeddable":true,"href":"https:\/\/www.burgosdeporte.com\/index.php?rest_route=%2Fwp%2Fv2%2Fcategories&post=142051"},{"taxonomy":"post_tag","embeddable":true,"href":"https:\/\/www.burgosdeporte.com\/index.php?rest_route=%2Fwp%2Fv2%2Ftags&post=142051"}],"curies":[{"name":"wp","href":"https:\/\/api.w.org\/{rel}","templated":true}]}}