{"id":142042,"date":"2025-07-16T13:18:28","date_gmt":"2025-07-16T11:18:28","guid":{"rendered":"https:\/\/www.burgosdeporte.com\/?p=142042"},"modified":"2025-07-18T11:35:00","modified_gmt":"2025-07-18T09:35:00","slug":"estudian-poner-en-marcha-un-tour-turistico-por-el-estadio-de-el-plantio","status":"publish","type":"post","link":"https:\/\/www.burgosdeporte.com\/?p=142042","title":{"rendered":"Estudian poner en marcha un tour tur\u00edstico por El Plant\u00edo"},"content":{"rendered":"\n<h2 class=\"wp-block-heading\"><em>Empresas de viajes de Alemania y Gran Breta\u00f1a demandan abonos para conocer el ambiente de El Plant\u00edo en los partidos como local<\/em>. Firmado hoy un acuerdo de colaboraci\u00f3n entre el Burgos CF y Fundaci\u00f3n Caja Rural. <\/h2>\n\n\n<div class=\"wp-block-image\">\n<figure class=\"aligncenter size-large is-resized\"><img loading=\"lazy\" decoding=\"async\" width=\"819\" height=\"1024\" src=\"https:\/\/www.burgosdeporte.com\/wp-content\/uploads\/2025\/04\/RRSS_CARRUSEL1-INSTAGRAM-1080X1350-819x1024.png\" alt=\"\" class=\"wp-image-137712\" style=\"width:259px;height:auto\" srcset=\"https:\/\/www.burgosdeporte.com\/wp-content\/uploads\/2025\/04\/RRSS_CARRUSEL1-INSTAGRAM-1080X1350-819x1024.png 819w, https:\/\/www.burgosdeporte.com\/wp-content\/uploads\/2025\/04\/RRSS_CARRUSEL1-INSTAGRAM-1080X1350-240x300.png 240w, https:\/\/www.burgosdeporte.com\/wp-content\/uploads\/2025\/04\/RRSS_CARRUSEL1-INSTAGRAM-1080X1350-768x960.png 768w, https:\/\/www.burgosdeporte.com\/wp-content\/uploads\/2025\/04\/RRSS_CARRUSEL1-INSTAGRAM-1080X1350-150x188.png 150w, https:\/\/www.burgosdeporte.com\/wp-content\/uploads\/2025\/04\/RRSS_CARRUSEL1-INSTAGRAM-1080X1350-300x375.png 300w, https:\/\/www.burgosdeporte.com\/wp-content\/uploads\/2025\/04\/RRSS_CARRUSEL1-INSTAGRAM-1080X1350-696x870.png 696w, https:\/\/www.burgosdeporte.com\/wp-content\/uploads\/2025\/04\/RRSS_CARRUSEL1-INSTAGRAM-1080X1350-1068x1335.png 1068w, https:\/\/www.burgosdeporte.com\/wp-content\/uploads\/2025\/04\/RRSS_CARRUSEL1-INSTAGRAM-1080X1350.png 1080w\" sizes=\"auto, (max-width: 819px) 100vw, 819px\" \/><\/figure>\n<\/div>\n\n\n<p>El consejero delegado del Burgos CF, Alejandro Grandinetti, ha asegurado que el club estudia la posibilidad de crear un \u00abtour tur\u00edstico por el Estadio de El Plant\u00edo\u00bb, como una oferta m\u00e1s al turismo que ofrece la ciudad. El club quiere aprovechar de esta manera el tir\u00f3n medi\u00e1tico y deportivo del primer equipo. Ser\u00e1 una experiencia \u00abcon realidad aumentada\u00bb para aquellos que quieran conocer la historia del equipo \u00aby recorrer el estadio\u00bb para dotar a la instalaci\u00f3n \u00abde nuevos usos\u00bb.<\/p>\n\n\n\n<p>Otra de las novedades anunciadas por Grandinetti es que \u00abdos empresas, una alemana y la otra inglesa\u00bb, dos agencias de viajes, han comprado bonos para sus \u00abcarteras de ofertas a clientes\u00bb para que vengan a \u00abconocer c\u00f3mo se vive la caldera de El Plant\u00edo\u00bb. As\u00ed, se van a ir agregando visitantes que \u00abno solamente vienen a conocer y a participar de un partido de f\u00fatbol, sino a consumir\u00bb en la ciudad y ver sus atractivos.<\/p>\n\n\n\n<p>Todo esto, sin tener todav\u00eda confirmado que el Burgos CF vaya a tener en los pr\u00f3ximos a\u00f1os unas nuevas instalaciones con la reforma de el plant\u00edo. La idea de la Sociedad An\u00f3nima deportiva es \u00abpresentar el proyecto en la segunda parte de septiembre\u00bb al Ayuntamiento de Burgos.&nbsp;<\/p>\n\n\n\n<p>En este sentido, Grandinetti no ha querido hablar todav\u00eda de c\u00f3mo financiar las obras que supondr\u00edan la ampliaci\u00f3n de El Plant\u00edo hasta los 19.000 espectadores. Entiende que es una fase que no hay que abordar ahora y que se har\u00e1 m\u00e1s adelante.<\/p>\n\n\n\n<p>Grandinetti tambi\u00e9n se ha referido al tope que por capacidad del estadio tiene el Burgos CF para hacer m\u00e1s abonados. El l\u00edmite se sit\u00faa en torno a los 9.100, o poco m\u00e1s, que es lo m\u00e1ximo que puede hacer el club dadas las dimensiones del estadio que apenas tiene un aforo que no llega a los 12.000 espectadores. Adem\u00e1s, hay que contar con un m\u00ednimo de entradas para la venta, no solo para la afici\u00f3n visitante, sino tambi\u00e9n para otros espectadores no abonados, m\u00e1s los compromisos de los patrocinadores.<\/p>\n\n\n\n<p>Con respecto a los precios de los abonos Grandinetti ha precisado que est\u00e1n en el mismo precio que el a\u00f1o anterior, y que apenas unos pocos aficionados, han optado el a\u00f1o anterior por el fraccionamiento de pago o las facilidades que para un futuro podr\u00edan estudiarse con la entidad bancaria, segunda pata de la Fundaci\u00f3n Caja Rural Burgos.<\/p>\n\n\n\n<p>Tambi\u00e9n est\u00e1 avanzada la posibilidad de que el estadio cuente con un patrocinador o nombre adicional a sumarle a la denominaci\u00f3n de El Plant\u00edo. Es una manera de obtener fondos y engordar, el capital el presupuesto de cara a una mayor cantidad de dinero que se pueden lograr para aumentar el l\u00edmite salarial.<\/p>\n\n\n\n<figure class=\"wp-block-image size-large\"><img loading=\"lazy\" decoding=\"async\" width=\"1024\" height=\"683\" src=\"https:\/\/www.burgosdeporte.com\/wp-content\/uploads\/2025\/07\/d4e29f32-f7c5-410b-8fec-dc8483177990-900-1024x683.jpg\" alt=\"\" class=\"wp-image-142048\" srcset=\"https:\/\/www.burgosdeporte.com\/wp-content\/uploads\/2025\/07\/d4e29f32-f7c5-410b-8fec-dc8483177990-900-1024x683.jpg 1024w, https:\/\/www.burgosdeporte.com\/wp-content\/uploads\/2025\/07\/d4e29f32-f7c5-410b-8fec-dc8483177990-900-300x200.jpg 300w, https:\/\/www.burgosdeporte.com\/wp-content\/uploads\/2025\/07\/d4e29f32-f7c5-410b-8fec-dc8483177990-900-768x512.jpg 768w, https:\/\/www.burgosdeporte.com\/wp-content\/uploads\/2025\/07\/d4e29f32-f7c5-410b-8fec-dc8483177990-900-150x100.jpg 150w, https:\/\/www.burgosdeporte.com\/wp-content\/uploads\/2025\/07\/d4e29f32-f7c5-410b-8fec-dc8483177990-900-696x464.jpg 696w, https:\/\/www.burgosdeporte.com\/wp-content\/uploads\/2025\/07\/d4e29f32-f7c5-410b-8fec-dc8483177990-900-1068x712.jpg 1068w, https:\/\/www.burgosdeporte.com\/wp-content\/uploads\/2025\/07\/d4e29f32-f7c5-410b-8fec-dc8483177990-900.jpg 1335w\" sizes=\"auto, (max-width: 1024px) 100vw, 1024px\" \/><figcaption class=\"wp-element-caption\">Anderson Arroyo en acci\u00f3n.- Foto: Burgos CF<\/figcaption><\/figure>\n\n\n\n<p><strong>Anderson Arroyo<\/strong><\/p>\n\n\n\n<p>Por lo que respecta a la salida de lateral colombiano Anderson Arroyo del club, Grandinetti, no ha avanzado novedades en este sentido, aunque s\u00ed que confirma que existen ofertas del f\u00fatbol uruguayo y argentino por el cafetero. La llegada de Alex Lizancos esta misma semana al club, previo pago de 120.000 euros al CD Lugo, hace indicar que la operaci\u00f3n est\u00e1 pr\u00f3xima a realizarse y que el traspaso de Arroyo cada vez est\u00e9 m\u00e1s cerca.<\/p>\n\n\n\n<figure class=\"wp-block-image size-full\"><img loading=\"lazy\" decoding=\"async\" width=\"900\" height=\"506\" src=\"https:\/\/www.burgosdeporte.com\/wp-content\/uploads\/2025\/07\/IMG-20250716-WA0016.jpg\" alt=\"\" class=\"wp-image-142044\" srcset=\"https:\/\/www.burgosdeporte.com\/wp-content\/uploads\/2025\/07\/IMG-20250716-WA0016.jpg 900w, https:\/\/www.burgosdeporte.com\/wp-content\/uploads\/2025\/07\/IMG-20250716-WA0016-300x169.jpg 300w, https:\/\/www.burgosdeporte.com\/wp-content\/uploads\/2025\/07\/IMG-20250716-WA0016-768x432.jpg 768w, https:\/\/www.burgosdeporte.com\/wp-content\/uploads\/2025\/07\/IMG-20250716-WA0016-150x84.jpg 150w, https:\/\/www.burgosdeporte.com\/wp-content\/uploads\/2025\/07\/IMG-20250716-WA0016-696x391.jpg 696w\" sizes=\"auto, (max-width: 900px) 100vw, 900px\" \/><figcaption class=\"wp-element-caption\">Momento del acuerdo de la firma entre el Burgos Cf y Fundaci\u00f3n Caja Rural. Foto: BD<\/figcaption><\/figure>\n\n\n\n<p><strong>Acuerdo con Fundaci\u00f3n Caja Rural<\/strong><\/p>\n\n\n\n<p>La Fundaci\u00f3n Caja Rural de Burgos y el Burgos CF firmaban esta ma\u00f1ana un acuerdo de colaboraci\u00f3n que une a las dos entidades hasta el a\u00f1o 2027. El presidente de la fundaci\u00f3n, Tom\u00e1s Fisac, ha subrayado que la firma este compromiso est\u00e1 \u00abbasado en valores que comparten el f\u00fatbol y la Fundaci\u00f3n\u00bb. Ha destacado el motor de ilusi\u00f3n que es para miles de personas el club que compiten en la Liga Hypemotion y los m\u00e1s de 8.000 abonados que demuestran cada temporada su fidelidad en el estadio. Fisac ha destacado que el Burgos CF \u00abes un socio clave y referente\u00bb. Un apoyo que se va a certificar en las categor\u00edas inferiores y el deporte base porque lo entienden como una vinculaci\u00f3n entre las instituciones y la sociedad.<\/p>\n","protected":false},"excerpt":{"rendered":"<p>Empresas de viajes de Alemania y Gran Breta\u00f1a demandan abonos para conocer el ambiente de El Plant\u00edo en los partidos como local. Firmado hoy un acuerdo de colaboraci\u00f3n entre el Burgos CF y Fundaci\u00f3n Caja Rural. El consejero delegado del Burgos CF, Alejandro Grandinetti, ha asegurado que el club estudia la posibilidad de crear un [&hellip;]<\/p>\n","protected":false},"author":21,"featured_media":142043,"comment_status":"closed","ping_status":"closed","sticky":false,"template":"","format":"standard","meta":{"_monsterinsights_skip_tracking":false,"_monsterinsights_sitenote_active":false,"_monsterinsights_sitenote_note":"","_monsterinsights_sitenote_category":0,"footnotes":""},"categories":[4],"tags":[1553,29,247],"class_list":{"0":"post-142042","1":"post","2":"type-post","3":"status-publish","4":"format-standard","5":"has-post-thumbnail","7":"category-futbol","8":"tag-actualidad-2","9":"tag-burgoscf","10":"tag-fundacioncajarural"},"views":123,"_links":{"self":[{"href":"https:\/\/www.burgosdeporte.com\/index.php?rest_route=\/wp\/v2\/posts\/142042","targetHints":{"allow":["GET"]}}],"collection":[{"href":"https:\/\/www.burgosdeporte.com\/index.php?rest_route=\/wp\/v2\/posts"}],"about":[{"href":"https:\/\/www.burgosdeporte.com\/index.php?rest_route=\/wp\/v2\/types\/post"}],"author":[{"embeddable":true,"href":"https:\/\/www.burgosdeporte.com\/index.php?rest_route=\/wp\/v2\/users\/21"}],"replies":[{"embeddable":true,"href":"https:\/\/www.burgosdeporte.com\/index.php?rest_route=%2Fwp%2Fv2%2Fcomments&post=142042"}],"version-history":[{"count":3,"href":"https:\/\/www.burgosdeporte.com\/index.php?rest_route=\/wp\/v2\/posts\/142042\/revisions"}],"predecessor-version":[{"id":142050,"href":"https:\/\/www.burgosdeporte.com\/index.php?rest_route=\/wp\/v2\/posts\/142042\/revisions\/142050"}],"wp:featuredmedia":[{"embeddable":true,"href":"https:\/\/www.burgosdeporte.com\/index.php?rest_route=\/wp\/v2\/media\/142043"}],"wp:attachment":[{"href":"https:\/\/www.burgosdeporte.com\/index.php?rest_route=%2Fwp%2Fv2%2Fmedia&parent=142042"}],"wp:term":[{"taxonomy":"category","embeddable":true,"href":"https:\/\/www.burgosdeporte.com\/index.php?rest_route=%2Fwp%2Fv2%2Fcategories&post=142042"},{"taxonomy":"post_tag","embeddable":true,"href":"https:\/\/www.burgosdeporte.com\/index.php?rest_route=%2Fwp%2Fv2%2Ftags&post=142042"}],"curies":[{"name":"wp","href":"https:\/\/api.w.org\/{rel}","templated":true}]}}