{"id":141964,"date":"2025-07-12T19:47:14","date_gmt":"2025-07-12T17:47:14","guid":{"rendered":"https:\/\/www.burgosdeporte.com\/?p=141964"},"modified":"2025-07-14T19:19:21","modified_gmt":"2025-07-14T17:19:21","slug":"el-burgos-femenino-ficha-a-esther-pascual-y-renueva-a-cata-rosello","status":"publish","type":"post","link":"https:\/\/www.burgosdeporte.com\/?p=141964","title":{"rendered":"El Burgos Femenino ficha a Esther Pascual y renueva a Cata Rosell\u00f3"},"content":{"rendered":"\n<h2 class=\"wp-block-heading\">Esther Pascual supondr\u00e1 un refuerzo importante para la defensa y Cata Rosell\u00f3 es una renovaci\u00f3n para consolidar el ataque blanquinegro. <\/h2>\n\n\n<div class=\"wp-block-image\">\n<figure class=\"aligncenter size-full\"><img loading=\"lazy\" decoding=\"async\" width=\"300\" height=\"400\" src=\"https:\/\/www.burgosdeporte.com\/wp-content\/uploads\/2025\/06\/Nomina_CajaViva.jpg\" alt=\"\" class=\"wp-image-140655\" srcset=\"https:\/\/www.burgosdeporte.com\/wp-content\/uploads\/2025\/06\/Nomina_CajaViva.jpg 300w, https:\/\/www.burgosdeporte.com\/wp-content\/uploads\/2025\/06\/Nomina_CajaViva-225x300.jpg 225w, https:\/\/www.burgosdeporte.com\/wp-content\/uploads\/2025\/06\/Nomina_CajaViva-150x200.jpg 150w\" sizes=\"auto, (max-width: 300px) 100vw, 300px\" \/><\/figure>\n<\/div>\n\n\n<p>El Burgos Cf Femenino sigue prepar\u00e1ndose para  la nueva categor\u00eda de Segunda Federaci\u00f3n en la que jugar\u00e1 la pr\u00f3xima temporada. A las renovaciones de Cristina L\u00f3pez y  \u00c1ngela Moreno hace escasos d\u00edas, se suman en las \u00faltimas horas el fichaje de Esther Pascual para reforzar la defensa y la renovaci\u00f3n de Cata Rosell\u00f3 como garant\u00eda en el ataque.  <\/p>\n\n\n\n<p><strong>ESTHER PASCUAL REFUERZA LA DEFENSA <\/strong><\/p>\n\n\n\n<p>La incorporaci\u00f3n de Esther Pascual, defensa zurda de 22 a\u00f1os, que llega procedente del CD Pradej\u00f3n (2\u00aa RFEF grupo Norte-Central), donde disput\u00f3 2.090 minutos la pasada temporada, supone una apuesta por reforzar la defensa ante la exigencia de la nueva categor\u00eda. <\/p>\n\n\n\n<p>Esther es una futbolista que destaca por su contundencia e intensidad defensiva, siendo muy fiable en el uno contra uno. Zurda natural, posee calidad en la salida de bal\u00f3n y una gran potencia en el golpeo en largo, lo que le permite superar l\u00edneas rivales desde campo propio.<\/p>\n\n\n\n<figure class=\"wp-block-image size-full\"><img loading=\"lazy\" decoding=\"async\" width=\"1000\" height=\"519\" src=\"https:\/\/www.burgosdeporte.com\/wp-content\/uploads\/2025\/07\/Esther-pascual-ficha.jpg\" alt=\"\" class=\"wp-image-141967\" srcset=\"https:\/\/www.burgosdeporte.com\/wp-content\/uploads\/2025\/07\/Esther-pascual-ficha.jpg 1000w, https:\/\/www.burgosdeporte.com\/wp-content\/uploads\/2025\/07\/Esther-pascual-ficha-300x156.jpg 300w, https:\/\/www.burgosdeporte.com\/wp-content\/uploads\/2025\/07\/Esther-pascual-ficha-768x399.jpg 768w, https:\/\/www.burgosdeporte.com\/wp-content\/uploads\/2025\/07\/Esther-pascual-ficha-150x78.jpg 150w, https:\/\/www.burgosdeporte.com\/wp-content\/uploads\/2025\/07\/Esther-pascual-ficha-696x361.jpg 696w\" sizes=\"auto, (max-width: 1000px) 100vw, 1000px\" \/><figcaption class=\"wp-element-caption\">Esther Pascual, el \u00faltimo fichaje.- Creatividad: Burgos CF <\/figcaption><\/figure>\n\n\n\n<p>Su envergadura f\u00edsica le otorga un notable juego a\u00e9reo, siendo una amenaza tanto en defensa como en las acciones a bal\u00f3n parado ofensivas.<\/p>\n\n\n\n<p>Con esta incorporaci\u00f3n, el BCF Femenino suma a su plantilla una jugadora con experiencia en categor\u00eda nacional y con un perfil que aporta solidez, visi\u00f3n de juego y car\u00e1cter competitivo.<\/p>\n\n\n\n<p><strong>CATA ROSELL\u00d3, RENOVACI\u00d3N CLAVE<\/strong><\/p>\n\n\n\n<p>Adem\u00e1s el Burgos Club de F\u00fatbol Femenino sigue reforzando su proyecto para la temporada 25\/26 con una renovaci\u00f3n clave en el frente de ataque: Cata Rosell\u00f3 continuar\u00e1 vistiendo la blanquinegra.<\/p>\n\n\n\n<figure class=\"wp-block-image size-full\"><img loading=\"lazy\" decoding=\"async\" width=\"1000\" height=\"473\" src=\"https:\/\/www.burgosdeporte.com\/wp-content\/uploads\/2025\/07\/cata-rosello-fichaje.jpg\" alt=\"\" class=\"wp-image-141966\" srcset=\"https:\/\/www.burgosdeporte.com\/wp-content\/uploads\/2025\/07\/cata-rosello-fichaje.jpg 1000w, https:\/\/www.burgosdeporte.com\/wp-content\/uploads\/2025\/07\/cata-rosello-fichaje-300x142.jpg 300w, https:\/\/www.burgosdeporte.com\/wp-content\/uploads\/2025\/07\/cata-rosello-fichaje-768x363.jpg 768w, https:\/\/www.burgosdeporte.com\/wp-content\/uploads\/2025\/07\/cata-rosello-fichaje-150x71.jpg 150w, https:\/\/www.burgosdeporte.com\/wp-content\/uploads\/2025\/07\/cata-rosello-fichaje-696x329.jpg 696w\" sizes=\"auto, (max-width: 1000px) 100vw, 1000px\" \/><figcaption class=\"wp-element-caption\">Cata Rosell\u00f3 ha sido renovada para garantizar la delantera.- Creatividad: Burgos CF<\/figcaption><\/figure>\n\n\n\n<p>La delantera ha sido una pieza esencial en la ofensiva del equipo, firmando 7 goles en 1.641 minutos disputados. Su olfato goleador, movilidad entre l\u00edneas y capacidad para generar peligro en el \u00e1rea rival la han convertido en una referencia en la zona ofensiva.<\/p>\n\n\n\n<p>M\u00e1s all\u00e1 de los n\u00fameros, Cata ha demostrado car\u00e1cter, determinaci\u00f3n y compromiso en cada encuentro, aportando al grupo tanto dentro como fuera del campo.<\/p>\n\n\n\n<p>Con esta renovaci\u00f3n, el Burgos CF Femenino garantiza la continuidad de una jugadora con talento, entrega y proyecci\u00f3n. Un nuevo paso en la construcci\u00f3n de un equipo ambicioso que afrontar\u00e1 con ilusi\u00f3n los retos del pr\u00f3ximo curso.<\/p>\n","protected":false},"excerpt":{"rendered":"<p>Esther Pascual supondr\u00e1 un refuerzo importante para la defensa y Cata Rosell\u00f3 es una renovaci\u00f3n para consolidar el ataque blanquinegro. El Burgos Cf Femenino sigue prepar\u00e1ndose para la nueva categor\u00eda de Segunda Federaci\u00f3n en la que jugar\u00e1 la pr\u00f3xima temporada. A las renovaciones de Cristina L\u00f3pez y \u00c1ngela Moreno hace escasos d\u00edas, se suman en [&hellip;]<\/p>\n","protected":false},"author":10,"featured_media":141965,"comment_status":"closed","ping_status":"closed","sticky":false,"template":"","format":"standard","meta":{"_monsterinsights_skip_tracking":false,"_monsterinsights_sitenote_active":false,"_monsterinsights_sitenote_note":"","_monsterinsights_sitenote_category":0,"footnotes":""},"categories":[4],"tags":[1553,29,77],"class_list":{"0":"post-141964","1":"post","2":"type-post","3":"status-publish","4":"format-standard","5":"has-post-thumbnail","7":"category-futbol","8":"tag-actualidad-2","9":"tag-burgoscf","10":"tag-burgoscffemenino"},"views":81,"_links":{"self":[{"href":"https:\/\/www.burgosdeporte.com\/index.php?rest_route=\/wp\/v2\/posts\/141964","targetHints":{"allow":["GET"]}}],"collection":[{"href":"https:\/\/www.burgosdeporte.com\/index.php?rest_route=\/wp\/v2\/posts"}],"about":[{"href":"https:\/\/www.burgosdeporte.com\/index.php?rest_route=\/wp\/v2\/types\/post"}],"author":[{"embeddable":true,"href":"https:\/\/www.burgosdeporte.com\/index.php?rest_route=\/wp\/v2\/users\/10"}],"replies":[{"embeddable":true,"href":"https:\/\/www.burgosdeporte.com\/index.php?rest_route=%2Fwp%2Fv2%2Fcomments&post=141964"}],"version-history":[{"count":1,"href":"https:\/\/www.burgosdeporte.com\/index.php?rest_route=\/wp\/v2\/posts\/141964\/revisions"}],"predecessor-version":[{"id":141968,"href":"https:\/\/www.burgosdeporte.com\/index.php?rest_route=\/wp\/v2\/posts\/141964\/revisions\/141968"}],"wp:featuredmedia":[{"embeddable":true,"href":"https:\/\/www.burgosdeporte.com\/index.php?rest_route=\/wp\/v2\/media\/141965"}],"wp:attachment":[{"href":"https:\/\/www.burgosdeporte.com\/index.php?rest_route=%2Fwp%2Fv2%2Fmedia&parent=141964"}],"wp:term":[{"taxonomy":"category","embeddable":true,"href":"https:\/\/www.burgosdeporte.com\/index.php?rest_route=%2Fwp%2Fv2%2Fcategories&post=141964"},{"taxonomy":"post_tag","embeddable":true,"href":"https:\/\/www.burgosdeporte.com\/index.php?rest_route=%2Fwp%2Fv2%2Ftags&post=141964"}],"curies":[{"name":"wp","href":"https:\/\/api.w.org\/{rel}","templated":true}]}}