{"id":141904,"date":"2025-07-09T11:41:01","date_gmt":"2025-07-09T09:41:01","guid":{"rendered":"https:\/\/www.burgosdeporte.com\/?p=141904"},"modified":"2025-07-10T13:23:08","modified_gmt":"2025-07-10T11:23:08","slug":"la-etapa-reina-de-la-vuelta-a-burgos-de-la-ribera-del-duero-a-las-lagunas-de-neila","status":"publish","type":"post","link":"https:\/\/www.burgosdeporte.com\/?p=141904","title":{"rendered":"La etapa reina de la Vuelta a Burgos: de la Ribera del Duero a las Lagunas de Neila"},"content":{"rendered":"\n<p><strong><em>Cillar de Silos abrir\u00e1 la quinta y \u00faltima jornada de la ronda burgalesa<\/em><\/strong><\/p>\n\n\n\n<p class=\"has-text-align-right\">(<em>Fotograf\u00eda: Vuelta a Burgos<\/em>)<\/p>\n\n\n<div class=\"wp-block-image\">\n<figure class=\"aligncenter size-full is-resized\"><a href=\"https:\/\/www.cajaviva.es\/particulares\/servicio-nomina\" target=\"_blank\" rel=\" noreferrer noopener\"><img loading=\"lazy\" decoding=\"async\" width=\"300\" height=\"400\" src=\"https:\/\/www.burgosdeporte.com\/wp-content\/uploads\/2025\/06\/Nomina_CajaViva.jpg\" alt=\"\" class=\"wp-image-140655\" style=\"width:183px;height:auto\" srcset=\"https:\/\/www.burgosdeporte.com\/wp-content\/uploads\/2025\/06\/Nomina_CajaViva.jpg 300w, https:\/\/www.burgosdeporte.com\/wp-content\/uploads\/2025\/06\/Nomina_CajaViva-225x300.jpg 225w, https:\/\/www.burgosdeporte.com\/wp-content\/uploads\/2025\/06\/Nomina_CajaViva-150x200.jpg 150w\" sizes=\"auto, (max-width: 300px) 100vw, 300px\" \/><\/a><\/figure>\n<\/div>\n\n\n<p>La XLVII Vuelta a Burgos masculina baja el tel\u00f3n el s\u00e1bado 9 de agosto con la quinta etapa de 138 kil\u00f3metros de alta monta\u00f1a que partir\u00e1n a las 13:07 h desde la Bodega Cillar de Silos, en Quintana del Pidio, y coronar\u00e1n las Lagunas de Neila, puerto de categor\u00eda Especial. Organizada por el IDJ de la Diputaci\u00f3n de Burgos, la jornada enlaza la Ribera del Duero con la Sierra de la Demanda y decidir\u00e1 el vencedor de la edici\u00f3n.<\/p>\n\n\n\n<p>El pelot\u00f3n tomar\u00e1 la salida neutralizada entre vi\u00f1edos, brindando a los aficionados una estampa singular del compromiso provincial con el sector vitivin\u00edcola. Tras abandonar Quintana del Pidio, la carrera surcar\u00e1 La Aguilera, Gumiel de Mercado y Gumiel de Iz\u00e1n antes de adentrarse en Valdeande y Caleruega, cuna de Santo Domingo. Arauza de Miel y Huerta de Rey anunciar\u00e1n la llegada del primer Gran Premio de la Monta\u00f1a: el Alto del Cerro (3.\u00aa cat.), cinco kil\u00f3metros al 4,4 % con pendientes iniciales al 6 % que tensar\u00e1n el grupo.<\/p>\n\n\n\n<p>Superada la cima, el descenso conducir\u00e1 a Pinilla de los Barruecos y al eje de la N-234 para alcanzar Hacinas y Salas de los Infantes. En Castrovido, la carretera se empina de nuevo hacia Arroyo de Salas para afrontar el Alto de Arroyo (3.\u00aa cat.): 3,2 kil\u00f3metros al 5,3 % que servir\u00e1n de preludio a la batalla definitiva. La ruta enlaza Hoyuelos de la Sierra, Barbadillo del Pez, Quintanilla de Urrilla y Vallejimeno antes de buscar el sprint intermedio en Huerta de Abajo, donde se repartir\u00e1n los \u00faltimos puntos de la clasificaci\u00f3n de la regularidad.<\/p>\n\n\n\n<p>A partir de Huerta de Arriba la etapa entra en su territorio decisivo. El giro a la BU-822 marca el inicio del dur\u00edsimo Alto de Rozavientos (1.\u00aa cat.): 3,5 kil\u00f3metros con pendiente media del 9,3% y tramos que alcanzan el 13 %. Este muro seleccionar\u00e1 a los aspirantes al triunfo final y alterar\u00e1 cualquier guion previo. Tras coronar, un descenso t\u00e9cnico conduce a Quintanar de la Sierra, \u00faltimo respiro antes del ascenso definitivo a las Lagunas de Neila. El puerto, clasificado de categor\u00eda Especial, ofrece 6,5 kil\u00f3metros al 9,2 % con rampas superiores al 12 % y la meta situada a 1.868 metros de altitud. All\u00ed, en el circo glaciar que corona la Demanda, se conocer\u00e1 al nuevo campe\u00f3n de la ronda burgalesa.<\/p>\n\n\n\n<p>La etapa \u201cPatrimonio Enol\u00f3gico\u201d enlaza el potencial vin\u00edcola de la Ribera del Duero con la singularidad paisaj\u00edstica de la Sierra de la Demanda, consolidando la estrategia del IDJ de la Diputaci\u00f3n de Burgos: difundir el patrimonio rural, impulsar la sostenibilidad y proyectar la provincia en el panorama internacional del ciclismo.<\/p>\n","protected":false},"excerpt":{"rendered":"<p>Cillar de Silos abrir\u00e1 la quinta y \u00faltima jornada de la ronda burgalesa (Fotograf\u00eda: Vuelta a Burgos) La XLVII Vuelta a Burgos masculina baja el tel\u00f3n el s\u00e1bado 9 de agosto con la quinta etapa de 138 kil\u00f3metros de alta monta\u00f1a que partir\u00e1n a las 13:07 h desde la Bodega Cillar de Silos, en Quintana [&hellip;]<\/p>\n","protected":false},"author":10,"featured_media":141905,"comment_status":"closed","ping_status":"closed","sticky":false,"template":"","format":"standard","meta":{"_monsterinsights_skip_tracking":false,"_monsterinsights_sitenote_active":false,"_monsterinsights_sitenote_note":"","_monsterinsights_sitenote_category":0,"footnotes":""},"categories":[63],"tags":[1553,64,479],"class_list":{"0":"post-141904","1":"post","2":"type-post","3":"status-publish","4":"format-standard","5":"has-post-thumbnail","7":"category-ciclismo","8":"tag-actualidad-2","9":"tag-ciclismo","10":"tag-vueltaaburgos"},"views":28,"_links":{"self":[{"href":"https:\/\/www.burgosdeporte.com\/index.php?rest_route=\/wp\/v2\/posts\/141904","targetHints":{"allow":["GET"]}}],"collection":[{"href":"https:\/\/www.burgosdeporte.com\/index.php?rest_route=\/wp\/v2\/posts"}],"about":[{"href":"https:\/\/www.burgosdeporte.com\/index.php?rest_route=\/wp\/v2\/types\/post"}],"author":[{"embeddable":true,"href":"https:\/\/www.burgosdeporte.com\/index.php?rest_route=\/wp\/v2\/users\/10"}],"replies":[{"embeddable":true,"href":"https:\/\/www.burgosdeporte.com\/index.php?rest_route=%2Fwp%2Fv2%2Fcomments&post=141904"}],"version-history":[{"count":1,"href":"https:\/\/www.burgosdeporte.com\/index.php?rest_route=\/wp\/v2\/posts\/141904\/revisions"}],"predecessor-version":[{"id":141906,"href":"https:\/\/www.burgosdeporte.com\/index.php?rest_route=\/wp\/v2\/posts\/141904\/revisions\/141906"}],"wp:featuredmedia":[{"embeddable":true,"href":"https:\/\/www.burgosdeporte.com\/index.php?rest_route=\/wp\/v2\/media\/141905"}],"wp:attachment":[{"href":"https:\/\/www.burgosdeporte.com\/index.php?rest_route=%2Fwp%2Fv2%2Fmedia&parent=141904"}],"wp:term":[{"taxonomy":"category","embeddable":true,"href":"https:\/\/www.burgosdeporte.com\/index.php?rest_route=%2Fwp%2Fv2%2Fcategories&post=141904"},{"taxonomy":"post_tag","embeddable":true,"href":"https:\/\/www.burgosdeporte.com\/index.php?rest_route=%2Fwp%2Fv2%2Ftags&post=141904"}],"curies":[{"name":"wp","href":"https:\/\/api.w.org\/{rel}","templated":true}]}}