{"id":141827,"date":"2025-07-07T14:59:51","date_gmt":"2025-07-07T12:59:51","guid":{"rendered":"https:\/\/www.burgosdeporte.com\/?p=141827"},"modified":"2025-07-08T15:44:04","modified_gmt":"2025-07-08T13:44:04","slug":"una-etapa-de-energia-natural-en-la-cuarta-jornada-de-la-vuelta-a-burgos","status":"publish","type":"post","link":"https:\/\/www.burgosdeporte.com\/?p=141827","title":{"rendered":"Una etapa de \u00abEnerg\u00eda natural\u00bb en la cuarta jornada de la Vuelta a Burgos"},"content":{"rendered":"\n<p><strong><em>Burpellet impulsa la etapa \u00abEnerg\u00eda natural\u00bb rumbo a Regumiel de la Sierra<\/em><\/strong><\/p>\n\n\n\n<p class=\"has-text-align-right\">(<em>Fotograf\u00eda: Vuelta a Burgos<\/em>)<\/p>\n\n\n<div class=\"wp-block-image\">\n<figure class=\"aligncenter size-full\"><a href=\"https:\/\/www.tandemgyd.com\/\" target=\"_blank\" rel=\" noreferrer noopener\"><img loading=\"lazy\" decoding=\"async\" width=\"200\" height=\"183\" src=\"https:\/\/www.burgosdeporte.com\/wp-content\/uploads\/2023\/09\/Logo_Tandem.jpg\" alt=\"\" class=\"wp-image-107992\" srcset=\"https:\/\/www.burgosdeporte.com\/wp-content\/uploads\/2023\/09\/Logo_Tandem.jpg 200w, https:\/\/www.burgosdeporte.com\/wp-content\/uploads\/2023\/09\/Logo_Tandem-150x137.jpg 150w\" sizes=\"auto, (max-width: 200px) 100vw, 200px\" \/><\/a><\/figure>\n<\/div>\n\n\n<p>La cuarta jornada de la XLVII Vuelta a Burgos masculina \u2013 bautizada \u00abEnerg\u00eda natural\u00bb \u2013 se disputa el viernes 8 de agosto sobre un recorrido de 162 kil\u00f3metros de media monta\u00f1a que parte a las 12:39 h de las instalaciones de Burpellet, en Do\u00f1a Santos, y concluye en torno a las 16:45 h en Regumiel de la Sierra, localidad que se estrena como l\u00ednea de meta. Organizada por el IDJ de la Diputaci\u00f3n de Burgos, la etapa reivindica el compromiso provincial con la sostenibilidad y atraviesa el coraz\u00f3n forestal de la Sierra de la Demanda.<\/p>\n\n\n\n<p>El banderazo neutralizado recorrer\u00e1 el complejo industrial de Burpellet \u2013 ejemplo de econom\u00eda circular basada en la biomasa \u2013 antes de lanzar la prueba hacia Espinosa de Cervera y Briongos de Cervera. La carrera enlazar\u00e1 despu\u00e9s Ciruelos de Cervera y Tejada para alcanzar Quintanilla del Coco y Santib\u00e1\u00f1ez del Val. Desde all\u00ed se adentrar\u00e1 en los tres t\u00faneles enclavados en la garganta de La Yecla, un espectacular desfiladero que obligar\u00e1 al pelot\u00f3n a estirarse antes de regresar, por el mismo valle, a Briongos y Ciruelos y repetir el paso por Tejada, Quintanilla y Santib\u00e1\u00f1ez.<\/p>\n\n\n\n<p>El trazado gira entonces hacia Santo Domingo de Silos, donde el monasterio benedictino ofrecer\u00e1 un tel\u00f3n hist\u00f3rico incomparable, y contin\u00faa por Carazo hasta Hacinas y Salas de los Infantes. En Castrillo de la Reina la ruta toma rumbo a Palacios de la Sierra, escenario del \u00fanico sprint intermedio y del giro a la carretera que marca el inicio del Alto del Collado de Vilviestre (3.\u00aa cat.): 5,2 km al 3,9 % con un \u00faltimo kil\u00f3metro al 6 % que invitar\u00e1 a los primeros ataques.<\/p>\n\n\n\n<p>El descenso conduce a Vilviestre del Pinar y, ya en la provincia de Soria, a San Leonardo de Yag\u00fce y Navaleno, donde arranca el segundo puerto puntuable: el Alto del Cargadero (3.\u00aa cat.), 7,7 km al 3,3 % con rampas que alcanzan el 6,6 % en la parte final. Coronada la cota a 1.346 m, el pelot\u00f3n afrontar\u00e1 un terreno ondulado a trav\u00e9s de Canicosa de la Sierra antes de dirigirse al descenso decisivo que desemboca en Regumiel de la Sierra. La meta, ubicada en la traves\u00eda principal de la localidad, premiar\u00e1 la potencia de los supervivientes tras una jornada sin respiro entre pinares.<\/p>\n\n\n\n<p>La jornada \u201cEnerg\u00eda natural\u201d refuerza la apuesta de la Diputaci\u00f3n de Burgos por un modelo de desarrollo sostenible que combina gesti\u00f3n forestal, generaci\u00f3n de energ\u00edas limpias y turismo activo. Al mostrar el proceso de transformaci\u00f3n de la biomasa en Burpellet y el patrimonio natural de la Demanda, la etapa impulsa la econom\u00eda rural y promueve valores de respeto medioambiental.<\/p>\n","protected":false},"excerpt":{"rendered":"<p>Burpellet impulsa la etapa \u00abEnerg\u00eda natural\u00bb rumbo a Regumiel de la Sierra (Fotograf\u00eda: Vuelta a Burgos) La cuarta jornada de la XLVII Vuelta a Burgos masculina \u2013 bautizada \u00abEnerg\u00eda natural\u00bb \u2013 se disputa el viernes 8 de agosto sobre un recorrido de 162 kil\u00f3metros de media monta\u00f1a que parte a las 12:39 h de las [&hellip;]<\/p>\n","protected":false},"author":10,"featured_media":141828,"comment_status":"closed","ping_status":"closed","sticky":false,"template":"","format":"standard","meta":{"_monsterinsights_skip_tracking":false,"_monsterinsights_sitenote_active":false,"_monsterinsights_sitenote_note":"","_monsterinsights_sitenote_category":0,"footnotes":""},"categories":[63],"tags":[1553,64,479],"class_list":{"0":"post-141827","1":"post","2":"type-post","3":"status-publish","4":"format-standard","5":"has-post-thumbnail","7":"category-ciclismo","8":"tag-actualidad-2","9":"tag-ciclismo","10":"tag-vueltaaburgos"},"views":25,"_links":{"self":[{"href":"https:\/\/www.burgosdeporte.com\/index.php?rest_route=\/wp\/v2\/posts\/141827","targetHints":{"allow":["GET"]}}],"collection":[{"href":"https:\/\/www.burgosdeporte.com\/index.php?rest_route=\/wp\/v2\/posts"}],"about":[{"href":"https:\/\/www.burgosdeporte.com\/index.php?rest_route=\/wp\/v2\/types\/post"}],"author":[{"embeddable":true,"href":"https:\/\/www.burgosdeporte.com\/index.php?rest_route=\/wp\/v2\/users\/10"}],"replies":[{"embeddable":true,"href":"https:\/\/www.burgosdeporte.com\/index.php?rest_route=%2Fwp%2Fv2%2Fcomments&post=141827"}],"version-history":[{"count":1,"href":"https:\/\/www.burgosdeporte.com\/index.php?rest_route=\/wp\/v2\/posts\/141827\/revisions"}],"predecessor-version":[{"id":141829,"href":"https:\/\/www.burgosdeporte.com\/index.php?rest_route=\/wp\/v2\/posts\/141827\/revisions\/141829"}],"wp:featuredmedia":[{"embeddable":true,"href":"https:\/\/www.burgosdeporte.com\/index.php?rest_route=\/wp\/v2\/media\/141828"}],"wp:attachment":[{"href":"https:\/\/www.burgosdeporte.com\/index.php?rest_route=%2Fwp%2Fv2%2Fmedia&parent=141827"}],"wp:term":[{"taxonomy":"category","embeddable":true,"href":"https:\/\/www.burgosdeporte.com\/index.php?rest_route=%2Fwp%2Fv2%2Fcategories&post=141827"},{"taxonomy":"post_tag","embeddable":true,"href":"https:\/\/www.burgosdeporte.com\/index.php?rest_route=%2Fwp%2Fv2%2Ftags&post=141827"}],"curies":[{"name":"wp","href":"https:\/\/api.w.org\/{rel}","templated":true}]}}