{"id":141723,"date":"2025-07-03T13:13:36","date_gmt":"2025-07-03T11:13:36","guid":{"rendered":"https:\/\/www.burgosdeporte.com\/?p=141723"},"modified":"2025-07-04T12:23:54","modified_gmt":"2025-07-04T10:23:54","slug":"una-tercera-etapa-de-origen-del-castellano-en-la-xlvii-vuelta-a-burgos","status":"publish","type":"post","link":"https:\/\/www.burgosdeporte.com\/?p=141723","title":{"rendered":"Una tercera etapa de \u2018Origen del Castellano\u2019 en la XLVII Vuelta a Burgos"},"content":{"rendered":"\n<p><strong><em>La jornada de la ronda burgalesa discurrir\u00e1 entre el Monasterio de San Pedro de Carde\u00f1a y finalizar\u00e1 en Valpuesta<\/em><\/strong><\/p>\n\n\n\n<p class=\"has-text-align-right\">(<em>Fotograf\u00eda: CEDER Merindades<\/em>)<\/p>\n\n\n<div class=\"wp-block-image\">\n<figure class=\"aligncenter size-full\"><a href=\"https:\/\/www.tandemgyd.com\/\" target=\"_blank\" rel=\" noreferrer noopener\"><img loading=\"lazy\" decoding=\"async\" width=\"200\" height=\"183\" src=\"https:\/\/www.burgosdeporte.com\/wp-content\/uploads\/2023\/09\/Logo_Tandem.jpg\" alt=\"\" class=\"wp-image-107992\" srcset=\"https:\/\/www.burgosdeporte.com\/wp-content\/uploads\/2023\/09\/Logo_Tandem.jpg 200w, https:\/\/www.burgosdeporte.com\/wp-content\/uploads\/2023\/09\/Logo_Tandem-150x137.jpg 150w\" sizes=\"auto, (max-width: 200px) 100vw, 200px\" \/><\/a><\/figure>\n<\/div>\n\n\n<p>La tercera jornada de la XLVII Vuelta a Burgos masculina \u2014 denominada \u201cOrigen del Castellano\u201d\u2014 se disputar\u00e1 el jueves 7 de agosto sobre 185 kil\u00f3metros de media monta\u00f1a que partir\u00e1 del Monasterio de San Pedro de Carde\u00f1a y finalizar\u00e1 en Valpuesta. Organizada por el IDJ de la Diputaci\u00f3n de Burgos, la etapa une los dos enclaves considerados cuna de la lengua castellana y ofrece cuatro puertos puntuables, incluido el exigente Puerto de Ordu\u00f1a de primera categor\u00eda.<\/p>\n\n\n\n<p>La salida neutralizada abandonar\u00e1 el claustro carde\u00f1ense \u2014donde el \u00abBecerro g\u00f3tico\u00bb recoge los primeros balbuceos del castellano\u2014 para encaminar la carrera hacia Riocerezo y Carcedo de Bureba. Tras surcar las huellas salineras de Poza de la Sal, el pelot\u00f3n llegar\u00e1 a O\u00f1a, punto de arranque del primer Gran Premio de la Monta\u00f1a: el Alto de Barcina (3\u00aa cat.), siete kil\u00f3metros al 3,5% que, con rampas iniciales al 6%, pondr\u00e1n a prueba las piernas tempranas de los corredores.<\/p>\n\n\n\n<p>Superada la cota en La Aldea, la ruta desciende hasta Tobera y la ciudad medieval de Fr\u00edas, donde el puente g\u00f3tico sobre el Ebro brindar\u00e1 una imagen ic\u00f3nica. El trazado se interna luego en Pedrosa de Tobalina y encadena repechos hasta San Llorente, escenario del \u00fanico sprint intermedio de la jornada. La velocidad se atemperar\u00e1 brevemente antes de afrontar el sinuoso Puerto de Ozeka (3\u00aa cat.): apenas 2,7 kil\u00f3metros, pero con una pendiente media del 8,9 % y rampas m\u00e1ximas que superan el 11%, terreno propicio para ataques de media distancia.<\/p>\n\n\n\n<p>Tras coronar, el descenso conduce a Arespalditza y al irregular Alto de las Campas (3\u00aa cat.), paso de 6,2 kil\u00f3metros con zonas de descanso que alternan picos al 9 % y descensos al \u20135%. Al alcanzar Ordu\u00f1a, los corredores se encontrar\u00e1n con las paredes del Puerto hom\u00f3nimo, calificado de primera categor\u00eda: ocho kil\u00f3metros con pendiente media del 7,6% y tramos sostenidos al 9%, culminados a 900 metros de altitud. Este puerto, habitual juez de la Itzulia, promete seleccionar la etapa y modificar la clasificaci\u00f3n general.<\/p>\n\n\n\n<p>La r\u00e1pida bajada a Berberana invitar\u00e1 a formarse grupos perseguidores que, tras cruzar Villanueva de Valdegovia, buscar\u00e1n la victoria en Valpuesta, lugar donde los cartularios conservan las primeras palabras escritas en castellano. La meta estar\u00e1 instalada junto a la colegiata, enclave que simboliza la evoluci\u00f3n de la lengua.<\/p>\n\n\n\n<p>Al unir Carde\u00f1a y Valpuesta, la Diputaci\u00f3n de Burgos refuerza su compromiso con la difusi\u00f3n de los or\u00edgenes del castellano y el desarrollo del medio rural. Esta etapa acerca el patrimonio ling\u00fc\u00edstico a la esfera deportiva internacional, proyectando la provincia como destino cultural y natural.<\/p>\n","protected":false},"excerpt":{"rendered":"<p>La jornada de la ronda burgalesa discurrir\u00e1 entre el Monasterio de San Pedro de Carde\u00f1a y finalizar\u00e1 en Valpuesta (Fotograf\u00eda: CEDER Merindades) La tercera jornada de la XLVII Vuelta a Burgos masculina \u2014 denominada \u201cOrigen del Castellano\u201d\u2014 se disputar\u00e1 el jueves 7 de agosto sobre 185 kil\u00f3metros de media monta\u00f1a que partir\u00e1 del Monasterio de [&hellip;]<\/p>\n","protected":false},"author":10,"featured_media":141724,"comment_status":"closed","ping_status":"closed","sticky":false,"template":"","format":"standard","meta":{"_monsterinsights_skip_tracking":false,"_monsterinsights_sitenote_active":false,"_monsterinsights_sitenote_note":"","_monsterinsights_sitenote_category":0,"footnotes":""},"categories":[63],"tags":[1553,64,266,479],"class_list":{"0":"post-141723","1":"post","2":"type-post","3":"status-publish","4":"format-standard","5":"has-post-thumbnail","7":"category-ciclismo","8":"tag-actualidad-2","9":"tag-ciclismo","10":"tag-idjburgos","11":"tag-vueltaaburgos"},"views":26,"_links":{"self":[{"href":"https:\/\/www.burgosdeporte.com\/index.php?rest_route=\/wp\/v2\/posts\/141723","targetHints":{"allow":["GET"]}}],"collection":[{"href":"https:\/\/www.burgosdeporte.com\/index.php?rest_route=\/wp\/v2\/posts"}],"about":[{"href":"https:\/\/www.burgosdeporte.com\/index.php?rest_route=\/wp\/v2\/types\/post"}],"author":[{"embeddable":true,"href":"https:\/\/www.burgosdeporte.com\/index.php?rest_route=\/wp\/v2\/users\/10"}],"replies":[{"embeddable":true,"href":"https:\/\/www.burgosdeporte.com\/index.php?rest_route=%2Fwp%2Fv2%2Fcomments&post=141723"}],"version-history":[{"count":1,"href":"https:\/\/www.burgosdeporte.com\/index.php?rest_route=\/wp\/v2\/posts\/141723\/revisions"}],"predecessor-version":[{"id":141725,"href":"https:\/\/www.burgosdeporte.com\/index.php?rest_route=\/wp\/v2\/posts\/141723\/revisions\/141725"}],"wp:featuredmedia":[{"embeddable":true,"href":"https:\/\/www.burgosdeporte.com\/index.php?rest_route=\/wp\/v2\/media\/141724"}],"wp:attachment":[{"href":"https:\/\/www.burgosdeporte.com\/index.php?rest_route=%2Fwp%2Fv2%2Fmedia&parent=141723"}],"wp:term":[{"taxonomy":"category","embeddable":true,"href":"https:\/\/www.burgosdeporte.com\/index.php?rest_route=%2Fwp%2Fv2%2Fcategories&post=141723"},{"taxonomy":"post_tag","embeddable":true,"href":"https:\/\/www.burgosdeporte.com\/index.php?rest_route=%2Fwp%2Fv2%2Ftags&post=141723"}],"curies":[{"name":"wp","href":"https:\/\/api.w.org\/{rel}","templated":true}]}}