{"id":141684,"date":"2025-07-01T20:08:43","date_gmt":"2025-07-01T18:08:43","guid":{"rendered":"https:\/\/www.burgosdeporte.com\/?p=141684"},"modified":"2025-07-02T14:11:14","modified_gmt":"2025-07-02T12:11:14","slug":"la-segunda-etapa-de-la-vuelta-a-burgos-discurrira-entre-cilleruelo-de-abajo-y-buniel","status":"publish","type":"post","link":"https:\/\/www.burgosdeporte.com\/?p=141684","title":{"rendered":"La segunda etapa de la Vuelta a Burgos discurrir\u00e1 entre Cilleruelo de Abajo y Buniel"},"content":{"rendered":"\n<p><strong><em>El mi\u00e9rcoles 6 de agosto se celebrar\u00e1 la segunda jornada de la ronda burgalesa<\/em><\/strong><\/p>\n\n\n\n<p class=\"has-text-align-right\">(<em>Fotograf\u00eda: Vuelta a Burgos<\/em>)<\/p>\n\n\n<div class=\"wp-block-image\">\n<figure class=\"aligncenter size-full\"><a href=\"https:\/\/www.tandemgyd.com\/\" target=\"_blank\" rel=\" noreferrer noopener\"><img loading=\"lazy\" decoding=\"async\" width=\"200\" height=\"183\" src=\"https:\/\/www.burgosdeporte.com\/wp-content\/uploads\/2023\/09\/Logo_Tandem.jpg\" alt=\"\" class=\"wp-image-107992\" srcset=\"https:\/\/www.burgosdeporte.com\/wp-content\/uploads\/2023\/09\/Logo_Tandem.jpg 200w, https:\/\/www.burgosdeporte.com\/wp-content\/uploads\/2023\/09\/Logo_Tandem-150x137.jpg 150w\" sizes=\"auto, (max-width: 200px) 100vw, 200px\" \/><\/a><\/figure>\n<\/div>\n\n\n<p>La XLVII Vuelta a Burgos masculina vivir\u00e1 el mi\u00e9rcoles 6 de agosto su segunda jornada, 162 kil\u00f3metros completamente llanos que partir\u00e1n a las 12:25 h de Cilleruelo de Abajo y concluir\u00e1n, en torno a las 16:45 h, en Buniel, localidad que se estrena como l\u00ednea de meta. Organizada por el IDJ de la Diputaci\u00f3n de Burgos, la etapa \u2014bautizada \u201cArl\u00e1nzate\u201d\u2014 promociona la Comarca del Arlanza y perfila una llegada masiva al sprint.<\/p>\n\n\n\n<p>El banderazo de salida neutralizada recorrer\u00e1 las calles de Cilleruelo de Abajo, coraz\u00f3n agrario del Arlanza, antes de lanzar la competici\u00f3n hacia Villafruela y Tord\u00f3mar, donde los primeros abanicos podr\u00edan romper la armon\u00eda del pelot\u00f3n. Camino de Villahoz y Escuderos, la serpiente multicolor atravesar\u00e1 paisajes de vi\u00f1edos, cereal y bodegas subterr\u00e1neas que atestiguan la tradici\u00f3n vin\u00edcola de la comarca.<\/p>\n\n\n\n<p>La carrera enfilar\u00e1 despu\u00e9s Villaverde Mogina y Villaquir\u00e1n de los Infantes antes de adentrarse en Castrojeriz, hito del Camino de Santiago dominado por su castillo del siglo IX que ofrecer\u00e1 una estampa televisiva inigualable. El trazado continuar\u00e1 por Villasilos y Castrillo de Murcia, donde las rectas expuestas al viento invitan a encadenar relevos y tensiones estrat\u00e9gicas.<\/p>\n\n\n\n<p>El pelot\u00f3n girar\u00e1 entonces hacia Villandiego y Yudego, enlazar\u00e1 Villanueva de Arga\u00f1o y afrontar\u00e1 Pedrosa del P\u00e1ramo, para llegar a Palacios de Benaber y Las Quintanillas. Sin desniveles decisivos, la velocidad se mantendr\u00e1 alta, condicionada por posibles r\u00e1fagas laterales. Los equipos de los velocistas deber\u00e1n vigilar movimientos oportunistas a su paso por Tardajos, Villalbilla de Burgos y San Mam\u00e9s, puntos propicios para cortes selectivos.<\/p>\n\n\n\n<p>En el tramo final, la ruta discurrir\u00e1 por Quintanilla de las Carretas antes de dirigirse a Buniel, cuya traves\u00eda ha sido acondicionada para acoger por primera vez el cierre de una etapa de la ronda burgalesa. Una vez en la localidad ribere\u00f1a del Arlanz\u00f3n, la avenida principal ofrecer\u00e1 una recta de meta de m\u00e1s de 600 metros, ideal para ver a los trenes de lanzamiento desplegar su potencia y dirimir la victoria al sprint.<\/p>\n\n\n\n<p><strong>Compromiso institucional<\/strong><\/p>\n\n\n\n<p>Con \u201cArl\u00e1nzate\u201d, la Diputaci\u00f3n de Burgos refuerza su apuesta por la difusi\u00f3n de la Comarca del Arlanza como destino cultural, enol\u00f3gico y natural. La Vuelta a Burgos se erige as\u00ed en escaparate internacional que combina patrimonio, deporte y medio rural, impulsando la econom\u00eda local y fomentando h\u00e1bitos de vida saludable a trav\u00e9s del ciclismo.<\/p>\n","protected":false},"excerpt":{"rendered":"<p>El mi\u00e9rcoles 6 de agosto se celebrar\u00e1 la segunda jornada de la ronda burgalesa (Fotograf\u00eda: Vuelta a Burgos) La XLVII Vuelta a Burgos masculina vivir\u00e1 el mi\u00e9rcoles 6 de agosto su segunda jornada, 162 kil\u00f3metros completamente llanos que partir\u00e1n a las 12:25 h de Cilleruelo de Abajo y concluir\u00e1n, en torno a las 16:45 h, [&hellip;]<\/p>\n","protected":false},"author":10,"featured_media":141685,"comment_status":"closed","ping_status":"closed","sticky":false,"template":"","format":"standard","meta":{"_monsterinsights_skip_tracking":false,"_monsterinsights_sitenote_active":false,"_monsterinsights_sitenote_note":"","_monsterinsights_sitenote_category":0,"footnotes":""},"categories":[63],"tags":[1553,64,479],"class_list":{"0":"post-141684","1":"post","2":"type-post","3":"status-publish","4":"format-standard","5":"has-post-thumbnail","7":"category-ciclismo","8":"tag-actualidad-2","9":"tag-ciclismo","10":"tag-vueltaaburgos"},"views":41,"_links":{"self":[{"href":"https:\/\/www.burgosdeporte.com\/index.php?rest_route=\/wp\/v2\/posts\/141684","targetHints":{"allow":["GET"]}}],"collection":[{"href":"https:\/\/www.burgosdeporte.com\/index.php?rest_route=\/wp\/v2\/posts"}],"about":[{"href":"https:\/\/www.burgosdeporte.com\/index.php?rest_route=\/wp\/v2\/types\/post"}],"author":[{"embeddable":true,"href":"https:\/\/www.burgosdeporte.com\/index.php?rest_route=\/wp\/v2\/users\/10"}],"replies":[{"embeddable":true,"href":"https:\/\/www.burgosdeporte.com\/index.php?rest_route=%2Fwp%2Fv2%2Fcomments&post=141684"}],"version-history":[{"count":1,"href":"https:\/\/www.burgosdeporte.com\/index.php?rest_route=\/wp\/v2\/posts\/141684\/revisions"}],"predecessor-version":[{"id":141686,"href":"https:\/\/www.burgosdeporte.com\/index.php?rest_route=\/wp\/v2\/posts\/141684\/revisions\/141686"}],"wp:featuredmedia":[{"embeddable":true,"href":"https:\/\/www.burgosdeporte.com\/index.php?rest_route=\/wp\/v2\/media\/141685"}],"wp:attachment":[{"href":"https:\/\/www.burgosdeporte.com\/index.php?rest_route=%2Fwp%2Fv2%2Fmedia&parent=141684"}],"wp:term":[{"taxonomy":"category","embeddable":true,"href":"https:\/\/www.burgosdeporte.com\/index.php?rest_route=%2Fwp%2Fv2%2Fcategories&post=141684"},{"taxonomy":"post_tag","embeddable":true,"href":"https:\/\/www.burgosdeporte.com\/index.php?rest_route=%2Fwp%2Fv2%2Ftags&post=141684"}],"curies":[{"name":"wp","href":"https:\/\/api.w.org\/{rel}","templated":true}]}}