{"id":141663,"date":"2025-07-01T12:05:03","date_gmt":"2025-07-01T10:05:03","guid":{"rendered":"https:\/\/www.burgosdeporte.com\/?p=141663"},"modified":"2025-07-01T22:07:00","modified_gmt":"2025-07-01T20:07:00","slug":"plata-de-bouglas-y-quinta-posicion-de-okamika-para-el-burgos-burpellet-bh","status":"publish","type":"post","link":"https:\/\/www.burgosdeporte.com\/?p=141663","title":{"rendered":"Plata de Bouglas y quinta posici\u00f3n de Okamika para el Burgos Burpellet BH"},"content":{"rendered":"\n<p><strong><em>El equipo burgal\u00e9s subi\u00f3 al podio en Grecia y firm\u00f3 la quinta plaza en los Campeonatos de Espa\u00f1a<\/em><\/strong><\/p>\n\n\n\n<p class=\"has-text-align-right\">(<em>Fotograf\u00eda: Nassos Triantafyllou \/ cyclingphotos.gr<\/em>)<\/p>\n\n\n<div class=\"wp-block-image\">\n<figure class=\"aligncenter size-full\"><a href=\"https:\/\/www.tandemgyd.com\/\" target=\"_blank\" rel=\" noreferrer noopener\"><img loading=\"lazy\" decoding=\"async\" width=\"200\" height=\"183\" src=\"https:\/\/www.burgosdeporte.com\/wp-content\/uploads\/2023\/09\/Logo_Tandem.jpg\" alt=\"\" class=\"wp-image-107992\" srcset=\"https:\/\/www.burgosdeporte.com\/wp-content\/uploads\/2023\/09\/Logo_Tandem.jpg 200w, https:\/\/www.burgosdeporte.com\/wp-content\/uploads\/2023\/09\/Logo_Tandem-150x137.jpg 150w\" sizes=\"auto, (max-width: 200px) 100vw, 200px\" \/><\/a><\/figure>\n<\/div>\n\n\n<p>Los campeonatos nacionales de ciclismo han concluido en la mayor\u00eda de pa\u00edses del mundo con las pruebas en l\u00ednea. El Burgos Burpellet BH, que en los \u00faltimos d\u00edas hab\u00eda ganado los t\u00edtulos en contrarreloj de Guatemala, Grecia, Mongolia y Mauricio, compiti\u00f3 en hasta siete pa\u00edses de cuatro continentes este domingo.<\/p>\n\n\n\n<p>El resultado m\u00e1s destacado fue la segunda posici\u00f3n de Georgios Bouglas, que se colgaba la medalla de plata en su pa\u00eds tan solo dos d\u00edas de lograr el oro en la prueba contra el crono. En Granada, Ander Okamika lograba una destacada quinta posici\u00f3n en el Campeonato de Espa\u00f1a tras pelear con los m\u00e1s fuertes escaladores del pa\u00eds. Adem\u00e1s, Mario Aparicio, Merhawi Kudus, Sergio Chumil y Jambaljamts Sainbayar tambi\u00e9n finalizaban en el top-10 de sus respectivas carreras.<\/p>\n\n\n\n<p>El equipo burgal\u00e9s subi\u00f3 de nuevo al podio en el Campeonato de Grecia disputado en Tr\u00edkala, gracias a un Georgios Bouglas que rindi\u00f3 a gran nivel ante su p\u00fablico. El nuevo campe\u00f3n nacional de contrarreloj logr\u00f3 la medalla en una prueba en l\u00ednea que no le era nada favorable. Pese a ser un velocista puro, aguant\u00f3 con los m\u00e1s fuertes en los tres pasos por el puerto de monta\u00f1a del circuito final. El veterano ciclista griego entr\u00f3 en un grupo de seis corredores que se acab\u00f3 rompiendo en el ascenso final. En un mano a mano final por la segunda plaza, Bouglas gan\u00f3 el sprint y se colg\u00f3 la medalla de plata.<\/p>\n\n\n\n<p><strong>Campeonato de Espa\u00f1a en Granada y Sierra Nevada<\/strong><\/p>\n\n\n\n<p>En la cita central del fin de semana para los morados, el Campeonato de Espa\u00f1a disputado en Granada y Sierra Nevada, se dieron cita hasta 12 corredores del Burgos Burpellet BH. En la primera fuga numerosa entr\u00f3 el burgal\u00e9s Rodrigo \u00c1lvarez, pero el grupo fue neutralizado antes del ecuador de la carrera en el encadenado de puertos que compon\u00eda el circuito principal. Comenz\u00f3 entonces una guerra sin cuartel en la que corredores como Mario Aparicio dieron muestra de la combatividad que les caracteriza.<\/p>\n\n\n\n<figure class=\"wp-block-image size-large\"><img loading=\"lazy\" decoding=\"async\" width=\"1024\" height=\"683\" src=\"https:\/\/www.burgosdeporte.com\/wp-content\/uploads\/2025\/07\/Rodrigo-Alvarez-Burgos-BH-1024x683.jpg\" alt=\"\" class=\"wp-image-141664\" srcset=\"https:\/\/www.burgosdeporte.com\/wp-content\/uploads\/2025\/07\/Rodrigo-Alvarez-Burgos-BH-1024x683.jpg 1024w, https:\/\/www.burgosdeporte.com\/wp-content\/uploads\/2025\/07\/Rodrigo-Alvarez-Burgos-BH-300x200.jpg 300w, https:\/\/www.burgosdeporte.com\/wp-content\/uploads\/2025\/07\/Rodrigo-Alvarez-Burgos-BH-768x512.jpg 768w, https:\/\/www.burgosdeporte.com\/wp-content\/uploads\/2025\/07\/Rodrigo-Alvarez-Burgos-BH-150x100.jpg 150w, https:\/\/www.burgosdeporte.com\/wp-content\/uploads\/2025\/07\/Rodrigo-Alvarez-Burgos-BH-696x464.jpg 696w, https:\/\/www.burgosdeporte.com\/wp-content\/uploads\/2025\/07\/Rodrigo-Alvarez-Burgos-BH-1068x712.jpg 1068w, https:\/\/www.burgosdeporte.com\/wp-content\/uploads\/2025\/07\/Rodrigo-Alvarez-Burgos-BH.jpg 1200w\" sizes=\"auto, (max-width: 1024px) 100vw, 1024px\" \/><figcaption class=\"wp-element-caption\">National Championships Spain Men Road Race 2025 &#8211; Granada &#8211; Granada 191,4 Km Km &#8211; 29\/06\/2025 &#8211; Rodrigo Alvarez (ESP &#8211; Burgos Burpellet BH) &#8211; photo Luis Angel Gomez\/SprintCyclingAgency\u00a92025<\/figcaption><\/figure>\n\n\n\n<p>En los \u00faltimos pasos por La Peza se form\u00f3 un grupo de seis ciclistas con Ander Okamika como representante morado. A \u00e9l se uni\u00f3 Aparicio unos kil\u00f3metros despu\u00e9s, conformando la fuga decisiva que se acabar\u00eda jugando las medallas. Los continuos ataques en los repechos rompieron a\u00fan m\u00e1s la carrera y en la larga bajada posterior del puerto de Los Blancares, Okamika tuvo buenas piernas para aguantar en uno de los primeros grupos. En la llegada al sprint, el vizca\u00edno bat\u00eda a varios rivales para hacerse con la quinta posici\u00f3n. Tras \u00e9l entraban tambi\u00e9n en los puestos delanteros Mario Aparicio (10\u00ba), Jos\u00e9 Manuel D\u00edaz (12\u00ba) y Jos\u00e9 Luis Faura (19\u00ba).<\/p>\n\n\n\n<p><strong>M\u00e1s campeonatos nacionales para los burgaleses<\/strong><\/p>\n\n\n\n<p>La jornada comenzaba para los burgaleses en Asia, con el Campeonato de Mongolia, donde Jambaljamts Sainbayar acab\u00f3 en la octava posici\u00f3n. El corredor del Burgos Burpellet BH se mostr\u00f3 al ataque en la parte final de la carrera y lleg\u00f3 a liderar la prueba en solitario. Sin embargo, sufri\u00f3 dos pinchazos, uno de ellos a solo siete kil\u00f3metros de meta, lo que le apart\u00f3 de la pelea por las medallas. Tras ello, en \u00c1frica, Merhawi Kudus lograba la novena plaza en el Campeonato de Eritrea. El recorrido en torno a la ciudad de Asmara era bastante llano, por lo que la prueba se resolvi\u00f3 al sprint y el veterano corredor morado logr\u00f3 entrar en el top-10.<\/p>\n\n\n\n<p>En el Campeonato de la Rep\u00fablica Checa, Vojtech Km\u00ednek acab\u00f3 en la 14\u00aa posici\u00f3n tras una carrera muy selectiva y exigente de casi 200 kil\u00f3metros. Cl\u00e9ment Alleno no pudo terminar el Campeonato de Francia, disputado en Les Herbiers. El corredor galo tuvo que abandonar tras completar siete vueltas al circuito. Finalmente, en el Campeonato de Guatemala, Sergio Chumil no pudo revalidar el t\u00edtulo logrado en 2024. El ciclista del Burgos Burpellet BH no pudo entrar en la fuga de diez corredores que se form\u00f3 en la primera hora de carrera y tuvo que perseguir desde el pelot\u00f3n durante el resto de la prueba.<\/p>\n\n\n\n<p>Primero intent\u00f3 unirse a la fuga con un buen ataque que se qued\u00f3 cerca de su objetivo. Tras ello le toc\u00f3 trabajar en solitario, al partir como favorito y no tener compa\u00f1eros en carrera. Al no recibir la colaboraci\u00f3n de otros equipos, vio como la diferencia entre ambos grupos crec\u00eda y le alejaba de las medallas. Pese a ello, no baj\u00f3 los brazos y atac\u00f3 nuevamente en la \u00faltima subida del recorrido en busca de los puestos de honor, terminando en la novena posici\u00f3n. Un resultado amargo que no empa\u00f1a el \u00e9xito obtenido dos d\u00edas antes en la prueba contrarreloj, donde se hizo con la victoria.<\/p>\n","protected":false},"excerpt":{"rendered":"<p>El equipo burgal\u00e9s subi\u00f3 al podio en Grecia y firm\u00f3 la quinta plaza en los Campeonatos de Espa\u00f1a (Fotograf\u00eda: Nassos Triantafyllou \/ cyclingphotos.gr) Los campeonatos nacionales de ciclismo han concluido en la mayor\u00eda de pa\u00edses del mundo con las pruebas en l\u00ednea. El Burgos Burpellet BH, que en los \u00faltimos d\u00edas hab\u00eda ganado los t\u00edtulos [&hellip;]<\/p>\n","protected":false},"author":10,"featured_media":141665,"comment_status":"closed","ping_status":"closed","sticky":false,"template":"","format":"standard","meta":{"_monsterinsights_skip_tracking":false,"_monsterinsights_sitenote_active":false,"_monsterinsights_sitenote_note":"","_monsterinsights_sitenote_category":0,"footnotes":""},"categories":[63],"tags":[1553,11,64],"class_list":{"0":"post-141663","1":"post","2":"type-post","3":"status-publish","4":"format-standard","5":"has-post-thumbnail","7":"category-ciclismo","8":"tag-actualidad-2","9":"tag-burgosbh","10":"tag-ciclismo"},"views":14,"_links":{"self":[{"href":"https:\/\/www.burgosdeporte.com\/index.php?rest_route=\/wp\/v2\/posts\/141663","targetHints":{"allow":["GET"]}}],"collection":[{"href":"https:\/\/www.burgosdeporte.com\/index.php?rest_route=\/wp\/v2\/posts"}],"about":[{"href":"https:\/\/www.burgosdeporte.com\/index.php?rest_route=\/wp\/v2\/types\/post"}],"author":[{"embeddable":true,"href":"https:\/\/www.burgosdeporte.com\/index.php?rest_route=\/wp\/v2\/users\/10"}],"replies":[{"embeddable":true,"href":"https:\/\/www.burgosdeporte.com\/index.php?rest_route=%2Fwp%2Fv2%2Fcomments&post=141663"}],"version-history":[{"count":1,"href":"https:\/\/www.burgosdeporte.com\/index.php?rest_route=\/wp\/v2\/posts\/141663\/revisions"}],"predecessor-version":[{"id":141666,"href":"https:\/\/www.burgosdeporte.com\/index.php?rest_route=\/wp\/v2\/posts\/141663\/revisions\/141666"}],"wp:featuredmedia":[{"embeddable":true,"href":"https:\/\/www.burgosdeporte.com\/index.php?rest_route=\/wp\/v2\/media\/141665"}],"wp:attachment":[{"href":"https:\/\/www.burgosdeporte.com\/index.php?rest_route=%2Fwp%2Fv2%2Fmedia&parent=141663"}],"wp:term":[{"taxonomy":"category","embeddable":true,"href":"https:\/\/www.burgosdeporte.com\/index.php?rest_route=%2Fwp%2Fv2%2Fcategories&post=141663"},{"taxonomy":"post_tag","embeddable":true,"href":"https:\/\/www.burgosdeporte.com\/index.php?rest_route=%2Fwp%2Fv2%2Ftags&post=141663"}],"curies":[{"name":"wp","href":"https:\/\/api.w.org\/{rel}","templated":true}]}}