{"id":141539,"date":"2025-06-25T13:14:33","date_gmt":"2025-06-25T11:14:33","guid":{"rendered":"https:\/\/www.burgosdeporte.com\/?p=141539"},"modified":"2025-06-26T12:21:29","modified_gmt":"2025-06-26T10:21:29","slug":"la-xlvii-vuelta-a-burgos-arrancara-en-olmillos-de-sasamon","status":"publish","type":"post","link":"https:\/\/www.burgosdeporte.com\/?p=141539","title":{"rendered":"La XLVII Vuelta a Burgos arrancar\u00e1 en Olmillos de Sasam\u00f3n"},"content":{"rendered":"\n<p><strong><em>El Puerto de la Mazorra, ascenso de 1.\u00aa categor\u00eda, perfilar\u00e1 la primera gran batalla de la Vuelta \/ Con 205 km. el pelot\u00f3n recorrer\u00e1 la etapa mas larga de esta edici\u00f3n<\/em><\/strong><\/p>\n\n\n<div class=\"wp-block-image\">\n<figure class=\"aligncenter size-full\"><a href=\"https:\/\/www.cajaviva.es\/particulares\/servicio-nomina\" target=\"_blank\" rel=\" noreferrer noopener\"><img loading=\"lazy\" decoding=\"async\" width=\"300\" height=\"400\" src=\"https:\/\/www.burgosdeporte.com\/wp-content\/uploads\/2025\/06\/Nomina_CajaViva.jpg\" alt=\"\" class=\"wp-image-140655\" srcset=\"https:\/\/www.burgosdeporte.com\/wp-content\/uploads\/2025\/06\/Nomina_CajaViva.jpg 300w, https:\/\/www.burgosdeporte.com\/wp-content\/uploads\/2025\/06\/Nomina_CajaViva-225x300.jpg 225w, https:\/\/www.burgosdeporte.com\/wp-content\/uploads\/2025\/06\/Nomina_CajaViva-150x200.jpg 150w\" sizes=\"auto, (max-width: 300px) 100vw, 300px\" \/><\/a><\/figure>\n<\/div>\n\n\n<p>La XLVII Vuelta a Burgos masculina se pondr\u00e1 en marcha el martes 5 de agosto con una etapa de media monta\u00f1a de 205 kil\u00f3metros, la m\u00e1s larga de esta edici\u00f3n, que arrancar\u00e1 a las 11:30 h en Olmillos de Sasam\u00f3n y concluir\u00e1 en el Alto del Castillo de Burgos. Organizada por el IDJ de la Diputaci\u00f3n de Burgos, la jornada subraya la vinculaci\u00f3n de la provincia con el Camino de Santiago y recorrer\u00e1 casi una treintena de municipios antes de vestir al primer l\u00edder de la ronda.<\/p>\n\n\n\n<p>El banderazo inicial, bajo la imponente silueta del castillo de Olmillos de Sasam\u00f3n, lanzar\u00e1 la carrera rumbo a Villadiego, donde los aficionados podr\u00e1n vivir los primeros ataques. Sin apenas tregua, el pelot\u00f3n enlazar\u00e1 Palazuelos de Villadiego y Riopara\u00edso antes de dirigirse a Humada, enclave que marca el inicio del primer Gran Premio de la Monta\u00f1a: el Puerto de Humada (3\u00aa Cat.), con sus duras rampas al 6 % y los caracter\u00edsticos cortados de piedra que escoltan la carretera hasta superar los mil metros de altitud.<\/p>\n\n\n\n<p>Tras coronar, la prueba se adentrar\u00e1 en Solanas de Valdelucio&nbsp; y continuar\u00e1 hacia San Mam\u00e9s de Abar y Basconcillos del Tozo, donde el viento de los p\u00e1ramos suele provocar abanicos y cortes. En Sargentes de La Lora, los corredores dejar\u00e1n atr\u00e1s los pozos petrol\u00edferos para adentrarse en los ca\u00f1ones del Rudr\u00f3n y alcanzar San Felices del Rudr\u00f3n. La carrera seguir\u00e1 su andadura por Quintanilla Escalada y Arreba, localidades enclavadas entre hoces calizas y bosques de ribera, antes de virar hacia Incinillas.<\/p>\n\n\n\n<p>El punto decisivo llegar\u00e1 en Valdenoceda, inicio de la ascensi\u00f3n de primera categor\u00eda al Puerto de la Mazorra: siete kil\u00f3metros con una pendiente media del 5,2 % y rampas que alcanzan el 10 % en sus primeras curvas. Esta cota ofrecer\u00e1 terreno para que los favoritos muestren sus cartas y rompan la disciplina del grupo. Superada la cima, la ruta desciende hacia Pesadas de Burgos y se interna en los p\u00e1ramos de Cern\u00e9gula, terreno abierto donde las r\u00e1fagas de aire pueden aliarse con los aventureros.<\/p>\n\n\n\n<p>El Sprint Intermedio de la jornada se disputar\u00e1 en Hontom\u00edn, antes de que la carrera encare la zona de Pe\u00f1ahorada y Villaverde Pe\u00f1ahorada. Con la velocidad disparada, el paso por Quintanaortu\u00f1o, Celadilla Sotobr\u00edn y Las Rebolledas anteceder\u00e1 al \u00faltimo puerto puntuable: el Alto del Aguil\u00f3n (3\u00aa Cat.), 2,4 kil\u00f3metros al 4,3 % que servir\u00e1n de trampol\u00edn para los ataques finales.<\/p>\n\n\n\n<p>Superada la cota, la carrera dejar\u00e1 atr\u00e1s Arroyal y Sotragero para enfilar la recta de entrada a Burgos. La subida al Alto del Castillo, con tramos sostenidos al 8 % y un breve muro al 9 %, decidir\u00e1 la victoria y el primer maillot morado de la edici\u00f3n bajo la atenta mirada de la fortaleza que domina la ciudad.<\/p>\n","protected":false},"excerpt":{"rendered":"<p>El Puerto de la Mazorra, ascenso de 1.\u00aa categor\u00eda, perfilar\u00e1 la primera gran batalla de la Vuelta \/ Con 205 km. el pelot\u00f3n recorrer\u00e1 la etapa mas larga de esta edici\u00f3n La XLVII Vuelta a Burgos masculina se pondr\u00e1 en marcha el martes 5 de agosto con una etapa de media monta\u00f1a de 205 kil\u00f3metros, [&hellip;]<\/p>\n","protected":false},"author":10,"featured_media":141540,"comment_status":"closed","ping_status":"closed","sticky":false,"template":"","format":"standard","meta":{"_monsterinsights_skip_tracking":false,"_monsterinsights_sitenote_active":false,"_monsterinsights_sitenote_note":"","_monsterinsights_sitenote_category":0,"footnotes":""},"categories":[63],"tags":[1553,64,479],"class_list":{"0":"post-141539","1":"post","2":"type-post","3":"status-publish","4":"format-standard","5":"has-post-thumbnail","7":"category-ciclismo","8":"tag-actualidad-2","9":"tag-ciclismo","10":"tag-vueltaaburgos"},"views":33,"_links":{"self":[{"href":"https:\/\/www.burgosdeporte.com\/index.php?rest_route=\/wp\/v2\/posts\/141539","targetHints":{"allow":["GET"]}}],"collection":[{"href":"https:\/\/www.burgosdeporte.com\/index.php?rest_route=\/wp\/v2\/posts"}],"about":[{"href":"https:\/\/www.burgosdeporte.com\/index.php?rest_route=\/wp\/v2\/types\/post"}],"author":[{"embeddable":true,"href":"https:\/\/www.burgosdeporte.com\/index.php?rest_route=\/wp\/v2\/users\/10"}],"replies":[{"embeddable":true,"href":"https:\/\/www.burgosdeporte.com\/index.php?rest_route=%2Fwp%2Fv2%2Fcomments&post=141539"}],"version-history":[{"count":1,"href":"https:\/\/www.burgosdeporte.com\/index.php?rest_route=\/wp\/v2\/posts\/141539\/revisions"}],"predecessor-version":[{"id":141541,"href":"https:\/\/www.burgosdeporte.com\/index.php?rest_route=\/wp\/v2\/posts\/141539\/revisions\/141541"}],"wp:featuredmedia":[{"embeddable":true,"href":"https:\/\/www.burgosdeporte.com\/index.php?rest_route=\/wp\/v2\/media\/141540"}],"wp:attachment":[{"href":"https:\/\/www.burgosdeporte.com\/index.php?rest_route=%2Fwp%2Fv2%2Fmedia&parent=141539"}],"wp:term":[{"taxonomy":"category","embeddable":true,"href":"https:\/\/www.burgosdeporte.com\/index.php?rest_route=%2Fwp%2Fv2%2Fcategories&post=141539"},{"taxonomy":"post_tag","embeddable":true,"href":"https:\/\/www.burgosdeporte.com\/index.php?rest_route=%2Fwp%2Fv2%2Ftags&post=141539"}],"curies":[{"name":"wp","href":"https:\/\/api.w.org\/{rel}","templated":true}]}}