{"id":141531,"date":"2025-06-25T13:03:51","date_gmt":"2025-06-25T11:03:51","guid":{"rendered":"https:\/\/www.burgosdeporte.com\/?p=141531"},"modified":"2025-06-26T12:21:41","modified_gmt":"2025-06-26T10:21:41","slug":"siete-campeonatos-nacionales-por-el-mundo-para-el-burgos-burpellet-bh","status":"publish","type":"post","link":"https:\/\/www.burgosdeporte.com\/?p=141531","title":{"rendered":"Siete campeonatos nacionales por el mundo para el Burgos Burpellet BH"},"content":{"rendered":"\n<p><strong><em>Hasta 18 ciclistas del equipo morado buscar\u00e1n este fin de semana los t\u00edtulos de contrarreloj y en ruta de Espa\u00f1a, Francia, Guatemala, Grecia, Rep\u00fablica Checa, Eritrea y Mongolia<\/em><\/strong><\/p>\n\n\n\n<p class=\"has-text-align-right\">(<em>Fotograf\u00eda: Rafa G\u00f3mez \/ Sprint Cycling Agency<\/em>)<\/p>\n\n\n<div class=\"wp-block-image\">\n<figure class=\"aligncenter size-full\"><a href=\"https:\/\/www.tandemgyd.com\/\" target=\"_blank\" rel=\" noreferrer noopener\"><img loading=\"lazy\" decoding=\"async\" width=\"200\" height=\"183\" src=\"https:\/\/www.burgosdeporte.com\/wp-content\/uploads\/2023\/09\/Logo_Tandem.jpg\" alt=\"\" class=\"wp-image-107992\" srcset=\"https:\/\/www.burgosdeporte.com\/wp-content\/uploads\/2023\/09\/Logo_Tandem.jpg 200w, https:\/\/www.burgosdeporte.com\/wp-content\/uploads\/2023\/09\/Logo_Tandem-150x137.jpg 150w\" sizes=\"auto, (max-width: 200px) 100vw, 200px\" \/><\/a><\/figure>\n<\/div>\n\n\n<p>Llega el fin de semana m\u00e1s internacional de la temporada ciclista con la disputa de la mayor\u00eda de campeonatos nacionales a lo largo del mundo. El Burgos Burpellet BH estar\u00e1 representado en hasta siete pa\u00edses de Europa, Am\u00e9rica, Asia y \u00c1frica. El principal objetivo de los morados ser\u00e1 el Campeonato de Espa\u00f1a, que se celebrar\u00e1 en la provincia de Granada, con un recorrido para escaladores, tanto en la contrarreloj como en la prueba en ruta. Adem\u00e1s, los morados buscar\u00e1n los t\u00edtulos nacionales en Francia, Guatemala, Grecia, Rep\u00fablica Checa, Eritrea y Mongolia.<\/p>\n\n\n\n<p>La cita central del fin de semana para el Burgos Burpellet BH ser\u00e1 el Campeonato de Espa\u00f1a, que tendr\u00e1 lugar en la provincia de Granada. Contar\u00e1 con dos recorridos ideales para los escaladores, al desarrollarse en la zona de Sierra Nevada. De hecho, la contrarreloj del viernes 27 ser\u00e1 una cronoescalada hasta la estaci\u00f3n de esqu\u00ed, partiendo del Centro de Visitantes de El Dornajo y finalizando en el aparcamiento de Los Pe\u00f1ones. Un ascenso de 14 kil\u00f3metros y m\u00e1s de 700 metros de desnivel positivo en el que competir\u00e1n Mario Aparicio, Carlos Garc\u00eda Pierna, Ander Okamika, Jos\u00e9 Luis Faura y David Delgado.<\/p>\n\n\n\n<p>La prueba en l\u00ednea se celebrar\u00e1 en la tarde del domingo 29 de junio sobre un recorrido de 191 kil\u00f3metros y 3800 metros de desnivel positivo. La carrera comenzar\u00e1 en Granada capital, ascendiendo de forma inmediata el puerto de Los Blancares. Al llegar a La Peza se entrar\u00e1 en un circuito de 25 kil\u00f3metros repleto de subidas y bajadas, que se repetir\u00e1 en cinco ocasiones. La prueba finalizar\u00e1 en Granada, descendiendo por la misma vertiente de Los Banclares.<\/p>\n\n\n\n<p>Por parte morada, competir\u00e1n 12 de los 13 espa\u00f1oles que integran la plantilla: Antonio Angulo, Rodrigo \u00c1lvarez, \u00c1ngel Fuentes, David Mart\u00edn, Ander Okamika, Daniel Cavia, Jos\u00e9 Manuel D\u00edaz, Mario Aparicio, Carlos Garc\u00eda Pierna, Jos\u00e9 Luis Faura, Sinuh\u00e9 Fern\u00e1ndez y David Delgado. La \u00fanica ausencia la protagoniza Hugo de la Calle, que a\u00fan est\u00e1 recuper\u00e1ndose de la ca\u00edda sufrida hace unas semanas en los Boucles de la Mayenne.<\/p>\n\n\n<div class=\"wp-block-image\">\n<figure class=\"aligncenter size-large is-resized\"><img loading=\"lazy\" decoding=\"async\" width=\"819\" height=\"1024\" src=\"https:\/\/www.burgosdeporte.com\/wp-content\/uploads\/2025\/06\/Burgos-BH-Campeonato-de-Espana-2025-819x1024.png\" alt=\"\" class=\"wp-image-141533\" style=\"width:390px;height:auto\" srcset=\"https:\/\/www.burgosdeporte.com\/wp-content\/uploads\/2025\/06\/Burgos-BH-Campeonato-de-Espana-2025-819x1024.png 819w, https:\/\/www.burgosdeporte.com\/wp-content\/uploads\/2025\/06\/Burgos-BH-Campeonato-de-Espana-2025-240x300.png 240w, https:\/\/www.burgosdeporte.com\/wp-content\/uploads\/2025\/06\/Burgos-BH-Campeonato-de-Espana-2025-768x960.png 768w, https:\/\/www.burgosdeporte.com\/wp-content\/uploads\/2025\/06\/Burgos-BH-Campeonato-de-Espana-2025-150x188.png 150w, https:\/\/www.burgosdeporte.com\/wp-content\/uploads\/2025\/06\/Burgos-BH-Campeonato-de-Espana-2025-300x375.png 300w, https:\/\/www.burgosdeporte.com\/wp-content\/uploads\/2025\/06\/Burgos-BH-Campeonato-de-Espana-2025-696x870.png 696w, https:\/\/www.burgosdeporte.com\/wp-content\/uploads\/2025\/06\/Burgos-BH-Campeonato-de-Espana-2025.png 960w\" sizes=\"auto, (max-width: 819px) 100vw, 819px\" \/><\/figure>\n<\/div>\n\n\n<p>En el resto del mundo, otros seis ciclistas morados competir\u00e1n en los campeonatos nacionales de sus respectivos pa\u00edses. Cl\u00e9ment Alleno disputar\u00e1 el domingo la prueba en l\u00ednea del Campeonato de Francia, que tendr\u00e1 lugar en Les Herbiers. Ser\u00e1 una larga carrera de 231 kil\u00f3metros, algo menos dura que la de a\u00f1os anteriores. Se dar\u00e1n 14 vueltas a un circuito de 16 kil\u00f3metros que concluye con un peque\u00f1o ascenso al 5% de desnivel medio. Alleno no tomar\u00e1 la salida en la contrarreloj individual.<br><br>Ese mismo d\u00eda, Vojt\u011bch Km\u00ednek competir\u00e1 en la prueba en l\u00ednea del Campeonato de la Rep\u00fablica Checa, donde ya termin\u00f3 tercero el a\u00f1o pasado con el Equipo Cortizo. Los ciclistas checos compiten cada a\u00f1o de forma conjunta con los eslovacos, por lo que la cita tendr\u00e1 lugar este a\u00f1o en B\u00e1novce nad Bebravou (Eslovaquia). Se dar\u00e1n siete vueltas a un circuito de 28 kil\u00f3metros con varios repechos, completando un total de 196 kil\u00f3metros. Km\u00ednek tampoco correr\u00e1 la contrarreloj.<br><br>Georgios Bouglas s\u00ed disputar\u00e1 las dos pruebas del Campeonato de Grecia, que tendr\u00e1n lugar en la ciudad de Tr\u00edkala. La contrarreloj se celebrar\u00e1 en la tarde del viernes sobre un recorrido de 42 kil\u00f3metros con inicio y final en la localidad de Pyli. El domingo por la ma\u00f1ana ser\u00e1 el turno de la prueba en l\u00ednea, de 153 kil\u00f3metros y con un duro ascenso que se afrontar\u00e1 en hasta tres ocasiones. El griego ya fue campe\u00f3n nacional de ruta en 2014, 2022 y 2023.<\/p>\n\n\n\n<p>En Asia, Jambaljamts Sainbayar correr\u00e1 el Campeonato de Mongolia, con tres pruebas en tres d\u00edas consecutivos. Contrarreloj individual el viernes, contrarreloj por equipos el s\u00e1bado y prueba en l\u00ednea el domingo. Todas ellas se celebrar\u00e1n en la provincia de T\u00f6v, sobre el mismo recorrido en el que se coron\u00f3 campe\u00f3n contra el crono Sainbayar en 2024. Ambas citas mantienen el formato de circuito, teniendo 40 kil\u00f3metros la contrarreloj y 150 la prueba en ruta. El mongol defender\u00e1 el t\u00edtulo en la contrarreloj y tratar\u00e1 de recuperar en la prueba en ruta el maillot de campe\u00f3n nacional que ya conquist\u00f3 en 2023.<\/p>\n\n\n\n<p>Continuando en \u00c1frica, Merhawi Kudus no faltar\u00e1 a su cita con el Campeonato de Eritrea, que se celebrar\u00e1 en Asmara, capital del pa\u00eds y localidad natal del escalador morado. Kudus ya sabe lo que es ganar tanto en contrarreloj (2021), como en la prueba en l\u00ednea (2018 y 2022). El eritreo regres\u00f3 a la competici\u00f3n hace tres semanas en Eslovenia, despu\u00e9s de la grave ca\u00edda sufrida en el mes de febrero. Ambas carreras del campeonato nacional se celebrar\u00e1n tambi\u00e9n en viernes y domingo.<\/p>\n\n\n\n<p>Finalmente, en Am\u00e9rica, Sergio Chumil correr\u00e1 el Campeonato de Guatemala. Despu\u00e9s de lograr la victoria el pasado domingo en la contrarreloj, ahora deber\u00e1 defender el t\u00edtulo conquistado hace una temporada en la prueba en l\u00ednea. La cita tendr\u00e1 lugar el domingo en el municipio de Parramos, cerca de la capital del estado. Sobre un recorrido de 184 kil\u00f3metros se enfrentar\u00e1 a los mejores corredores de su pa\u00eds.<\/p>\n","protected":false},"excerpt":{"rendered":"<p>Hasta 18 ciclistas del equipo morado buscar\u00e1n este fin de semana los t\u00edtulos de contrarreloj y en ruta de Espa\u00f1a, Francia, Guatemala, Grecia, Rep\u00fablica Checa, Eritrea y Mongolia (Fotograf\u00eda: Rafa G\u00f3mez \/ Sprint Cycling Agency) Llega el fin de semana m\u00e1s internacional de la temporada ciclista con la disputa de la mayor\u00eda de campeonatos nacionales [&hellip;]<\/p>\n","protected":false},"author":10,"featured_media":141532,"comment_status":"closed","ping_status":"closed","sticky":false,"template":"","format":"standard","meta":{"_monsterinsights_skip_tracking":false,"_monsterinsights_sitenote_active":false,"_monsterinsights_sitenote_note":"","_monsterinsights_sitenote_category":0,"footnotes":""},"categories":[63],"tags":[1553,11,64],"class_list":{"0":"post-141531","1":"post","2":"type-post","3":"status-publish","4":"format-standard","5":"has-post-thumbnail","7":"category-ciclismo","8":"tag-actualidad-2","9":"tag-burgosbh","10":"tag-ciclismo"},"views":25,"_links":{"self":[{"href":"https:\/\/www.burgosdeporte.com\/index.php?rest_route=\/wp\/v2\/posts\/141531","targetHints":{"allow":["GET"]}}],"collection":[{"href":"https:\/\/www.burgosdeporte.com\/index.php?rest_route=\/wp\/v2\/posts"}],"about":[{"href":"https:\/\/www.burgosdeporte.com\/index.php?rest_route=\/wp\/v2\/types\/post"}],"author":[{"embeddable":true,"href":"https:\/\/www.burgosdeporte.com\/index.php?rest_route=\/wp\/v2\/users\/10"}],"replies":[{"embeddable":true,"href":"https:\/\/www.burgosdeporte.com\/index.php?rest_route=%2Fwp%2Fv2%2Fcomments&post=141531"}],"version-history":[{"count":1,"href":"https:\/\/www.burgosdeporte.com\/index.php?rest_route=\/wp\/v2\/posts\/141531\/revisions"}],"predecessor-version":[{"id":141534,"href":"https:\/\/www.burgosdeporte.com\/index.php?rest_route=\/wp\/v2\/posts\/141531\/revisions\/141534"}],"wp:featuredmedia":[{"embeddable":true,"href":"https:\/\/www.burgosdeporte.com\/index.php?rest_route=\/wp\/v2\/media\/141532"}],"wp:attachment":[{"href":"https:\/\/www.burgosdeporte.com\/index.php?rest_route=%2Fwp%2Fv2%2Fmedia&parent=141531"}],"wp:term":[{"taxonomy":"category","embeddable":true,"href":"https:\/\/www.burgosdeporte.com\/index.php?rest_route=%2Fwp%2Fv2%2Fcategories&post=141531"},{"taxonomy":"post_tag","embeddable":true,"href":"https:\/\/www.burgosdeporte.com\/index.php?rest_route=%2Fwp%2Fv2%2Ftags&post=141531"}],"curies":[{"name":"wp","href":"https:\/\/api.w.org\/{rel}","templated":true}]}}