{"id":141491,"date":"2025-06-23T16:44:16","date_gmt":"2025-06-23T14:44:16","guid":{"rendered":"https:\/\/www.burgosdeporte.com\/?p=141491"},"modified":"2025-06-24T16:23:12","modified_gmt":"2025-06-24T14:23:12","slug":"la-vuelta-a-burgos-masculina-presenta-cartel-y-etapas-para-la-edicion-de-2025","status":"publish","type":"post","link":"https:\/\/www.burgosdeporte.com\/?p=141491","title":{"rendered":"La Vuelta a Burgos masculina presenta cartel y etapas para la edici\u00f3n de 2025"},"content":{"rendered":"\n<p><strong><em>La ronda ciclista burgalesa se celebrar\u00e1 del 5 al 9 de agosto con cinco etapas en l\u00ednea<\/em><\/strong><\/p>\n\n\n\n<p class=\"has-text-align-right\">(<em>Fotograf\u00eda: Ricardo Ord\u00f3\u00f1ez<\/em>)<\/p>\n\n\n<div class=\"wp-block-image\">\n<figure class=\"aligncenter size-full\"><a href=\"https:\/\/castillafloristeria.com\/\" target=\"_blank\" rel=\" noreferrer noopener\"><img loading=\"lazy\" decoding=\"async\" width=\"300\" height=\"90\" src=\"https:\/\/www.burgosdeporte.com\/wp-content\/uploads\/2023\/10\/floristeria_castilla.fw_.png\" alt=\"\" class=\"wp-image-108421\" srcset=\"https:\/\/www.burgosdeporte.com\/wp-content\/uploads\/2023\/10\/floristeria_castilla.fw_.png 300w, https:\/\/www.burgosdeporte.com\/wp-content\/uploads\/2023\/10\/floristeria_castilla.fw_-150x45.png 150w\" sizes=\"auto, (max-width: 300px) 100vw, 300px\" \/><\/a><\/figure>\n<\/div>\n\n\n<p>La Vuelta a Burgos masculina presenta el cartel y las etapas oficiales de su XLVII edici\u00f3n, que se disputar\u00e1 del 5 al 9 de agosto de 2025 con cinco etapas en l\u00ednea que recorrer\u00e1n algunos de los paisajes m\u00e1s emblem\u00e1ticos y sorprendentes de la provincia.<\/p>\n\n\n\n<p>La carrera, organizada por la Diputaci\u00f3n de Burgos a trav\u00e9s del Instituto Provincial para el Deporte y Juventud (IDJ), volver\u00e1 a reunir a algunos de los mejores equipos del pelot\u00f3n internacional en una cita que une ciclismo, territorio y turismo.<\/p>\n\n\n<div class=\"wp-block-image\">\n<figure class=\"alignright size-large is-resized\"><img loading=\"lazy\" decoding=\"async\" width=\"625\" height=\"1024\" src=\"https:\/\/www.burgosdeporte.com\/wp-content\/uploads\/2025\/06\/Cartel-Vuelta-a-Burgos-masculina-2025-625x1024.jpg\" alt=\"\" class=\"wp-image-141492\" style=\"width:314px;height:auto\" srcset=\"https:\/\/www.burgosdeporte.com\/wp-content\/uploads\/2025\/06\/Cartel-Vuelta-a-Burgos-masculina-2025-625x1024.jpg 625w, https:\/\/www.burgosdeporte.com\/wp-content\/uploads\/2025\/06\/Cartel-Vuelta-a-Burgos-masculina-2025-183x300.jpg 183w, https:\/\/www.burgosdeporte.com\/wp-content\/uploads\/2025\/06\/Cartel-Vuelta-a-Burgos-masculina-2025-150x246.jpg 150w, https:\/\/www.burgosdeporte.com\/wp-content\/uploads\/2025\/06\/Cartel-Vuelta-a-Burgos-masculina-2025-300x492.jpg 300w, https:\/\/www.burgosdeporte.com\/wp-content\/uploads\/2025\/06\/Cartel-Vuelta-a-Burgos-masculina-2025-696x1141.jpg 696w, https:\/\/www.burgosdeporte.com\/wp-content\/uploads\/2025\/06\/Cartel-Vuelta-a-Burgos-masculina-2025.jpg 732w\" sizes=\"auto, (max-width: 625px) 100vw, 625px\" \/><\/figure>\n<\/div>\n\n\n<p>El cartel ha sido dise\u00f1ado por Sonia Garc\u00eda Lozano, de Opciones, y destaca por su fuerza visual y simb\u00f3lica. En \u00e9l, un ojo humano en primer plano capta la atenci\u00f3n, con la pupila transformada en una rueda de bicicleta cuyos radios simulan la estructura del iris. El caracter\u00edstico color violeta de la Vuelta a Burgos da unidad y personalidad al conjunto.<\/p>\n\n\n\n<p>La imagen remite a la mirada atenta del mundo ciclista sobre la provincia durante los d\u00edas de competici\u00f3n, pero tambi\u00e9n a c\u00f3mo el ciclismo act\u00faa como una lente que permite redescubrir el territorio. Un dise\u00f1o que evoca emoci\u00f3n, vigilancia y enfoque: tres conceptos esenciales tanto para los corredores como para los aficionados.<\/p>\n\n\n\n<p>El recorrido constar\u00e1 de cinco etapas que combinan exigencia deportiva e identidad territorial, ofreciendo al espectador un espect\u00e1culo \u00fanico en cada jornada:<\/p>\n\n\n\n<p><strong>Etapa 1 \u2013 Camino de Santiago (Martes 05\/08\/2025)<\/strong><\/p>\n\n\n\n<p>La ronda arrancar\u00e1 en Olmillos de Sasam\u00f3n, localidad que destaca por su imponente castillo, punto de referencia para los peregrinos del Camino de Santiago. La llegada ser\u00e1 en Burgos, ciudad Patrimonio de la Humanidad gracias a su vinculaci\u00f3n con el Camino de Santiago y a su extraordinaria Catedral, una de las joyas del g\u00f3tico europeo.<\/p>\n\n\n\n<p><strong>Etapa 2 \u2013 Arl\u00e1nzate (Mi\u00e9rcoles 06\/08\/2025)<\/strong><\/p>\n\n\n\n<p>La segunda jornada partir\u00e1 de Cilleruelo de Abajo, localidad situada en la Comarca del Arlanza, en el coraz\u00f3n del medio rural burgal\u00e9s. El final ser\u00e1 en Buniel, que se estrena como localidad de llegada. Una etapa con varios matices que puede resultar m\u00e1s exigente de lo que aparenta.<\/p>\n\n\n\n<p><strong>Etapa 3 \u2013 Origen del Castellano (Jueves 07\/08\/2025)<\/strong><\/p>\n\n\n\n<p>Esta discurrir\u00e1 desde dos localidades que son la cuna del castellano. Saldr\u00e1 del Monasterio de San Pedro de Carde\u00f1a, donde el estudio del \u00abBecerro g\u00f3tico de Carde\u00f1a\u00bb es el primer balbuceo del castellano, y desde este enclave tan simb\u00f3lico, la etapa discurrir\u00e1 hasta Valpuesta, donde aparecen las primeras palabras escritas del castellano recogidas en sus Cartularios.<\/p>\n\n\n\n<p><strong>Etapa 4 \u2013 Energ\u00eda Natural (Viernes 08\/08\/2025)<\/strong><\/p>\n\n\n\n<p>La cuarta jornada arrancar\u00e1 desde las instalaciones de Burpellet, en Do\u00f1a Santos, mostrando el compromiso de la provincia con la sostenibilidad y las energ\u00edas limpias. El final ser\u00e1 en Regumiel de la Sierra, en plena Sierra de la Demanda.<\/p>\n\n\n\n<p><strong>Etapa 5 \u2013 Patrimonio Enol\u00f3gico (S\u00e1bado 09\/08\/2025)<\/strong><\/p>\n\n\n\n<p>El cierre de la Vuelta partir\u00e1 desde la Bodega Cillar de Silos, en Quintana del Pidio, una de las localidades con m\u00e1s tradici\u00f3n vitivin\u00edcola en la Ribera del Duero burgalesa. Desde all\u00ed, los ciclistas afrontar\u00e1n el ascenso final a las ic\u00f3nicas Lagunas de Neila, final habitual y decisivo que puede dictar sentencia.<\/p>\n","protected":false},"excerpt":{"rendered":"<p>La ronda ciclista burgalesa se celebrar\u00e1 del 5 al 9 de agosto con cinco etapas en l\u00ednea (Fotograf\u00eda: Ricardo Ord\u00f3\u00f1ez) La Vuelta a Burgos masculina presenta el cartel y las etapas oficiales de su XLVII edici\u00f3n, que se disputar\u00e1 del 5 al 9 de agosto de 2025 con cinco etapas en l\u00ednea que recorrer\u00e1n algunos [&hellip;]<\/p>\n","protected":false},"author":10,"featured_media":125370,"comment_status":"closed","ping_status":"closed","sticky":false,"template":"","format":"standard","meta":{"_monsterinsights_skip_tracking":false,"_monsterinsights_sitenote_active":false,"_monsterinsights_sitenote_note":"","_monsterinsights_sitenote_category":0,"footnotes":""},"categories":[63],"tags":[1553,2455,64,2456,266,479],"class_list":{"0":"post-141491","1":"post","2":"type-post","3":"status-publish","4":"format-standard","5":"has-post-thumbnail","7":"category-ciclismo","8":"tag-actualidad-2","9":"tag-cartel","10":"tag-ciclismo","11":"tag-etapas","12":"tag-idjburgos","13":"tag-vueltaaburgos"},"views":161,"_links":{"self":[{"href":"https:\/\/www.burgosdeporte.com\/index.php?rest_route=\/wp\/v2\/posts\/141491","targetHints":{"allow":["GET"]}}],"collection":[{"href":"https:\/\/www.burgosdeporte.com\/index.php?rest_route=\/wp\/v2\/posts"}],"about":[{"href":"https:\/\/www.burgosdeporte.com\/index.php?rest_route=\/wp\/v2\/types\/post"}],"author":[{"embeddable":true,"href":"https:\/\/www.burgosdeporte.com\/index.php?rest_route=\/wp\/v2\/users\/10"}],"replies":[{"embeddable":true,"href":"https:\/\/www.burgosdeporte.com\/index.php?rest_route=%2Fwp%2Fv2%2Fcomments&post=141491"}],"version-history":[{"count":2,"href":"https:\/\/www.burgosdeporte.com\/index.php?rest_route=\/wp\/v2\/posts\/141491\/revisions"}],"predecessor-version":[{"id":141494,"href":"https:\/\/www.burgosdeporte.com\/index.php?rest_route=\/wp\/v2\/posts\/141491\/revisions\/141494"}],"wp:featuredmedia":[{"embeddable":true,"href":"https:\/\/www.burgosdeporte.com\/index.php?rest_route=\/wp\/v2\/media\/125370"}],"wp:attachment":[{"href":"https:\/\/www.burgosdeporte.com\/index.php?rest_route=%2Fwp%2Fv2%2Fmedia&parent=141491"}],"wp:term":[{"taxonomy":"category","embeddable":true,"href":"https:\/\/www.burgosdeporte.com\/index.php?rest_route=%2Fwp%2Fv2%2Fcategories&post=141491"},{"taxonomy":"post_tag","embeddable":true,"href":"https:\/\/www.burgosdeporte.com\/index.php?rest_route=%2Fwp%2Fv2%2Ftags&post=141491"}],"curies":[{"name":"wp","href":"https:\/\/api.w.org\/{rel}","templated":true}]}}