{"id":141332,"date":"2025-06-20T18:56:33","date_gmt":"2025-06-20T16:56:33","guid":{"rendered":"https:\/\/www.burgosdeporte.com\/?p=141332"},"modified":"2025-06-23T12:42:49","modified_gmt":"2025-06-23T10:42:49","slug":"el-burgos-burpellet-bh-a-las-clasicas-de-dinamarca-andorra-e-italia","status":"publish","type":"post","link":"https:\/\/www.burgosdeporte.com\/?p=141332","title":{"rendered":"El Burpellet BH, a las cl\u00e1sicas de Dinamarca, Andorra e Italia"},"content":{"rendered":"\n<h2 class=\"wp-block-heading\">El equipo morado disputar\u00e1 por primera vez este domingo el Copenhaguen Sprint y la Andorra Morabanc Cl\u00e0ssica y se estrenar\u00e1 el martes en el Giro de los Apeninos. Tambi\u00e9n estar\u00e1 representado en los campeonatos de Guatemala y Mauricio.<\/h2>\n\n\n<div class=\"wp-block-image\">\n<figure class=\"aligncenter size-full\"><img loading=\"lazy\" decoding=\"async\" width=\"300\" height=\"400\" src=\"https:\/\/www.burgosdeporte.com\/wp-content\/uploads\/2025\/06\/Nomina_CajaViva.jpg\" alt=\"\" class=\"wp-image-140655\" srcset=\"https:\/\/www.burgosdeporte.com\/wp-content\/uploads\/2025\/06\/Nomina_CajaViva.jpg 300w, https:\/\/www.burgosdeporte.com\/wp-content\/uploads\/2025\/06\/Nomina_CajaViva-225x300.jpg 225w, https:\/\/www.burgosdeporte.com\/wp-content\/uploads\/2025\/06\/Nomina_CajaViva-150x200.jpg 150w\" sizes=\"auto, (max-width: 300px) 100vw, 300px\" \/><\/figure>\n<\/div>\n\n\n<p>Los objetivos del Burgos Burpellet BH se multiplicar\u00e1n en los pr\u00f3ximos d\u00edas con la disputa de hasta tres cl\u00e1sicas en diferentes pa\u00edses europeos. Una vez finalice la Ruta de Occitania este s\u00e1bado, los corredores morados doblar\u00e1n competici\u00f3n el domingo 22 con dos pruebas que se estrenan en el calendario: el Copenhaguen Sprint, carrera danesa para velocistas perteneciente al UCI WorldTour, y la Andorra Morabanc Cl\u00e0ssica, destinada a los escaladores. Como ep\u00edlogo a este bloque de carreras, el martes 24 los morados competir\u00e1n por primera vez en el Giro dell&#8217;Apennino, cita italiana tambi\u00e9n monta\u00f1osa. Adem\u00e1s, tanto Sergio Chumil en Guatemala como Alexandre Mayer en Mauricio disputar\u00e1n sus respectivos campeonatos nacionales.<\/p>\n\n\n\n<p>El domingo 22 las competiciones para el equipo burgal\u00e9s ser\u00e1n hasta cuatro, comenzando con una nueva prueba del UCI WorldTour. El Burgos Burpellet BH ha sido invitado a disputar el Copenhaguen Sprint, nueva carrera de la m\u00e1xima categor\u00eda en Dinamarca. Como su nombre indica, la cita congregar\u00e1 a los mejores velocistas de cara a un sprint masivo en las calles de Copenhague.<\/p>\n\n\n\n<p>El largo recorrido de 236 kil\u00f3metros ser\u00e1 totalmente llano, partiendo desde Roskilde y finalizando en la capital danesa, con un circuito urbano muy t\u00e9cnico de 10 kil\u00f3metros que se repetir\u00e1 en cinco ocasiones. Como hombres r\u00e1pidos, el conjunto morado acude con David Mart\u00edn, Daniel Cavia, George Jackson y Antonio Angulo, escoltados por Vojtech Km\u00ednek y los burgaleses \u00c1ngel Fuentes y Rodrigo \u00c1lvarez.<\/p>\n\n\n\n<figure class=\"wp-block-image size-full\"><img loading=\"lazy\" decoding=\"async\" width=\"1024\" height=\"683\" src=\"https:\/\/www.burgosdeporte.com\/wp-content\/uploads\/2025\/06\/229a530d-0da3-4d26-927a-484fed72e398.jpg\" alt=\"\" class=\"wp-image-141333\" srcset=\"https:\/\/www.burgosdeporte.com\/wp-content\/uploads\/2025\/06\/229a530d-0da3-4d26-927a-484fed72e398.jpg 1024w, https:\/\/www.burgosdeporte.com\/wp-content\/uploads\/2025\/06\/229a530d-0da3-4d26-927a-484fed72e398-300x200.jpg 300w, https:\/\/www.burgosdeporte.com\/wp-content\/uploads\/2025\/06\/229a530d-0da3-4d26-927a-484fed72e398-768x512.jpg 768w, https:\/\/www.burgosdeporte.com\/wp-content\/uploads\/2025\/06\/229a530d-0da3-4d26-927a-484fed72e398-150x100.jpg 150w, https:\/\/www.burgosdeporte.com\/wp-content\/uploads\/2025\/06\/229a530d-0da3-4d26-927a-484fed72e398-696x464.jpg 696w\" sizes=\"auto, (max-width: 1024px) 100vw, 1024px\" \/><figcaption class=\"wp-element-caption\">David Mart\u00edn y Vojtech Km\u00ednek, preparados para el debut en Copenhague. Foto: Sylvain Rave \/ La Roue Tourangelle<\/figcaption><\/figure>\n\n\n\n<p>Ese mismo domingo, el Burgos Burpellet BH competir\u00e1 tambi\u00e9n en otra nueva carrera en el Principado de Andorra. Los escaladores tratar\u00e1n de inscribir su nombre en el palmar\u00e9s de la Andorra Morabanc Cl\u00e0ssica. La prueba incluir\u00e1 cinco grandes puertos de monta\u00f1a en los 139 kil\u00f3metros de recorrido, alcanzando los 4270 metros de desnivel positivo. Los corredores saldr\u00e1n de Andorra la Vella y ascender\u00e1n de forma inmediata el Port d&#8217;Envalira, de categor\u00eda especial.<\/p>\n\n\n\n<p>Sin un metro llano, se suceder\u00e1n las subidas al Coll d&#8217;Ordino, el Coll de la Comella y el Coll de Beixalis, as\u00ed como el paso por el sector de tierra de Les Pardines. La carrera se decidir\u00e1 en el \u00faltimo ascenso del d\u00eda: el Coll de la Botella desde La Massana. Siete grandes escaladores conforman la alineaci\u00f3n morada para la carrera andorrana: Josh Burnett Ander Okamika, Eric Fag\u00fandez, Jos\u00e9 Manuel D\u00edaz, Carlos Garc\u00eda Pierna, Sinuh\u00e9 Fern\u00e1ndez y David Delgado. El mismo siete que est\u00e1 compitiendo en Occitania, salvo por la entrada de D\u00edaz Gallego en lugar de Delgado.<\/p>\n\n\n\n<figure class=\"wp-block-table\"><table class=\"has-fixed-layout\"><tbody><tr><td>El triplete de cl\u00e1sicas se completar\u00e1 el martes 24 con la disputa del Giro de los Apeninos -oficialmente Giro dell&#8217;Apennino-. El Burgos Burpellet BH debutar\u00e1 en una carrera italiana que cumple su 86\u00ba edici\u00f3n\u00a0y que vuelve a apostar por un recorrido para los grandes escaladores. Ser\u00e1 una larga jornada de 203 kil\u00f3metros en el norte del pa\u00eds, con salida en Novi Ligure y final en G\u00e9nova.<br><br>Habr\u00e1 hasta cinco subidas puntuables, destacando las tres \u00faltimas a Creocetta d&#8217;Oreo, Pietralavezzara y Madonna della Guardia. Este encadenado monta\u00f1oso seleccionar\u00e1 el pelot\u00f3n dando paso a uno tramo final de menos de 20 kil\u00f3metros llanos. Repiten presencia tras correr en Andorra Eric Fag\u00fandez, Jos\u00e9 Manuel D\u00edaz, Ander Okamika, Sinuh\u00e9 Fern\u00e1ndez y\u00a0Carlos Garc\u00eda Pierna. Completan la alineaci\u00f3n Jos\u00e9 Luis Faura y Cl\u00e9ment Alleno.<br><br>Adicionalmente, el Burgos Burpellet BH comenzar\u00e1 su participaci\u00f3n en los campeonatos nacionales. La mayor\u00eda de las pruebas se diputar\u00e1n la pr\u00f3xima semana, pero Guatemala y Mauricio adelantan la celebraci\u00f3n de sus respectivas carreras. El domingo 22, Sergio Chumil buscar\u00e1 el t\u00edtulo contra el crono, tras acabar segundo clasificado en 2024, a solo once segundos de la medalla de oro. La prueba se celebrar\u00e1 en el municipio de San Juan Ostuncalco (Quetzaltenango) sobre un recorrido de 30 kil\u00f3metros. Por su parte, Alexandre Mayer correr\u00e1 el Campeonato de Mauricio en la localidad de Saint Pierre. El s\u00e1bado, una contrarreloj de 18 kil\u00f3metros, y el domingo, la prueba en l\u00ednea, de 132 kil\u00f3metros.<\/td><\/tr><\/tbody><\/table><\/figure>\n\n\n\n<figure class=\"wp-block-table\"><table class=\"has-fixed-layout\"><tbody><tr><td><\/td><\/tr><\/tbody><\/table><\/figure>\n","protected":false},"excerpt":{"rendered":"<p>El equipo morado disputar\u00e1 por primera vez este domingo el Copenhaguen Sprint y la Andorra Morabanc Cl\u00e0ssica y se estrenar\u00e1 el martes en el Giro de los Apeninos. Tambi\u00e9n estar\u00e1 representado en los campeonatos de Guatemala y Mauricio. Los objetivos del Burgos Burpellet BH se multiplicar\u00e1n en los pr\u00f3ximos d\u00edas con la disputa de hasta [&hellip;]<\/p>\n","protected":false},"author":10,"featured_media":141334,"comment_status":"closed","ping_status":"closed","sticky":false,"template":"","format":"standard","meta":{"_monsterinsights_skip_tracking":false,"_monsterinsights_sitenote_active":false,"_monsterinsights_sitenote_note":"","_monsterinsights_sitenote_category":0,"footnotes":""},"categories":[63],"tags":[1553,2284,64],"class_list":{"0":"post-141332","1":"post","2":"type-post","3":"status-publish","4":"format-standard","5":"has-post-thumbnail","7":"category-ciclismo","8":"tag-actualidad-2","9":"tag-burgosburpelletbh","10":"tag-ciclismo"},"views":22,"_links":{"self":[{"href":"https:\/\/www.burgosdeporte.com\/index.php?rest_route=\/wp\/v2\/posts\/141332","targetHints":{"allow":["GET"]}}],"collection":[{"href":"https:\/\/www.burgosdeporte.com\/index.php?rest_route=\/wp\/v2\/posts"}],"about":[{"href":"https:\/\/www.burgosdeporte.com\/index.php?rest_route=\/wp\/v2\/types\/post"}],"author":[{"embeddable":true,"href":"https:\/\/www.burgosdeporte.com\/index.php?rest_route=\/wp\/v2\/users\/10"}],"replies":[{"embeddable":true,"href":"https:\/\/www.burgosdeporte.com\/index.php?rest_route=%2Fwp%2Fv2%2Fcomments&post=141332"}],"version-history":[{"count":2,"href":"https:\/\/www.burgosdeporte.com\/index.php?rest_route=\/wp\/v2\/posts\/141332\/revisions"}],"predecessor-version":[{"id":141336,"href":"https:\/\/www.burgosdeporte.com\/index.php?rest_route=\/wp\/v2\/posts\/141332\/revisions\/141336"}],"wp:featuredmedia":[{"embeddable":true,"href":"https:\/\/www.burgosdeporte.com\/index.php?rest_route=\/wp\/v2\/media\/141334"}],"wp:attachment":[{"href":"https:\/\/www.burgosdeporte.com\/index.php?rest_route=%2Fwp%2Fv2%2Fmedia&parent=141332"}],"wp:term":[{"taxonomy":"category","embeddable":true,"href":"https:\/\/www.burgosdeporte.com\/index.php?rest_route=%2Fwp%2Fv2%2Fcategories&post=141332"},{"taxonomy":"post_tag","embeddable":true,"href":"https:\/\/www.burgosdeporte.com\/index.php?rest_route=%2Fwp%2Fv2%2Ftags&post=141332"}],"curies":[{"name":"wp","href":"https:\/\/api.w.org\/{rel}","templated":true}]}}