{"id":141307,"date":"2025-06-19T12:58:03","date_gmt":"2025-06-19T10:58:03","guid":{"rendered":"https:\/\/www.burgosdeporte.com\/?p=141307"},"modified":"2025-06-20T15:38:01","modified_gmt":"2025-06-20T13:38:01","slug":"el-africano-alexandre-mayer-firma-por-el-burgos-burpellet-bh","status":"publish","type":"post","link":"https:\/\/www.burgosdeporte.com\/?p=141307","title":{"rendered":"El africano Alexandre Mayer firma por el Burgos Burpellet BH"},"content":{"rendered":"\n<p><strong><em>El puncheur y contrarrelojista ficha hasta 2026, convirti\u00e9ndose en el primer ciclista profesional de Mauricio y se estrenar\u00e1 como morado este fin de semana en los campeonatos nacionales<\/em><\/strong><\/p>\n\n\n\n<p class=\"has-text-align-right\">(<em>Fotograf\u00eda: Burgos BH<\/em>)<\/p>\n\n\n<div class=\"wp-block-image\">\n<figure class=\"aligncenter size-full\"><a href=\"https:\/\/www.tandemgyd.com\/\" target=\"_blank\" rel=\" noreferrer noopener\"><img loading=\"lazy\" decoding=\"async\" width=\"200\" height=\"183\" src=\"https:\/\/www.burgosdeporte.com\/wp-content\/uploads\/2023\/09\/Logo_Tandem.jpg\" alt=\"\" class=\"wp-image-107992\" srcset=\"https:\/\/www.burgosdeporte.com\/wp-content\/uploads\/2023\/09\/Logo_Tandem.jpg 200w, https:\/\/www.burgosdeporte.com\/wp-content\/uploads\/2023\/09\/Logo_Tandem-150x137.jpg 150w\" sizes=\"auto, (max-width: 200px) 100vw, 200px\" \/><\/a><\/figure>\n<\/div>\n\n\n<p>El Burgos Burpellet BH se refuerza de cara a la segunda mitad de la temporada con la llegada de Alexandre Mayer (Curepipe, 1998), corredor de 27 a\u00f1os de Mauricio. Un fichaje ex\u00f3tico, pero con experiencia contrastada y con buenos resultados a sus espaldas. El corredor africano debutar\u00e1 en el profesionalismo tras haber corrido en el equipo brit\u00e1nico Saint Piran en 2024, proclam\u00e1ndose vencedor de los Juegos Africanos y del Campeonato de las Islas del Oc\u00e9ano \u00cdndico.<\/p>\n\n\n\n<p>Destaca como puncheur y tiene experiencia en el ciclismo de monta\u00f1a. Este mismo fin de semana debutar\u00e1 como morado corriendo el campeonato nacional de su pa\u00eds, lo que le convertir\u00e1 en el primer ciclista mauriciano en llegar al profesionalismo en el pelot\u00f3n masculino. Correr\u00e1 como morado lo que resta de 2025 y la pr\u00f3xima temporada 2026.<\/p>\n\n\n\n<p>Mayer destaca como un corredor explosivo, con buena punta de velocidad y capacidad de brillar tambi\u00e9n en la lucha contra el crono. Ha sido tres veces campe\u00f3n nacional de Mauricio de fondo en carretera (2020, 2021 y 2022) y el pasado a\u00f1o logr\u00f3 su mayor \u00e9xito al proclamarse campe\u00f3n en ruta de los Juegos Africanos, prueba que congrega cada cuatro a\u00f1os a los mejores corredores del continente. En dicha cita comparti\u00f3 podio con otro morado como Merhawi Kudus, que acab\u00f3 tercero representando a Eritrea. Mayer tambi\u00e9n compite en ciclismo de monta\u00f1a, habi\u00e9ndose impuesto en varias ocasiones en el campeonato nacional de cross-country ol\u00edmpico (XCO) (2021 y 2022) y cross-country marat\u00f3n (XCM) (2022, 2023 y 2024).<\/p>\n\n\n\n<figure class=\"wp-block-image size-large\"><img loading=\"lazy\" decoding=\"async\" width=\"1024\" height=\"661\" src=\"https:\/\/www.burgosdeporte.com\/wp-content\/uploads\/2025\/06\/Alexandre-Mayer-1024x661.jpg\" alt=\"\" class=\"wp-image-141308\" srcset=\"https:\/\/www.burgosdeporte.com\/wp-content\/uploads\/2025\/06\/Alexandre-Mayer-1024x661.jpg 1024w, https:\/\/www.burgosdeporte.com\/wp-content\/uploads\/2025\/06\/Alexandre-Mayer-300x194.jpg 300w, https:\/\/www.burgosdeporte.com\/wp-content\/uploads\/2025\/06\/Alexandre-Mayer-768x496.jpg 768w, https:\/\/www.burgosdeporte.com\/wp-content\/uploads\/2025\/06\/Alexandre-Mayer-150x97.jpg 150w, https:\/\/www.burgosdeporte.com\/wp-content\/uploads\/2025\/06\/Alexandre-Mayer-696x450.jpg 696w, https:\/\/www.burgosdeporte.com\/wp-content\/uploads\/2025\/06\/Alexandre-Mayer-1068x690.jpg 1068w, https:\/\/www.burgosdeporte.com\/wp-content\/uploads\/2025\/06\/Alexandre-Mayer.jpg 1200w\" sizes=\"auto, (max-width: 1024px) 100vw, 1024px\" \/><figcaption class=\"wp-element-caption\">Mayer ser\u00e1 el primer ciclista profesional de Mauricio. (Foto: Pouire Service Photographie)<\/figcaption><\/figure>\n\n\n\n<p>Su carrera deportiva a nivel amateur comenz\u00f3 en Francia, aunque, en los a\u00f1os de la pandemia de covid-19, regres\u00f3 a su pa\u00eds. En esta etapa gan\u00f3 el Tour de Mauricio en 2020, sus tres t\u00edtulos nacionales y la contrarreloj mixta por equipos del Campeonato de \u00c1frica de 2023. Ya en 2024, firm\u00f3 con el Saint Piran, equipo continental de Gran Breta\u00f1a, lo que le permiti\u00f3 disputar varias pruebas UCI en Europa y \u00c1frica. Ese a\u00f1o, adem\u00e1s de conquistar los Juegos Africanos, gan\u00f3 tanto la contrarreloj como la prueba en l\u00ednea del Campeonato de las Islas del Oc\u00e9ano \u00cdndico.<\/p>\n\n\n\n<p>En la presente temporada se encontraba corriendo en el equipo brit\u00e1nico Foran, con el que hab\u00eda logrado algunos podios en pruebas nacionales. Ahora da el salto al profesionalismo cargado de ambici\u00f3n y con ganas de demostrar su val\u00eda.<\/p>\n\n\n\n<p>Alexandre Mayer: \u00abEstoy muy feliz de unirme al Burgos Burpellet BH. Llegar al profesionalismo siendo de Mauricio, un pa\u00eds bastante alejado del ciclismo europeo, y a la edad de 27 a\u00f1os es algo incre\u00edble. Quiero agradecer al equipo por su apoyo y a todo el mundo que lo ha hecho posible. No es f\u00e1cil hacer un fichaje a mitad de temporada y todo ha ido bien. Esta temporada est\u00e1 siendo bastante buena para m\u00ed. Estaba corriendo en un equipo amateur de Londres, consiguiendo una buena forma f\u00edsica y logr\u00e9 acabar tercero en el Lincoln Gran Prix, una carrera bastante famosa all\u00ed. Va a ser un gran cambio, pero tengo muchas ganas de aprovechar esta oportunidad. El a\u00f1o pasado fue una de mis mejores temporadas. Gan\u00e9 los Juegos Africanos, lo que supuso la primera victoria de un corredor de Mauricio en la prueba \u00e9lite masculina. Luego fui segundo en la general del Tour de Mauricio, carrera de categor\u00eda UCI. Espero que este fin de semana todo vaya bien en los campeonatos nacionales. Quiero ganar el t\u00edtulo otra vez, ya lo consegu\u00ed tres veces en el pasado y ser\u00eda incre\u00edble lograrlo por cuarta vez\u00bb.<\/p>\n\n\n\n<p>Damien Garcia (director deportivo): \u00abAlexandre Mayer es un ciclista con buenas cualidades y con proyecci\u00f3n a futuro. Es uno de los mejores corredores de su pa\u00eds y del continente africano, como muestran los resultados que ha logrado en el pasado. Hemos querido darle la oportunidad de demostrar su nivel en el campo profesional y esperamos que se adapte lo antes posible al equipo y que sea un ciclista s\u00f3lido en el futuro\u00bb.<\/p>\n","protected":false},"excerpt":{"rendered":"<p>El puncheur y contrarrelojista ficha hasta 2026, convirti\u00e9ndose en el primer ciclista profesional de Mauricio y se estrenar\u00e1 como morado este fin de semana en los campeonatos nacionales (Fotograf\u00eda: Burgos BH) El Burgos Burpellet BH se refuerza de cara a la segunda mitad de la temporada con la llegada de Alexandre Mayer (Curepipe, 1998), corredor [&hellip;]<\/p>\n","protected":false},"author":10,"featured_media":141309,"comment_status":"closed","ping_status":"closed","sticky":false,"template":"","format":"standard","meta":{"_monsterinsights_skip_tracking":false,"_monsterinsights_sitenote_active":false,"_monsterinsights_sitenote_note":"","_monsterinsights_sitenote_category":0,"footnotes":""},"categories":[63],"tags":[1553,2447,11,64],"class_list":{"0":"post-141307","1":"post","2":"type-post","3":"status-publish","4":"format-standard","5":"has-post-thumbnail","7":"category-ciclismo","8":"tag-actualidad-2","9":"tag-alexandremayer","10":"tag-burgosbh","11":"tag-ciclismo"},"views":31,"_links":{"self":[{"href":"https:\/\/www.burgosdeporte.com\/index.php?rest_route=\/wp\/v2\/posts\/141307","targetHints":{"allow":["GET"]}}],"collection":[{"href":"https:\/\/www.burgosdeporte.com\/index.php?rest_route=\/wp\/v2\/posts"}],"about":[{"href":"https:\/\/www.burgosdeporte.com\/index.php?rest_route=\/wp\/v2\/types\/post"}],"author":[{"embeddable":true,"href":"https:\/\/www.burgosdeporte.com\/index.php?rest_route=\/wp\/v2\/users\/10"}],"replies":[{"embeddable":true,"href":"https:\/\/www.burgosdeporte.com\/index.php?rest_route=%2Fwp%2Fv2%2Fcomments&post=141307"}],"version-history":[{"count":1,"href":"https:\/\/www.burgosdeporte.com\/index.php?rest_route=\/wp\/v2\/posts\/141307\/revisions"}],"predecessor-version":[{"id":141310,"href":"https:\/\/www.burgosdeporte.com\/index.php?rest_route=\/wp\/v2\/posts\/141307\/revisions\/141310"}],"wp:featuredmedia":[{"embeddable":true,"href":"https:\/\/www.burgosdeporte.com\/index.php?rest_route=\/wp\/v2\/media\/141309"}],"wp:attachment":[{"href":"https:\/\/www.burgosdeporte.com\/index.php?rest_route=%2Fwp%2Fv2%2Fmedia&parent=141307"}],"wp:term":[{"taxonomy":"category","embeddable":true,"href":"https:\/\/www.burgosdeporte.com\/index.php?rest_route=%2Fwp%2Fv2%2Fcategories&post=141307"},{"taxonomy":"post_tag","embeddable":true,"href":"https:\/\/www.burgosdeporte.com\/index.php?rest_route=%2Fwp%2Fv2%2Ftags&post=141307"}],"curies":[{"name":"wp","href":"https:\/\/api.w.org\/{rel}","templated":true}]}}