{"id":141269,"date":"2025-06-18T12:40:35","date_gmt":"2025-06-18T10:40:35","guid":{"rendered":"https:\/\/www.burgosdeporte.com\/?p=141269"},"modified":"2025-06-19T13:03:17","modified_gmt":"2025-06-19T11:03:17","slug":"el-club-ciclista-burgales-organiza-el-xiv-trofeo-escuelas-ciudad-de-burgos","status":"publish","type":"post","link":"https:\/\/www.burgosdeporte.com\/?p=141269","title":{"rendered":"El Club Ciclista Burgal\u00e9s organiza el XIV Trofeo Escuelas \u2018Ciudad de Burgos\u2019"},"content":{"rendered":"\n<p><strong><em>La carrera tendr\u00e1 lugar este s\u00e1bado 21 de junio, desde las 17:30 horas, con salida en la avenida Valencia del Cid (Bulevar del Ferrocarril)<\/em><\/strong><\/p>\n\n\n<div class=\"wp-block-image\">\n<figure class=\"aligncenter size-full is-resized\"><a href=\"https:\/\/www.fundacioncajacirculo.es\/\" target=\"_blank\" rel=\" noreferrer noopener\"><img loading=\"lazy\" decoding=\"async\" width=\"300\" height=\"600\" src=\"https:\/\/www.burgosdeporte.com\/wp-content\/uploads\/2023\/09\/FuncadionElCirculo.gif\" alt=\"\" class=\"wp-image-107974\" style=\"width:138px;height:auto\"\/><\/a><\/figure>\n<\/div>\n\n\n<p>Los ciclistas m\u00e1s peque\u00f1os tendr\u00e1n oportunidad de sentirse como sus \u00eddolos profesionales y disfrutemos de una gran tarde de ciclismo base con la disputa del XIV Trofeo de Escuelas Ciclistas &#8216;Ciudad de Burgos&#8217; &#8211; Fundaci\u00f3n C\u00edrculo de Burgos. Adem\u00e1s de las categor\u00edas federadas promesas, principiantes, alevines e infantiles, habr\u00e1 mangas de carreras para ni\u00f1os y ni\u00f1as en edad escolar \u00abpopulares\u00bb (hasta 14 a\u00f1os).<\/p>\n\n\n\n<p>Se desarrollar\u00e1 en la tarde de este s\u00e1bado 21 de junio, en el ya tradicional circuito de la Avda. Valencia del Cid (Bulevar del Ferrocarril), en el entorno del Parque de la Nevera, a partir de las 17:30hrs.<\/p>\n\n\n\n<p>Como ya es tradicional, el Club Ciclista Burgal\u00e9s aprovechar\u00e1 el ambiente festivo de la ciudad en la previa de las fiestas mayores para la organizaci\u00f3n de la prueba del club que forma parte y es puntuable para la Copa de Escuelas ruta de la Federaci\u00f3n de Ciclismo de Castilla y Le\u00f3n.<\/p>\n\n\n\n<p>Como en anteriores ediciones la prueba se disputar\u00e1 sobre un trazado de 1 kil\u00f3metro de recorrido que se extiende a lo largo del Bulevar del Ferrocarril entre las calles de Santa Cruz y Molinillo, en el entorno del Parque de la Nevera, a partir de las 17:30hrs hasta las 19:30hrs aproximadamente.<\/p>\n\n\n\n<p>Tomar\u00e1n parte ni\u00f1os y ni\u00f1as de categor\u00edas de formaci\u00f3n (desde los 6 a\u00f1os y hasta los 14), pertenecientes a las distintas escuelas ciclistas de clubes y equipos de Castilla y Le\u00f3n de las provincias lim\u00edtrofes y cercanas de Le\u00f3n, Valladolid y Palencia, as\u00ed como las escuelas ciclistas burgalesas de los dos equipos de Aranda de Duero, Briviesca y la propia del Club Ciclista Burgal\u00e9s, organizador de la prueba.<\/p>\n\n\n\n<p>El pre\u00e1mbulo a las carreras de ciclistas federados lo abrir\u00e1n las mangas de promoci\u00f3n para ni\u00f1os y ni\u00f1as hasta 14 a\u00f1os no federados \u00abpopulares\u00bb. Las inscripciones son gratuitas y se har\u00e1n antes de las 17:15hrs en las casetas de inscripci\u00f3n y dorsales.<\/p>\n\n\n\n<p>Las distancias y vueltas para las categor\u00edas federadas son:&nbsp;<\/p>\n\n\n\n<ul class=\"wp-block-list\">\n<li>Promesas (6-7-8 a\u00f1os) &#8211; 1 vuelta (1km)<\/li>\n\n\n\n<li>Principiantes (9-10 a\u00f1os) &#8211; 2 vueltas<\/li>\n\n\n\n<li>Alevines (11-12 a\u00f1os) &#8211; 7 vueltas<\/li>\n\n\n\n<li>Infantiles (13-14 a\u00f1os) &#8211; 15 vueltas<\/li>\n<\/ul>\n\n\n\n<p>Para las categor\u00edas populares las distancias y vueltas se establecer\u00e1n en funci\u00f3n de la afluencia de participantes y grupos de edad, yendo desde la media vuelta para los m\u00e1s peque\u00f1os y las 3 vueltas para los m\u00e1s mayores de 12 a 14 a\u00f1os.<\/p>\n\n\n\n<p>La inscripci\u00f3n es gratuita para todos los participantes. Para ciclistas federados de las escuelas de Castilla y Le\u00f3n se realizar\u00e1 desde la web de la Federaci\u00f3n de Ciclismo de Castilla y Le\u00f3n. Las inscripciones para populares se realizar\u00e1n antes del inicio del trofeo en las casetas de organizaci\u00f3n junto al p\u00f3dium y la salida-meta con el registro obligatorio para la correcta organizaci\u00f3n y seguridad de los ciclistas no federados.<\/p>\n\n\n\n<p>Todos los participantes recibir\u00e1n merienda avituallamiento y adem\u00e1s un recuerdo de su participaci\u00f3n. Como no puede ser de otra manera habr\u00e1 trofeos para los tres primeros clasificados de cada categor\u00eda en todas las carreras por disputar y a la mejor escuela, en base al c\u00f3mputo de resultados de las carreras.<\/p>\n\n\n\n<p>El Club Ciclista Burgal\u00e9s agradece la colaboraci\u00f3n, apoyo y patrocinio de la Fundaci\u00f3n C\u00edrculo, el Ayuntamiento de Burgos \u00b7 Burgos Capital Europea de la Cultura 2031, Restaurante Coco, Chimeneas Yesca, Andamios Burgos, Gr\u00faas Bellver, Norpetrol, Vikings Bike Store, Maglia Sport, Burgos Origen y Destino, Cuna de Salud, Fotograf\u00eda Studio 43, Galletas Florb\u00fa, Cillar de Silos, Ortega Gourmet, Grupo Ureta Autom\u00f3viles, Distribuciones Mart\u00edn G\u00f3mez, Caf\u00e9s Gometero, Aceitunas y Encurtidos Vicente Gonz\u00e1lez; y la Federaci\u00f3n de Ciclismo de Castilla y Le\u00f3n el Instituto Provincial para el Deporte y Juventud de la Diputaci\u00f3n de Burgos.<\/p>\n","protected":false},"excerpt":{"rendered":"<p>La carrera tendr\u00e1 lugar este s\u00e1bado 21 de junio, desde las 17:30 horas, con salida en la avenida Valencia del Cid (Bulevar del Ferrocarril) Los ciclistas m\u00e1s peque\u00f1os tendr\u00e1n oportunidad de sentirse como sus \u00eddolos profesionales y disfrutemos de una gran tarde de ciclismo base con la disputa del XIV Trofeo de Escuelas Ciclistas &#8216;Ciudad [&hellip;]<\/p>\n","protected":false},"author":10,"featured_media":141270,"comment_status":"closed","ping_status":"closed","sticky":false,"template":"","format":"standard","meta":{"_monsterinsights_skip_tracking":false,"_monsterinsights_sitenote_active":false,"_monsterinsights_sitenote_note":"","_monsterinsights_sitenote_category":0,"footnotes":""},"categories":[63],"tags":[1553,64,426],"class_list":{"0":"post-141269","1":"post","2":"type-post","3":"status-publish","4":"format-standard","5":"has-post-thumbnail","7":"category-ciclismo","8":"tag-actualidad-2","9":"tag-ciclismo","10":"tag-clubciclistaburgales"},"views":42,"_links":{"self":[{"href":"https:\/\/www.burgosdeporte.com\/index.php?rest_route=\/wp\/v2\/posts\/141269","targetHints":{"allow":["GET"]}}],"collection":[{"href":"https:\/\/www.burgosdeporte.com\/index.php?rest_route=\/wp\/v2\/posts"}],"about":[{"href":"https:\/\/www.burgosdeporte.com\/index.php?rest_route=\/wp\/v2\/types\/post"}],"author":[{"embeddable":true,"href":"https:\/\/www.burgosdeporte.com\/index.php?rest_route=\/wp\/v2\/users\/10"}],"replies":[{"embeddable":true,"href":"https:\/\/www.burgosdeporte.com\/index.php?rest_route=%2Fwp%2Fv2%2Fcomments&post=141269"}],"version-history":[{"count":1,"href":"https:\/\/www.burgosdeporte.com\/index.php?rest_route=\/wp\/v2\/posts\/141269\/revisions"}],"predecessor-version":[{"id":141271,"href":"https:\/\/www.burgosdeporte.com\/index.php?rest_route=\/wp\/v2\/posts\/141269\/revisions\/141271"}],"wp:featuredmedia":[{"embeddable":true,"href":"https:\/\/www.burgosdeporte.com\/index.php?rest_route=\/wp\/v2\/media\/141270"}],"wp:attachment":[{"href":"https:\/\/www.burgosdeporte.com\/index.php?rest_route=%2Fwp%2Fv2%2Fmedia&parent=141269"}],"wp:term":[{"taxonomy":"category","embeddable":true,"href":"https:\/\/www.burgosdeporte.com\/index.php?rest_route=%2Fwp%2Fv2%2Fcategories&post=141269"},{"taxonomy":"post_tag","embeddable":true,"href":"https:\/\/www.burgosdeporte.com\/index.php?rest_route=%2Fwp%2Fv2%2Ftags&post=141269"}],"curies":[{"name":"wp","href":"https:\/\/api.w.org\/{rel}","templated":true}]}}