{"id":141226,"date":"2025-06-16T16:50:20","date_gmt":"2025-06-16T14:50:20","guid":{"rendered":"https:\/\/www.burgosdeporte.com\/?p=141226"},"modified":"2025-06-17T14:30:06","modified_gmt":"2025-06-17T12:30:06","slug":"el-burgos-burpellet-bh-encara-la-ruta-de-occitania","status":"publish","type":"post","link":"https:\/\/www.burgosdeporte.com\/?p=141226","title":{"rendered":"El Burgos Burpellet BH encara la Ruta de Occitania"},"content":{"rendered":"\n<p><strong><em>La ronda francesa comenzar\u00e1 este mi\u00e9rcoles con una cronoescalada y vivir\u00e1 su punto \u00e1lgido el viernes con los ascensos al Col du Tourmalet y Luz-Ardiden en la etapa reina<\/em><\/strong><\/p>\n\n\n\n<p class=\"has-text-align-right\">(<em>Fotograf\u00eda: Luis \u00c1ngel G\u00f3mez \/ Sprint Cycling Agency<\/em>)<\/p>\n\n\n<div class=\"wp-block-image\">\n<figure class=\"aligncenter size-full\"><a href=\"https:\/\/www.tandemgyd.com\/\" target=\"_blank\" rel=\" noreferrer noopener\"><img loading=\"lazy\" decoding=\"async\" width=\"200\" height=\"183\" src=\"https:\/\/www.burgosdeporte.com\/wp-content\/uploads\/2023\/09\/Logo_Tandem.jpg\" alt=\"\" class=\"wp-image-107992\" srcset=\"https:\/\/www.burgosdeporte.com\/wp-content\/uploads\/2023\/09\/Logo_Tandem.jpg 200w, https:\/\/www.burgosdeporte.com\/wp-content\/uploads\/2023\/09\/Logo_Tandem-150x137.jpg 150w\" sizes=\"auto, (max-width: 200px) 100vw, 200px\" \/><\/a><\/figure>\n<\/div>\n\n\n<p>Comienza el verano para el Burgos Burpellet BH con cuatro competiciones consecutivas en cuatro pa\u00edses diferentes, como antesala de los campeonatos nacionales de la pr\u00f3xima semana. El primer plato de este bloque de carreras ser\u00e1 la Ruta de Occitania, a la que acuden los morados por cuarta vez en su historia. La carrera francesa regresa al calendario tras no poder disputarse en 2024 y lo hace con un recorrido muy completo, destacando la cronoescalada inicial y las dos jornadas finales de alta monta\u00f1a. Por ello, el equipo burgal\u00e9s presentar\u00e1 en la salida un potente bloque de escaladores.<\/p>\n\n\n\n<p>La Ruta de Occitania se disputar\u00e1 entre el mi\u00e9rcoles 18 y el s\u00e1bado 21 de junio, con una contrarreloj inicial y tres etapas en l\u00ednea. La prueba contra el crono del primer d\u00eda estar\u00e1 destinada a los escaladores, ya que se ascender\u00e1 la C\u00f4te de Tiergues en el recorrido de 10 kil\u00f3metros entre Saint-Affrique y Roquefort-sur-Soulzon. Un d\u00eda despu\u00e9s, los velocistas ser\u00e1n los encargados de pelar por la victoria, en una larga etapa de 195 kil\u00f3metros entre Gignac Vall\u00e9e de l&#8217;H\u00e9rault y Carmaux S\u00e9gala. Habr\u00e1 algunas peque\u00f1as cotas de monta\u00f1a lejos de meta que no deber\u00edan impedir la resoluci\u00f3n al sprint.<\/p>\n\n\n\n<p>El plato fuerte de la carrera llegar\u00e1 el viernes, con el ascenso de dos aut\u00e9nticos colosos pirenaicos. Esta tercera jornada de 173 kil\u00f3metros comenzar\u00e1 en Pujaudran y contar\u00e1 con unos primeros 100 kil\u00f3metros llanos en los que seguro habr\u00e1 mucha pelea por formar parte de la fuga. Se llegar\u00e1 entonces al Col du Tourmalet (17 km al 7,5%), donde se separar\u00e1 el grano de la paja. El r\u00e1pido descenso posterior conectar\u00e1 con el ascenso a Luz-Ardiden (13 km al 7,5%) en el que finalizar\u00e1 la etapa.<\/p>\n\n\n\n<p>La clasificaci\u00f3n general no quedar\u00e1 decidida, puesto que la carrera concluir\u00e1 el s\u00e1bado con una nueva etapa de alta monta\u00f1a. En este caso, los puertos de monta\u00f1a estar\u00e1n ubicados lejos de meta, por lo que se podr\u00edan ver ataques y largas persecuciones entre los favoritos. Ser\u00e1 una etapa de 128 kil\u00f3metros entre Saint-Gaudens y Saint-Girons Ari\u00e8ge Pyr\u00e9n\u00e9es con tres grandes cimas que coronar: el Col de Portet d&#8217;Aspet (4 km al 10%), el Col de la Core (14 km al 6%) y el Col de Latrape (6 km al 7%). El \u00faltimo de ellos se superar\u00e1 a 36 kil\u00f3metros de la meta, dando paso a un terreno m\u00e1s favorable.<\/p>\n\n\n\n<p>El Burgos Burpellet BH acude a la Ruta de Occitania con un equipo compuesto \u00edntegramente por escaladores. La principal novedad en la alineaci\u00f3n del equipo morado ser\u00e1 el regreso de Josh Burnett, mes y medio despu\u00e9s de la ca\u00edda que le apart\u00f3 del Tour de Turqu\u00eda. Estar\u00e1n tambi\u00e9n presentes tres de los ciclistas que ya corrieron hace dos semanas en Eslovenia: Eric Fag\u00fandez, David Delgado y Ander Okamika. El vizca\u00edno ya logr\u00f3 una destacada 15\u00aa posici\u00f3n en la general de la edici\u00f3n de 2022 de la ronda francesa. A ellos se unir\u00e1n Jos\u00e9 Luis Faura, Carlos Garc\u00eda Pierna y Sinuh\u00e9 Fern\u00e1ndez. Una prueba que servir\u00e1 tambi\u00e9n como preparaci\u00f3n para los pr\u00f3ximos Campeonatos de Espa\u00f1a.<\/p>\n","protected":false},"excerpt":{"rendered":"<p>La ronda francesa comenzar\u00e1 este mi\u00e9rcoles con una cronoescalada y vivir\u00e1 su punto \u00e1lgido el viernes con los ascensos al Col du Tourmalet y Luz-Ardiden en la etapa reina (Fotograf\u00eda: Luis \u00c1ngel G\u00f3mez \/ Sprint Cycling Agency) Comienza el verano para el Burgos Burpellet BH con cuatro competiciones consecutivas en cuatro pa\u00edses diferentes, como antesala [&hellip;]<\/p>\n","protected":false},"author":10,"featured_media":141227,"comment_status":"closed","ping_status":"closed","sticky":false,"template":"","format":"standard","meta":{"_monsterinsights_skip_tracking":false,"_monsterinsights_sitenote_active":false,"_monsterinsights_sitenote_note":"","_monsterinsights_sitenote_category":0,"footnotes":""},"categories":[63],"tags":[1553,11,64],"class_list":{"0":"post-141226","1":"post","2":"type-post","3":"status-publish","4":"format-standard","5":"has-post-thumbnail","7":"category-ciclismo","8":"tag-actualidad-2","9":"tag-burgosbh","10":"tag-ciclismo"},"views":18,"_links":{"self":[{"href":"https:\/\/www.burgosdeporte.com\/index.php?rest_route=\/wp\/v2\/posts\/141226","targetHints":{"allow":["GET"]}}],"collection":[{"href":"https:\/\/www.burgosdeporte.com\/index.php?rest_route=\/wp\/v2\/posts"}],"about":[{"href":"https:\/\/www.burgosdeporte.com\/index.php?rest_route=\/wp\/v2\/types\/post"}],"author":[{"embeddable":true,"href":"https:\/\/www.burgosdeporte.com\/index.php?rest_route=\/wp\/v2\/users\/10"}],"replies":[{"embeddable":true,"href":"https:\/\/www.burgosdeporte.com\/index.php?rest_route=%2Fwp%2Fv2%2Fcomments&post=141226"}],"version-history":[{"count":1,"href":"https:\/\/www.burgosdeporte.com\/index.php?rest_route=\/wp\/v2\/posts\/141226\/revisions"}],"predecessor-version":[{"id":141228,"href":"https:\/\/www.burgosdeporte.com\/index.php?rest_route=\/wp\/v2\/posts\/141226\/revisions\/141228"}],"wp:featuredmedia":[{"embeddable":true,"href":"https:\/\/www.burgosdeporte.com\/index.php?rest_route=\/wp\/v2\/media\/141227"}],"wp:attachment":[{"href":"https:\/\/www.burgosdeporte.com\/index.php?rest_route=%2Fwp%2Fv2%2Fmedia&parent=141226"}],"wp:term":[{"taxonomy":"category","embeddable":true,"href":"https:\/\/www.burgosdeporte.com\/index.php?rest_route=%2Fwp%2Fv2%2Fcategories&post=141226"},{"taxonomy":"post_tag","embeddable":true,"href":"https:\/\/www.burgosdeporte.com\/index.php?rest_route=%2Fwp%2Fv2%2Ftags&post=141226"}],"curies":[{"name":"wp","href":"https:\/\/api.w.org\/{rel}","templated":true}]}}