{"id":141078,"date":"2025-06-14T12:26:26","date_gmt":"2025-06-14T10:26:26","guid":{"rendered":"https:\/\/www.burgosdeporte.com\/?p=141078"},"modified":"2025-06-15T18:29:09","modified_gmt":"2025-06-15T16:29:09","slug":"vuelve-la-liga-de-padel-interpueblos","status":"publish","type":"post","link":"https:\/\/www.burgosdeporte.com\/?p=141078","title":{"rendered":"Vuelve la Liga de P\u00e1del Interpueblos"},"content":{"rendered":"\n<h2 class=\"wp-block-heading\"><strong>Se desarrollar\u00e1 durante los meses de julio y agosto. El plazo de inscripci\u00f3n ya est\u00e1 abierto y finaliza el 29 de junio. <\/strong><\/h2>\n\n\n<div class=\"wp-block-image\">\n<figure class=\"aligncenter size-full\"><img loading=\"lazy\" decoding=\"async\" width=\"300\" height=\"400\" src=\"https:\/\/www.burgosdeporte.com\/wp-content\/uploads\/2025\/06\/Nomina_CajaViva.jpg\" alt=\"\" class=\"wp-image-140655\" srcset=\"https:\/\/www.burgosdeporte.com\/wp-content\/uploads\/2025\/06\/Nomina_CajaViva.jpg 300w, https:\/\/www.burgosdeporte.com\/wp-content\/uploads\/2025\/06\/Nomina_CajaViva-225x300.jpg 225w, https:\/\/www.burgosdeporte.com\/wp-content\/uploads\/2025\/06\/Nomina_CajaViva-150x200.jpg 150w\" sizes=\"auto, (max-width: 300px) 100vw, 300px\" \/><\/figure>\n<\/div>\n\n\n<p>La provincia de Burgos volver\u00e1 a vestirse de corto este verano con motivo de la segunda edici\u00f3n de la Liga de P\u00e1del Interpueblos, una competici\u00f3n que busca unir a los diferentes municipios burgaleses a trav\u00e9s del deporte y el esp\u00edritu de equipo.<\/p>\n\n\n\n<p>En esta nueva edici\u00f3n, participar\u00e1n equipos de siete comarcas burgalesas:<\/p>\n\n\n\n<p>\u2022 Sierra de la Demanda<\/p>\n\n\n\n<p>\u2022 Arlanza<\/p>\n\n\n\n<p>\u2022 Las Merindades<\/p>\n\n\n\n<p>\u2022 La Bureba<\/p>\n\n\n\n<p>\u2022 Odra-Pisuerga<\/p>\n\n\n\n<p>\u2022 Alfoz de Burgos<\/p>\n\n\n\n<p>\u2022 Ribera del Duero<\/p>\n\n\n<div class=\"wp-block-image\">\n<figure class=\"aligncenter size-large is-resized\"><img loading=\"lazy\" decoding=\"async\" width=\"816\" height=\"1024\" src=\"https:\/\/www.burgosdeporte.com\/wp-content\/uploads\/2025\/06\/padel-cartel--816x1024.jpg\" alt=\"\" class=\"wp-image-141080\" style=\"width:428px;height:auto\" srcset=\"https:\/\/www.burgosdeporte.com\/wp-content\/uploads\/2025\/06\/padel-cartel--816x1024.jpg 816w, https:\/\/www.burgosdeporte.com\/wp-content\/uploads\/2025\/06\/padel-cartel--239x300.jpg 239w, https:\/\/www.burgosdeporte.com\/wp-content\/uploads\/2025\/06\/padel-cartel--768x963.jpg 768w, https:\/\/www.burgosdeporte.com\/wp-content\/uploads\/2025\/06\/padel-cartel--150x188.jpg 150w, https:\/\/www.burgosdeporte.com\/wp-content\/uploads\/2025\/06\/padel-cartel--300x376.jpg 300w, https:\/\/www.burgosdeporte.com\/wp-content\/uploads\/2025\/06\/padel-cartel--696x873.jpg 696w, https:\/\/www.burgosdeporte.com\/wp-content\/uploads\/2025\/06\/padel-cartel-.jpg 900w\" sizes=\"auto, (max-width: 816px) 100vw, 816px\" \/><\/figure>\n<\/div>\n\n\n<p>Cada equipo estar\u00e1 formado por entre 6 y 12 jugadores, en una liga que se disputar\u00e1 en dos categor\u00edas diferentes y que promete ser un escaparate del talento local y de la creciente afici\u00f3n al p\u00e1del en el entorno rural.<\/p>\n\n\n\n<p>Las inscripciones estar\u00e1n abiertas hasta el 29 de junio, y la competici\u00f3n se desarrollar\u00e1 a lo largo de los meses de julio y agosto, con partidos programados entre los distintos pueblos inscritos.<\/p>\n\n\n\n<p>La gran final se celebrar\u00e1 el pr\u00f3ximo 13 de septiembre en las nuevas instalaciones del club Padelite, donde se disputar\u00e1n los encuentros decisivos y se entregar\u00e1n los premios y trofeos a los pueblos campeones.<\/p>\n\n\n\n<p>La iniciativa est\u00e1 impulsada por la plataforma Toplaygether, que promueve el deporte entre municipios y busca fortalecer los lazos comunitarios a trav\u00e9s de la actividad f\u00edsica y la sana competici\u00f3n.  A trav\u00e9s de esta plataforma es posible unirse al equipo de cada pueblo desde el m\u00f3vil. <\/p>\n\n\n\n<p><\/p>\n","protected":false},"excerpt":{"rendered":"<p>Se desarrollar\u00e1 durante los meses de julio y agosto. El plazo de inscripci\u00f3n ya est\u00e1 abierto y finaliza el 29 de junio. La provincia de Burgos volver\u00e1 a vestirse de corto este verano con motivo de la segunda edici\u00f3n de la Liga de P\u00e1del Interpueblos, una competici\u00f3n que busca unir a los diferentes municipios burgaleses [&hellip;]<\/p>\n","protected":false},"author":10,"featured_media":141082,"comment_status":"closed","ping_status":"closed","sticky":false,"template":"","format":"standard","meta":{"_monsterinsights_skip_tracking":false,"_monsterinsights_sitenote_active":false,"_monsterinsights_sitenote_note":"","_monsterinsights_sitenote_category":0,"footnotes":""},"categories":[421],"tags":[1553,1948,2435],"class_list":{"0":"post-141078","1":"post","2":"type-post","3":"status-publish","4":"format-standard","5":"has-post-thumbnail","7":"category-padel","8":"tag-actualidad-2","9":"tag-padel-2","10":"tag-toplaygether"},"views":47,"_links":{"self":[{"href":"https:\/\/www.burgosdeporte.com\/index.php?rest_route=\/wp\/v2\/posts\/141078","targetHints":{"allow":["GET"]}}],"collection":[{"href":"https:\/\/www.burgosdeporte.com\/index.php?rest_route=\/wp\/v2\/posts"}],"about":[{"href":"https:\/\/www.burgosdeporte.com\/index.php?rest_route=\/wp\/v2\/types\/post"}],"author":[{"embeddable":true,"href":"https:\/\/www.burgosdeporte.com\/index.php?rest_route=\/wp\/v2\/users\/10"}],"replies":[{"embeddable":true,"href":"https:\/\/www.burgosdeporte.com\/index.php?rest_route=%2Fwp%2Fv2%2Fcomments&post=141078"}],"version-history":[{"count":1,"href":"https:\/\/www.burgosdeporte.com\/index.php?rest_route=\/wp\/v2\/posts\/141078\/revisions"}],"predecessor-version":[{"id":141081,"href":"https:\/\/www.burgosdeporte.com\/index.php?rest_route=\/wp\/v2\/posts\/141078\/revisions\/141081"}],"wp:featuredmedia":[{"embeddable":true,"href":"https:\/\/www.burgosdeporte.com\/index.php?rest_route=\/wp\/v2\/media\/141082"}],"wp:attachment":[{"href":"https:\/\/www.burgosdeporte.com\/index.php?rest_route=%2Fwp%2Fv2%2Fmedia&parent=141078"}],"wp:term":[{"taxonomy":"category","embeddable":true,"href":"https:\/\/www.burgosdeporte.com\/index.php?rest_route=%2Fwp%2Fv2%2Fcategories&post=141078"},{"taxonomy":"post_tag","embeddable":true,"href":"https:\/\/www.burgosdeporte.com\/index.php?rest_route=%2Fwp%2Fv2%2Ftags&post=141078"}],"curies":[{"name":"wp","href":"https:\/\/api.w.org\/{rel}","templated":true}]}}