{"id":140931,"date":"2025-06-09T14:46:50","date_gmt":"2025-06-09T12:46:50","guid":{"rendered":"https:\/\/www.burgosdeporte.com\/?p=140931"},"modified":"2025-06-10T13:54:12","modified_gmt":"2025-06-10T11:54:12","slug":"el-burgos-burpellet-bh-destaca-en-eslovenia-con-jose-manuel-diaz-y-eric-fagundez","status":"publish","type":"post","link":"https:\/\/www.burgosdeporte.com\/?p=140931","title":{"rendered":"El Burgos Burpellet BH destaca en Eslovenia con Jos\u00e9 Manuel D\u00edaz y Eric Fag\u00fandez"},"content":{"rendered":"\n<p><strong><em>El jienense del Burgos Burpellet BH acab\u00f3 13\u00ba en la general y el uruguayo fue 19\u00ba tras pelear en los sprints y lograr la d\u00e9cima posici\u00f3n el \u00faltimo d\u00eda en Novo Mesto<\/em><\/strong><\/p>\n\n\n\n<p class=\"has-text-align-right\">(<em>Fotograf\u00eda: Tommaso Pelagalli \/ Sprint Cycling Agency<\/em>)<\/p>\n\n\n<div class=\"wp-block-image\">\n<figure class=\"aligncenter size-full\"><a href=\"https:\/\/www.tandemgyd.com\/\" target=\"_blank\" rel=\" noreferrer noopener\"><img loading=\"lazy\" decoding=\"async\" width=\"200\" height=\"183\" src=\"https:\/\/www.burgosdeporte.com\/wp-content\/uploads\/2023\/09\/Logo_Tandem.jpg\" alt=\"\" class=\"wp-image-107992\" srcset=\"https:\/\/www.burgosdeporte.com\/wp-content\/uploads\/2023\/09\/Logo_Tandem.jpg 200w, https:\/\/www.burgosdeporte.com\/wp-content\/uploads\/2023\/09\/Logo_Tandem-150x137.jpg 150w\" sizes=\"auto, (max-width: 200px) 100vw, 200px\" \/><\/a><\/figure>\n<\/div>\n\n\n<p>El Burgos Burpellet BH concluy\u00f3 su primera participaci\u00f3n en el Tour de Eslovenia emplazando a dos de sus hombres en el top-20 de la clasificaci\u00f3n general. Jos\u00e9 Manuel D\u00edaz acab\u00f3 13\u00ba y Eric Fag\u00fandez fue 19\u00ba tras las cinco etapas en el pa\u00eds balc\u00e1nico.<\/p>\n\n\n\n<p>La general se decidi\u00f3 el s\u00e1bado en la etapa reina con final en alto en la estaci\u00f3n de esqu\u00ed de Golte, un duro puerto de monta\u00f1a en el que D\u00edaz Gallego se mostr\u00f3 al ataque en los kil\u00f3metros finales, acabando 15\u00ba en la l\u00ednea de meta. Por su parte, el uruguayo pele\u00f3 junto a Georgios Bouglas en las llegadas al sprint, logrando la 10\u00aa posici\u00f3n en la etapa final con llegada a Novo Mesto.<\/p>\n\n\n\n<p>Ya el primer d\u00eda, el griego termin\u00f3 14\u00ba en el sprint en \u0160kofljica. Fue una jornada accidentada para los morados, que se vieron implicados en una ca\u00edda numerosa, siendo Mario Aparicio el m\u00e1s afectado, aunque sin verse obligado a dejar la carrera.<\/p>\n\n\n\n<p>La segunda etapa estuvo marcada por el ascenso a Celjska Ko\u010da, que seleccion\u00f3 muy pronto el pelot\u00f3n. Jos\u00e9 Manuel, Eric y Ander Okamika aguantaron en el primer grupo y mantuvieron sus opciones de cara a la general. La etapa del viernes se resolvi\u00f3 tambi\u00e9n al sprint y tanto Bouglas como Fag\u00fandez acabaron entre los 20 primeros.<\/p>\n\n\n\n<figure class=\"wp-block-image size-large\"><img loading=\"lazy\" decoding=\"async\" width=\"1024\" height=\"683\" src=\"https:\/\/www.burgosdeporte.com\/wp-content\/uploads\/2025\/06\/Mario-Aparicio-Burgos-BH-1024x683.jpg\" alt=\"\" class=\"wp-image-140933\" srcset=\"https:\/\/www.burgosdeporte.com\/wp-content\/uploads\/2025\/06\/Mario-Aparicio-Burgos-BH-1024x683.jpg 1024w, https:\/\/www.burgosdeporte.com\/wp-content\/uploads\/2025\/06\/Mario-Aparicio-Burgos-BH-300x200.jpg 300w, https:\/\/www.burgosdeporte.com\/wp-content\/uploads\/2025\/06\/Mario-Aparicio-Burgos-BH-768x512.jpg 768w, https:\/\/www.burgosdeporte.com\/wp-content\/uploads\/2025\/06\/Mario-Aparicio-Burgos-BH-150x100.jpg 150w, https:\/\/www.burgosdeporte.com\/wp-content\/uploads\/2025\/06\/Mario-Aparicio-Burgos-BH-696x464.jpg 696w, https:\/\/www.burgosdeporte.com\/wp-content\/uploads\/2025\/06\/Mario-Aparicio-Burgos-BH-1068x712.jpg 1068w, https:\/\/www.burgosdeporte.com\/wp-content\/uploads\/2025\/06\/Mario-Aparicio-Burgos-BH.jpg 1200w\" sizes=\"auto, (max-width: 1024px) 100vw, 1024px\" \/><figcaption class=\"wp-element-caption\">Mario Aparicio, al ataque en la \u00faltima etapa. Foto: Tommaso Pelagalli \/ Sprint Cycling Agency.<\/figcaption><\/figure>\n\n\n\n<p>La jornada m\u00e1s dura fue la del s\u00e1bado, con los ascensos a Volovljek Pass (5 km al 8%) y Golte (13 km al 7%). El pelot\u00f3n fue perdiendo unidades en este \u00faltimo puerto y hasta tres morados aguantaron entre los m\u00e1s fuertes de la carrera.<\/p>\n\n\n\n<p>Jos\u00e9 Manuel D\u00edaz atac\u00f3 a cuatro kil\u00f3metros de la cima y coron\u00f3 el puerto en 15\u00aa posici\u00f3n, tras ser controlado este intento por sus principales rivales. Una subida en la que demostr\u00f3 buenas sensaciones Merhawi Kudus, que volv\u00eda a la competici\u00f3n cuatro meses despu\u00e9s de su grave ca\u00edda en Marsella.<\/p>\n\n\n\n<p>La \u00faltima etapa cont\u00f3 con el protagonismo inicial de Mario Aparicio en busca de la fuga. El grupo de favoritos se redujo en las subidas puntuables, especialmente en Tr\u0161ka Gora, un aut\u00e9ntico muro que propici\u00f3 los \u00faltimos movimientos.<\/p>\n\n\n\n<p>El arandino del Burgos Burpellet BH control\u00f3 la carrera en favor de su compa\u00f1ero Fag\u00fandez. Pese a no ser un sprinter, el uruguayo supo colocarse bien en el kil\u00f3metro final y acab\u00f3 10\u00ba en el sprint.<\/p>\n\n\n\n<p>El equipo morado descansar\u00e1 esta semana, preparando un final de mes repleto de carreras en Francia, Italia, Dinamarca y Andorra, para posteriormente disputar los campeonatos nacionales.<\/p>\n","protected":false},"excerpt":{"rendered":"<p>El jienense del Burgos Burpellet BH acab\u00f3 13\u00ba en la general y el uruguayo fue 19\u00ba tras pelear en los sprints y lograr la d\u00e9cima posici\u00f3n el \u00faltimo d\u00eda en Novo Mesto (Fotograf\u00eda: Tommaso Pelagalli \/ Sprint Cycling Agency) El Burgos Burpellet BH concluy\u00f3 su primera participaci\u00f3n en el Tour de Eslovenia emplazando a dos [&hellip;]<\/p>\n","protected":false},"author":10,"featured_media":140932,"comment_status":"closed","ping_status":"closed","sticky":false,"template":"","format":"standard","meta":{"_monsterinsights_skip_tracking":false,"_monsterinsights_sitenote_active":false,"_monsterinsights_sitenote_note":"","_monsterinsights_sitenote_category":0,"footnotes":""},"categories":[63],"tags":[1553,11,64],"class_list":{"0":"post-140931","1":"post","2":"type-post","3":"status-publish","4":"format-standard","5":"has-post-thumbnail","7":"category-ciclismo","8":"tag-actualidad-2","9":"tag-burgosbh","10":"tag-ciclismo"},"views":22,"_links":{"self":[{"href":"https:\/\/www.burgosdeporte.com\/index.php?rest_route=\/wp\/v2\/posts\/140931","targetHints":{"allow":["GET"]}}],"collection":[{"href":"https:\/\/www.burgosdeporte.com\/index.php?rest_route=\/wp\/v2\/posts"}],"about":[{"href":"https:\/\/www.burgosdeporte.com\/index.php?rest_route=\/wp\/v2\/types\/post"}],"author":[{"embeddable":true,"href":"https:\/\/www.burgosdeporte.com\/index.php?rest_route=\/wp\/v2\/users\/10"}],"replies":[{"embeddable":true,"href":"https:\/\/www.burgosdeporte.com\/index.php?rest_route=%2Fwp%2Fv2%2Fcomments&post=140931"}],"version-history":[{"count":1,"href":"https:\/\/www.burgosdeporte.com\/index.php?rest_route=\/wp\/v2\/posts\/140931\/revisions"}],"predecessor-version":[{"id":140934,"href":"https:\/\/www.burgosdeporte.com\/index.php?rest_route=\/wp\/v2\/posts\/140931\/revisions\/140934"}],"wp:featuredmedia":[{"embeddable":true,"href":"https:\/\/www.burgosdeporte.com\/index.php?rest_route=\/wp\/v2\/media\/140932"}],"wp:attachment":[{"href":"https:\/\/www.burgosdeporte.com\/index.php?rest_route=%2Fwp%2Fv2%2Fmedia&parent=140931"}],"wp:term":[{"taxonomy":"category","embeddable":true,"href":"https:\/\/www.burgosdeporte.com\/index.php?rest_route=%2Fwp%2Fv2%2Fcategories&post=140931"},{"taxonomy":"post_tag","embeddable":true,"href":"https:\/\/www.burgosdeporte.com\/index.php?rest_route=%2Fwp%2Fv2%2Ftags&post=140931"}],"curies":[{"name":"wp","href":"https:\/\/api.w.org\/{rel}","templated":true}]}}