{"id":140699,"date":"2025-06-03T10:23:38","date_gmt":"2025-06-03T08:23:38","guid":{"rendered":"https:\/\/www.burgosdeporte.com\/?p=140699"},"modified":"2025-06-04T12:27:31","modified_gmt":"2025-06-04T10:27:31","slug":"fin-de-curso","status":"publish","type":"post","link":"https:\/\/www.burgosdeporte.com\/?p=140699","title":{"rendered":"Fin de curso"},"content":{"rendered":"\n<h2 class=\"wp-block-heading\">Comentario de opini\u00f3n de Jairo Velasco sobre la actualidad del Burgos CF.<\/h2>\n\n\n\n<p>Como en los pasillos de una escuela que se vac\u00edan tras el \u00faltimo timbre del a\u00f1o, los estadios tambi\u00e9n guardan silencio cuando cae el tel\u00f3n de la temporada. Un eterno curso de diez meses en el que atr\u00e1s quedan los goles celebrados como ex\u00e1menes aprobados con nota, los tropiezos que dolieron como un suspenso inesperado, y las jornadas maratonianas de tertulias, tensi\u00f3n, sufrimiento y aprendizaje.&nbsp;<\/p>\n\n\n\n<p>Porque una temporada de f\u00fatbol, al igual que un curso acad\u00e9mico, es una larga lecci\u00f3n de constancia, de paciencia, de crecimiento. Y ahora, con los \u00faltimos minutos jugados y las notas ya echadas en la tabla de clasificaci\u00f3n, es tiempo de repasar lo vivido, como quien hojea las p\u00e1ginas gastadas de un cuaderno lleno de apuntes que nos retrotraen a historias que ya forman parte del pasado.<\/p>\n\n\n\n<p>Un estudiante, nuestro Burgos Club de F\u00fatbol, que ha pasado por todas las calificaciones que se pueden obtener en los diversos parciales a los que nos ha ido enfrentado la temporada, como si de trimestres se tratara. Irregularidad es la palabra que mejor define a quien es capaz de demostrar lo mejor y lo peor, generando a\u00fan dudas en la jornada cuarenta y dos sobre hasta d\u00f3nde hubi\u00e9semos llegado o hasta d\u00f3nde hubi\u00e9ramos ca\u00eddo.<\/p>\n\n\n\n<p>Nos presentamos en la categor\u00eda como uno de los alumnos estrella de la clase, no temiendo a los grandes nombres que nos rodeaban y con excelentes resultados en los primeros test, como si las buenas sensaciones de la pretemporada hubieran servido como clases de refuerzo. Quiz\u00e1s fuese porque nos hab\u00edan chivado las preguntas o porque justo cayeron los temas que nos sab\u00edamos, pero a partir de ah\u00ed, el segundo trimestre fue opuestamente diferente.&nbsp;<\/p>\n\n\n\n<p>Un periodo de agon\u00eda en el que nos vimos mucho m\u00e1s cerca del abismo de lo que nunca pudi\u00e9ramos haber imaginado y en el que cambiamos todo lo que se pod\u00eda cambiar. Nuevo profesor y ocho compa\u00f1eros nuevos en el aula con los que borrar la mentalidad de un grupo que parec\u00eda estar acostumbrado a los suspensos, sin que estos ya casi dolieran. Un progresa adecuadamente a base de cincos que nos volvieron a situar en el percentil medio para consolidar la idea de que quiz\u00e1s no fu\u00e9semos los mejores, pero tampoco tan malos.&nbsp;<\/p>\n\n\n\n<p>A partir de ah\u00ed escalamos con buen trabajo y directrices claras al notable y nos quedamos al borde del sobresaliente para el que quiz\u00e1s nos falt\u00f3 ambici\u00f3n. Relajaci\u00f3n humana t\u00edpica del que ha alcanzado un complicado objetivo y sabe que para alcanzar el siguiente va a tener que remar mucho, estando ya agotado mentalmente.&nbsp;<\/p>\n\n\n\n<p>Una temporada calificable con un suficiente alto, muy lejos de las expectativas generadas por presidencia y direcci\u00f3n deportiva en un primer momento, pero tambi\u00e9n de las muy malas vibraciones que transmit\u00eda el equipo en buena fase de la liga.&nbsp; Curso de transici\u00f3n, pero sobre todo de aprendizaje, en el que perder la humildad nos estuvo a punto de costar un disgusto y en el que solo a trav\u00e9s del barro y del trabajo se han ido sacando los resultados.<\/p>\n\n\n\n<p>Verano intenso el que se nos viene por delante, m\u00e1s mirando a las oficinas que al verde y en el que los burgalesistas desgraciadamente no seremos m\u00e1s que meros y ajenos espectadores. Una afici\u00f3n que ha demostrado en las malas ser el baluarte m\u00e1s importante de este club, sin un mal gesto y dej\u00e1ndose la garganta cuando quiz\u00e1s la situaci\u00f3n invitaba a otra reacci\u00f3n, mereci\u00e9ndose ser correspondida con mayor transparencia y claridad.&nbsp;<\/p>\n\n\n\n<p>A todos ellos \u00fanicamente instarles a no repetir errores del pasado. Sabemos que tras la conversi\u00f3n de nuestro club a Sociedad An\u00f3nima nuestro grado de participaci\u00f3n es m\u00ednimo, pero la fuerza de muchos puede valer m\u00e1s que las acciones de otros. Mentalidad cr\u00edtica para ser capaces de evaluar un futuro que se prev\u00e9 convulso y en el que no por levantar la voz se es menos burgalesista.&nbsp;<\/p>\n","protected":false},"excerpt":{"rendered":"<p>Comentario de opini\u00f3n de Jairo Velasco sobre la actualidad del Burgos CF. Como en los pasillos de una escuela que se vac\u00edan tras el \u00faltimo timbre del a\u00f1o, los estadios tambi\u00e9n guardan silencio cuando cae el tel\u00f3n de la temporada. Un eterno curso de diez meses en el que atr\u00e1s quedan los goles celebrados como [&hellip;]<\/p>\n","protected":false},"author":15,"featured_media":140703,"comment_status":"closed","ping_status":"closed","sticky":false,"template":"","format":"standard","meta":{"_monsterinsights_skip_tracking":false,"_monsterinsights_sitenote_active":false,"_monsterinsights_sitenote_note":"","_monsterinsights_sitenote_category":0,"footnotes":""},"categories":[4,14],"tags":[1553,29,834,13],"class_list":{"0":"post-140699","1":"post","2":"type-post","3":"status-publish","4":"format-standard","5":"has-post-thumbnail","7":"category-futbol","8":"category-opinion","9":"tag-actualidad-2","10":"tag-burgoscf","11":"tag-jairovelasco","12":"tag-opinion"},"views":89,"_links":{"self":[{"href":"https:\/\/www.burgosdeporte.com\/index.php?rest_route=\/wp\/v2\/posts\/140699","targetHints":{"allow":["GET"]}}],"collection":[{"href":"https:\/\/www.burgosdeporte.com\/index.php?rest_route=\/wp\/v2\/posts"}],"about":[{"href":"https:\/\/www.burgosdeporte.com\/index.php?rest_route=\/wp\/v2\/types\/post"}],"author":[{"embeddable":true,"href":"https:\/\/www.burgosdeporte.com\/index.php?rest_route=\/wp\/v2\/users\/15"}],"replies":[{"embeddable":true,"href":"https:\/\/www.burgosdeporte.com\/index.php?rest_route=%2Fwp%2Fv2%2Fcomments&post=140699"}],"version-history":[{"count":1,"href":"https:\/\/www.burgosdeporte.com\/index.php?rest_route=\/wp\/v2\/posts\/140699\/revisions"}],"predecessor-version":[{"id":140704,"href":"https:\/\/www.burgosdeporte.com\/index.php?rest_route=\/wp\/v2\/posts\/140699\/revisions\/140704"}],"wp:featuredmedia":[{"embeddable":true,"href":"https:\/\/www.burgosdeporte.com\/index.php?rest_route=\/wp\/v2\/media\/140703"}],"wp:attachment":[{"href":"https:\/\/www.burgosdeporte.com\/index.php?rest_route=%2Fwp%2Fv2%2Fmedia&parent=140699"}],"wp:term":[{"taxonomy":"category","embeddable":true,"href":"https:\/\/www.burgosdeporte.com\/index.php?rest_route=%2Fwp%2Fv2%2Fcategories&post=140699"},{"taxonomy":"post_tag","embeddable":true,"href":"https:\/\/www.burgosdeporte.com\/index.php?rest_route=%2Fwp%2Fv2%2Ftags&post=140699"}],"curies":[{"name":"wp","href":"https:\/\/api.w.org\/{rel}","templated":true}]}}