{"id":140687,"date":"2025-06-02T18:37:39","date_gmt":"2025-06-02T16:37:39","guid":{"rendered":"https:\/\/www.burgosdeporte.com\/?p=140687"},"modified":"2025-06-03T14:15:47","modified_gmt":"2025-06-03T12:15:47","slug":"debut-del-burgos-burpellet-bh-en-el-tour-de-eslovenia","status":"publish","type":"post","link":"https:\/\/www.burgosdeporte.com\/?p=140687","title":{"rendered":"Debut del Burgos Burpellet BH en el Tour de Eslovenia"},"content":{"rendered":"\n<p><strong><em>El equipo morado ampl\u00eda su calendario internacional con la prestigiosa carrera centroeuropea, en la que regresar\u00e1 a la competici\u00f3n Merhawi Kudus, cuatro meses despu\u00e9s de su grave ca\u00edda<\/em><\/strong><\/p>\n\n\n\n<p class=\"has-text-align-right\">(<em>Fotograf\u00eda: Rafa G\u00f3mez \/ Sprint Cycling Agency<\/em>)<\/p>\n\n\n<div class=\"wp-block-image\">\n<figure class=\"aligncenter size-full\"><a href=\"https:\/\/www.tandemgyd.com\/\" target=\"_blank\" rel=\" noreferrer noopener\"><img loading=\"lazy\" decoding=\"async\" width=\"200\" height=\"183\" src=\"https:\/\/www.burgosdeporte.com\/wp-content\/uploads\/2023\/09\/Logo_Tandem.jpg\" alt=\"\" class=\"wp-image-107992\" srcset=\"https:\/\/www.burgosdeporte.com\/wp-content\/uploads\/2023\/09\/Logo_Tandem.jpg 200w, https:\/\/www.burgosdeporte.com\/wp-content\/uploads\/2023\/09\/Logo_Tandem-150x137.jpg 150w\" sizes=\"auto, (max-width: 200px) 100vw, 200px\" \/><\/a><\/figure>\n<\/div>\n\n\n<p>El Burgos Burpellet BH a\u00f1adir\u00e1 esta semana un nuevo pa\u00eds a la lista de lugares en los que ha competido a nivel internacional. El equipo morado correr\u00e1 por primera vez el Tour de Eslovenia, carrera del segundo escal\u00f3n de la UCI que tendr\u00e1 lugar entre el mi\u00e9rcoles 4 y el domingo 8 de junio. Una prueba monta\u00f1osa y con rivales de mucha entidad, que se decidir\u00e1 en la etapa reina del s\u00e1bado, con final en alto en Golte. El conjunto burgal\u00e9s acude con un potente equipo de escaladores, con la nota positiva que supone el regreso a la competici\u00f3n de Merhawi Kudus, ya recuperado de la grave ca\u00edda que sufri\u00f3 a inicios de febrero en Marsella.<\/p>\n\n\n\n<p>La prueba eslovena arrancar\u00e1 el mi\u00e9rcoles con una etapa de 168 kil\u00f3metros entre Piran y \u0160kofljica. La jornada tendr\u00e1 un inicio m\u00e1s monta\u00f1oso, pero la parte final completamente llana favorecer\u00e1 una resoluci\u00f3n al sprint en el pelot\u00f3n. La segunda etapa llevar\u00e1 a los corredores de Velenje a Roga\u0161ka Slatina, en la que podr\u00eda ser una nueva jornada para los hombres r\u00e1pidos. El principal escollo en los 157 kil\u00f3metros de recorrida ser\u00e1 el puerto de Celjska Ko\u010da (8 km al 6%) a mitad de carrera, que preceder\u00e1 a un terreno m\u00e1s llano, pero con algunos peque\u00f1os repechos.<\/p>\n\n\n\n<p>Algo m\u00e1s exigente ser\u00e1 el final del tercer parcial, que conectar\u00e1 el viernes las localidades de Maj\u0161perk y Ormo\u017e. Un trazado de 173 kil\u00f3metros principalmente llanos, con dos altos de salida y una peque\u00f1a cota a 15 kil\u00f3metros del final, que podr\u00eda seleccionar el grupo de favoritos. La etapa reina se vivir\u00e1 el s\u00e1bado, con una llegada en alto decisiva de cara a la clasificaci\u00f3n general. Los ciclistas partir\u00e1n desde Maribor y deber\u00e1n ascender los puertos de Kranjski Rak (5 km al 8%) y Golte (14 km al 7%), donde concluir\u00e1 la pen\u00faltima jornada de 175 kil\u00f3metros. La ronda eslovena tendr\u00e1 como plato final una jornada de media monta\u00f1a entre Litija y Novo Mesto. Una etapa veloz, de apenas 123 kil\u00f3metros, pero nada sencilla, ya que incluir\u00e1 hasta cinco puertos de monta\u00f1a.<\/p>\n\n\n<div class=\"wp-block-image\">\n<figure class=\"aligncenter size-large is-resized\"><img loading=\"lazy\" decoding=\"async\" width=\"820\" height=\"1024\" src=\"https:\/\/www.burgosdeporte.com\/wp-content\/uploads\/2025\/06\/Burgos-BH-Tour-de-Eslovenia-820x1024.png\" alt=\"\" class=\"wp-image-140688\" style=\"width:444px;height:auto\" srcset=\"https:\/\/www.burgosdeporte.com\/wp-content\/uploads\/2025\/06\/Burgos-BH-Tour-de-Eslovenia-820x1024.png 820w, https:\/\/www.burgosdeporte.com\/wp-content\/uploads\/2025\/06\/Burgos-BH-Tour-de-Eslovenia-240x300.png 240w, https:\/\/www.burgosdeporte.com\/wp-content\/uploads\/2025\/06\/Burgos-BH-Tour-de-Eslovenia-768x959.png 768w, https:\/\/www.burgosdeporte.com\/wp-content\/uploads\/2025\/06\/Burgos-BH-Tour-de-Eslovenia-150x187.png 150w, https:\/\/www.burgosdeporte.com\/wp-content\/uploads\/2025\/06\/Burgos-BH-Tour-de-Eslovenia-300x375.png 300w, https:\/\/www.burgosdeporte.com\/wp-content\/uploads\/2025\/06\/Burgos-BH-Tour-de-Eslovenia-696x869.png 696w, https:\/\/www.burgosdeporte.com\/wp-content\/uploads\/2025\/06\/Burgos-BH-Tour-de-Eslovenia.png 961w\" sizes=\"auto, (max-width: 820px) 100vw, 820px\" \/><\/figure>\n<\/div>\n\n\n<p>En este Tour de Eslovenia se producir\u00e1 el retorno m\u00e1s esperado en el Burgos Burpellet BH. Merhawi Kudus, que sufri\u00f3 una grave ca\u00edda el pasado 2 de febrero en el Gran Premio de La Marsellesa, volver\u00e1 a ponerse un dorsal cuatro meses despu\u00e9s. El eritreo se fractur\u00f3 el sacro y varias costillas y v\u00e9rtebras y sufri\u00f3 un hemoneumot\u00f3rax en aquel accidente, que le oblig\u00f3 a permanecer hospitalizado durante un mes en Burgos. Una vez recibi\u00f3 el alta hospitalaria en marzo, regres\u00f3 a su pa\u00eds natal, donde poco a poco fue retomando los entrenamientos, con la idea de volver a competir este verano.<\/p>\n\n\n\n<p>Ahora, tras un largo periodo de recuperaci\u00f3n, Kudus se encuentra preparado para volver a correr. Junto al eritreo, el potente equipo morado lo liderar\u00e1n Jos\u00e9 Manuel D\u00edaz, Eric Fag\u00fandez y Mario Aparicio, que estar\u00e1n escoltados en las etapas de monta\u00f1a por Ander Okamika y David Delgado. El velocista de cara a las llegadas masivas ser\u00e1 el griego Georgios Bouglas.<\/p>\n","protected":false},"excerpt":{"rendered":"<p>El equipo morado ampl\u00eda su calendario internacional con la prestigiosa carrera centroeuropea, en la que regresar\u00e1 a la competici\u00f3n Merhawi Kudus, cuatro meses despu\u00e9s de su grave ca\u00edda (Fotograf\u00eda: Rafa G\u00f3mez \/ Sprint Cycling Agency) El Burgos Burpellet BH a\u00f1adir\u00e1 esta semana un nuevo pa\u00eds a la lista de lugares en los que ha competido [&hellip;]<\/p>\n","protected":false},"author":10,"featured_media":140689,"comment_status":"closed","ping_status":"closed","sticky":false,"template":"","format":"standard","meta":{"_monsterinsights_skip_tracking":false,"_monsterinsights_sitenote_active":false,"_monsterinsights_sitenote_note":"","_monsterinsights_sitenote_category":0,"footnotes":""},"categories":[63],"tags":[1553,11,64],"class_list":{"0":"post-140687","1":"post","2":"type-post","3":"status-publish","4":"format-standard","5":"has-post-thumbnail","7":"category-ciclismo","8":"tag-actualidad-2","9":"tag-burgosbh","10":"tag-ciclismo"},"views":25,"_links":{"self":[{"href":"https:\/\/www.burgosdeporte.com\/index.php?rest_route=\/wp\/v2\/posts\/140687","targetHints":{"allow":["GET"]}}],"collection":[{"href":"https:\/\/www.burgosdeporte.com\/index.php?rest_route=\/wp\/v2\/posts"}],"about":[{"href":"https:\/\/www.burgosdeporte.com\/index.php?rest_route=\/wp\/v2\/types\/post"}],"author":[{"embeddable":true,"href":"https:\/\/www.burgosdeporte.com\/index.php?rest_route=\/wp\/v2\/users\/10"}],"replies":[{"embeddable":true,"href":"https:\/\/www.burgosdeporte.com\/index.php?rest_route=%2Fwp%2Fv2%2Fcomments&post=140687"}],"version-history":[{"count":1,"href":"https:\/\/www.burgosdeporte.com\/index.php?rest_route=\/wp\/v2\/posts\/140687\/revisions"}],"predecessor-version":[{"id":140690,"href":"https:\/\/www.burgosdeporte.com\/index.php?rest_route=\/wp\/v2\/posts\/140687\/revisions\/140690"}],"wp:featuredmedia":[{"embeddable":true,"href":"https:\/\/www.burgosdeporte.com\/index.php?rest_route=\/wp\/v2\/media\/140689"}],"wp:attachment":[{"href":"https:\/\/www.burgosdeporte.com\/index.php?rest_route=%2Fwp%2Fv2%2Fmedia&parent=140687"}],"wp:term":[{"taxonomy":"category","embeddable":true,"href":"https:\/\/www.burgosdeporte.com\/index.php?rest_route=%2Fwp%2Fv2%2Fcategories&post=140687"},{"taxonomy":"post_tag","embeddable":true,"href":"https:\/\/www.burgosdeporte.com\/index.php?rest_route=%2Fwp%2Fv2%2Ftags&post=140687"}],"curies":[{"name":"wp","href":"https:\/\/api.w.org\/{rel}","templated":true}]}}