{"id":140677,"date":"2025-06-02T17:02:45","date_gmt":"2025-06-02T15:02:45","guid":{"rendered":"https:\/\/www.burgosdeporte.com\/?p=140677"},"modified":"2025-06-03T14:16:03","modified_gmt":"2025-06-03T12:16:03","slug":"ayala-propone-una-obra-por-fases-en-el-plantio-y-rechaza-que-el-burgos-cf-juegue-fuera-de-la-ciudad","status":"publish","type":"post","link":"https:\/\/www.burgosdeporte.com\/?p=140677","title":{"rendered":"Ayala propone una obra \u00abpor fases\u00bb en El Plant\u00edo y rechaza que el Burgos CF juegue fuera de la ciudad"},"content":{"rendered":"\n<h2 class=\"wp-block-heading\"><em>Con la obra \u00abfaseada\u00bb se podr\u00eda jugar en el Estadio mientras duran las obras. Para la alcaldesa es \u00abprioritario\u00bb que la propiedad cumpla con el mandato de hacer la tribuna que es lo que ordena el convenio<\/em><\/h2>\n\n\n<div class=\"wp-block-image\">\n<figure class=\"aligncenter size-full\"><img loading=\"lazy\" decoding=\"async\" width=\"300\" height=\"400\" src=\"https:\/\/www.burgosdeporte.com\/wp-content\/uploads\/2025\/06\/Nomina_CajaViva.jpg\" alt=\"\" class=\"wp-image-140655\" srcset=\"https:\/\/www.burgosdeporte.com\/wp-content\/uploads\/2025\/06\/Nomina_CajaViva.jpg 300w, https:\/\/www.burgosdeporte.com\/wp-content\/uploads\/2025\/06\/Nomina_CajaViva-225x300.jpg 225w, https:\/\/www.burgosdeporte.com\/wp-content\/uploads\/2025\/06\/Nomina_CajaViva-150x200.jpg 150w\" sizes=\"auto, (max-width: 300px) 100vw, 300px\" \/><\/figure>\n<\/div>\n\n\n<p>La alcaldesa de Burgos, Cristina Ayala, ha rechazado la opci\u00f3n de \u00abir dos a\u00f1os a jugar fuera\u00bb del Estadio de El Plant\u00edo, mientras duren las obras de las nuevas gradas. Una obra planteada por el presidente del Burgos CF, Marcelo Figoli, que ampliar\u00edan los 12.000 asientos a actuales a m\u00e1s de 19.000. Cristina Ayala entiende que esta obra, se podr\u00eda realizar \u00abpor fases\u00bb. Ha puesto como ejemplo otros estadios como el Bernab\u00e9u que se hizo faseado y fue \u201ccompatible con jugar el campo\u201d mientras se hicieron las obras.&nbsp;<\/p>\n\n\n\n<p><strong>NO A JUGAR FUERA<\/strong><\/p>\n\n\n\n<p>Ayala entiende que no es aceptable para el ayuntamiento ni para los aficionados que el Burgos CF juegue como local en otra ciudad -se ha hablado de Palencia, en La Nueva Balastera; en el Juan Carlos Higuero de Aranda de Duero o incluso en Las Gaunas, de Logro\u00f1o-. Todas ellas no son opciones para Ayala.<\/p>\n\n\n\n<p>Tampoco lo es que se construya un estadio modular, el estilo de lo que est\u00e1 haciendo el Real Zaragoza, que jugar\u00e1 dos temporadas en uno provisional construido al efecto en el aparcamiento cercano a La Romareda. La alcaldesa ha insistido en que, si se hace por fases la remodelaci\u00f3n, no har\u00e1 falta esta opci\u00f3n.<\/p>\n\n\n\n<p><strong>CUMPLIR COMPROMISOS<\/strong><\/p>\n\n\n\n<p>Ayala ha declarado que \u00ablo que tiene que hacer\u00bb el Burgos CF es \u00abcumplir con el compromiso\u00bb que se estableci\u00f3 en el convenio de hacer la nueva tribuna. Ha recordado que el Ayuntamiento de Burgos ha avanzado en la \u00abparte pol\u00edtica\u00bb con la modificaci\u00f3n inicial de del Plan General de Ordenaci\u00f3n Urbana (PGOU) para permitir \u00abnuevos usos\u00bb y se \u00abpuedan compatibilizar\u00bb con otras actividades para rentabilizar la inversi\u00f3n.<\/p>\n\n\n\n<p><strong>ESPERANDO EL PROYECTO <\/strong><\/p>\n\n\n\n<p>La idea del propietario del Burgos CF SAD es recrecer los dos fondos, derribar la actual tribuna principal, construir una nueva y hacer la mayor parte de la obra el mismo tiempo para acortar plazos. Si se hace todo a un tiempo, ser\u00eda imposible el uso del Estadio. Desde el Ayuntamiento de Burgos esperan el proyecto que debe presentar Figoli. El mandatario deportivo quiere que la obra comience en un a\u00f1o, justo cuando termine la temporada 25-26.\u00a0<\/p>\n","protected":false},"excerpt":{"rendered":"<p>Con la obra \u00abfaseada\u00bb se podr\u00eda jugar en el Estadio mientras duran las obras. Para la alcaldesa es \u00abprioritario\u00bb que la propiedad cumpla con el mandato de hacer la tribuna que es lo que ordena el convenio La alcaldesa de Burgos, Cristina Ayala, ha rechazado la opci\u00f3n de \u00abir dos a\u00f1os a jugar fuera\u00bb del [&hellip;]<\/p>\n","protected":false},"author":21,"featured_media":140678,"comment_status":"closed","ping_status":"closed","sticky":false,"template":"","format":"standard","meta":{"_monsterinsights_skip_tracking":false,"_monsterinsights_sitenote_active":false,"_monsterinsights_sitenote_note":"","_monsterinsights_sitenote_category":0,"footnotes":""},"categories":[4],"tags":[1553,217,29,39],"class_list":{"0":"post-140677","1":"post","2":"type-post","3":"status-publish","4":"format-standard","5":"has-post-thumbnail","7":"category-futbol","8":"tag-actualidad-2","9":"tag-aytoburgos","10":"tag-burgoscf","11":"tag-elplantio"},"views":173,"_links":{"self":[{"href":"https:\/\/www.burgosdeporte.com\/index.php?rest_route=\/wp\/v2\/posts\/140677","targetHints":{"allow":["GET"]}}],"collection":[{"href":"https:\/\/www.burgosdeporte.com\/index.php?rest_route=\/wp\/v2\/posts"}],"about":[{"href":"https:\/\/www.burgosdeporte.com\/index.php?rest_route=\/wp\/v2\/types\/post"}],"author":[{"embeddable":true,"href":"https:\/\/www.burgosdeporte.com\/index.php?rest_route=\/wp\/v2\/users\/21"}],"replies":[{"embeddable":true,"href":"https:\/\/www.burgosdeporte.com\/index.php?rest_route=%2Fwp%2Fv2%2Fcomments&post=140677"}],"version-history":[{"count":1,"href":"https:\/\/www.burgosdeporte.com\/index.php?rest_route=\/wp\/v2\/posts\/140677\/revisions"}],"predecessor-version":[{"id":140679,"href":"https:\/\/www.burgosdeporte.com\/index.php?rest_route=\/wp\/v2\/posts\/140677\/revisions\/140679"}],"wp:featuredmedia":[{"embeddable":true,"href":"https:\/\/www.burgosdeporte.com\/index.php?rest_route=\/wp\/v2\/media\/140678"}],"wp:attachment":[{"href":"https:\/\/www.burgosdeporte.com\/index.php?rest_route=%2Fwp%2Fv2%2Fmedia&parent=140677"}],"wp:term":[{"taxonomy":"category","embeddable":true,"href":"https:\/\/www.burgosdeporte.com\/index.php?rest_route=%2Fwp%2Fv2%2Fcategories&post=140677"},{"taxonomy":"post_tag","embeddable":true,"href":"https:\/\/www.burgosdeporte.com\/index.php?rest_route=%2Fwp%2Fv2%2Ftags&post=140677"}],"curies":[{"name":"wp","href":"https:\/\/api.w.org\/{rel}","templated":true}]}}