{"id":140639,"date":"2025-06-01T23:17:08","date_gmt":"2025-06-01T21:17:08","guid":{"rendered":"https:\/\/www.burgosdeporte.com\/?p=140639"},"modified":"2025-06-02T17:11:24","modified_gmt":"2025-06-02T15:11:24","slug":"3-0-el-promesas-golea-al-tordesillas-y-toma-ventaja-en-la-eliminatoria","status":"publish","type":"post","link":"https:\/\/www.burgosdeporte.com\/?p=140639","title":{"rendered":"3-0 El Promesas golea al Tordesillas y toma ventaja en la eliminatoria"},"content":{"rendered":"\n<h2 class=\"wp-block-heading\"><em>Salvo una debacle en Las Salinas de Tordesillas, los chicos de Albistegui tienen un pie en la tercera y definitiva eliminatoria por el ascenso.<\/em><\/h2>\n\n\n<div class=\"wp-block-image\">\n<figure class=\"aligncenter size-full\"><img loading=\"lazy\" decoding=\"async\" width=\"300\" height=\"226\" src=\"https:\/\/www.burgosdeporte.com\/wp-content\/uploads\/2023\/09\/FCastilla_2019.gif\" alt=\"\" class=\"wp-image-107980\"\/><\/figure>\n<\/div>\n\n\n<p>El Burgos Promesas ha dado este domingo un paso de gigante para disputar la tercera y \u00faltima eliminatoria que le dar\u00eda, en caso de superarla, el acceso a Segunda Federaci\u00f3n. Ha ganado con mucha solvencia y buen juego a un Atl\u00e9tico Tordesillas que no ha estado c\u00f3modo en El Plant\u00edo en ninguna fase del partido.&nbsp;<\/p>\n\n\n\n<figure class=\"wp-block-image size-large\"><img loading=\"lazy\" decoding=\"async\" width=\"1024\" height=\"683\" src=\"https:\/\/www.burgosdeporte.com\/wp-content\/uploads\/2025\/06\/T5A0018-1024x683.jpg\" alt=\"\" class=\"wp-image-140586\" srcset=\"https:\/\/www.burgosdeporte.com\/wp-content\/uploads\/2025\/06\/T5A0018-1024x683.jpg 1024w, https:\/\/www.burgosdeporte.com\/wp-content\/uploads\/2025\/06\/T5A0018-300x200.jpg 300w, https:\/\/www.burgosdeporte.com\/wp-content\/uploads\/2025\/06\/T5A0018-768x512.jpg 768w, https:\/\/www.burgosdeporte.com\/wp-content\/uploads\/2025\/06\/T5A0018-1536x1024.jpg 1536w, https:\/\/www.burgosdeporte.com\/wp-content\/uploads\/2025\/06\/T5A0018-2048x1366.jpg 2048w, https:\/\/www.burgosdeporte.com\/wp-content\/uploads\/2025\/06\/T5A0018-150x100.jpg 150w, https:\/\/www.burgosdeporte.com\/wp-content\/uploads\/2025\/06\/T5A0018-696x464.jpg 696w, https:\/\/www.burgosdeporte.com\/wp-content\/uploads\/2025\/06\/T5A0018-1068x712.jpg 1068w, https:\/\/www.burgosdeporte.com\/wp-content\/uploads\/2025\/06\/T5A0018-1920x1280.jpg 1920w\" sizes=\"auto, (max-width: 1024px) 100vw, 1024px\" \/><figcaption class=\"wp-element-caption\">Foto: Jarcha\/Burgosdeporte<\/figcaption><\/figure>\n\n\n\n<p>Los locales jugaron una buena segunda parte, muy completa, con un gran Jos\u00e9 Menor (que se llev\u00f3 una gran ovaci\u00f3n cuando fue sustituido) y un espectacular Georges. Y como el f\u00fatbol es un mundo de sensaciones, lo que hace el Promesas sobre el campo es augurio de \u00e9xito. A la calidad se le une la confianza y eso da como resultado que el equipo a poco que hace pasa por encima del rival<\/p>\n\n\n\n<p>A los dos equipos les cost\u00f3 hacerse con las dimensiones de El Plant\u00edo. Con el paso del tiempo, se fueron asentando y el Burgos Promesas se hizo con el control de la pelota, mientras el que rival se limitaba a cerrar con seguridad su defensa y no permitir alegr\u00edas a los blanquinegros.<\/p>\n\n\n\n<figure class=\"wp-block-image size-large\"><img loading=\"lazy\" decoding=\"async\" width=\"1024\" height=\"768\" src=\"https:\/\/www.burgosdeporte.com\/wp-content\/uploads\/2025\/06\/T5A0171-1024x768.jpg\" alt=\"\" class=\"wp-image-140595\" srcset=\"https:\/\/www.burgosdeporte.com\/wp-content\/uploads\/2025\/06\/T5A0171-1024x768.jpg 1024w, https:\/\/www.burgosdeporte.com\/wp-content\/uploads\/2025\/06\/T5A0171-300x225.jpg 300w, https:\/\/www.burgosdeporte.com\/wp-content\/uploads\/2025\/06\/T5A0171-768x576.jpg 768w, https:\/\/www.burgosdeporte.com\/wp-content\/uploads\/2025\/06\/T5A0171-1536x1152.jpg 1536w, https:\/\/www.burgosdeporte.com\/wp-content\/uploads\/2025\/06\/T5A0171-2048x1536.jpg 2048w, https:\/\/www.burgosdeporte.com\/wp-content\/uploads\/2025\/06\/T5A0171-150x113.jpg 150w, https:\/\/www.burgosdeporte.com\/wp-content\/uploads\/2025\/06\/T5A0171-696x522.jpg 696w, https:\/\/www.burgosdeporte.com\/wp-content\/uploads\/2025\/06\/T5A0171-1068x801.jpg 1068w, https:\/\/www.burgosdeporte.com\/wp-content\/uploads\/2025\/06\/T5A0171-1920x1440.jpg 1920w, https:\/\/www.burgosdeporte.com\/wp-content\/uploads\/2025\/06\/T5A0171-265x198.jpg 265w\" sizes=\"auto, (max-width: 1024px) 100vw, 1024px\" \/><figcaption class=\"wp-element-caption\">Foto: Jarcha\/Burgosdeporte<\/figcaption><\/figure>\n\n\n\n<p>Georges era, por su banda izquierda, quien m\u00e1s peligro creaba; en el minuto 11 forz\u00f3 la intervenci\u00f3n por bajo del veterano Farolo y en el 19 fue Lekic quien lo intent\u00f3 desde fuera del \u00e1rea. Solo un minuto despu\u00e9s Cantero cabece\u00f3 fuera, muy cerca del palo izquierdo del meta vallisoletano un servicio desde la izquierda de Gerorges.<\/p>\n\n\n\n<p>El Promesas apretaba mediada la primera mitad. Ferm\u00edn condujo por el centro un contragolpe con un pase medido a Georges; su remate se fue a saque de esquina. Hasta el minuto 30 no volvi\u00f3 a disparar el equipo de Alb\u00edstegui con un disparo mordido de Cantero que se march\u00f3 fuera.<\/p>\n\n\n\n<figure class=\"wp-block-image size-large\"><img loading=\"lazy\" decoding=\"async\" width=\"1024\" height=\"768\" src=\"https:\/\/www.burgosdeporte.com\/wp-content\/uploads\/2025\/06\/T5A0297-1024x768.jpg\" alt=\"\" class=\"wp-image-140596\" srcset=\"https:\/\/www.burgosdeporte.com\/wp-content\/uploads\/2025\/06\/T5A0297-1024x768.jpg 1024w, https:\/\/www.burgosdeporte.com\/wp-content\/uploads\/2025\/06\/T5A0297-300x225.jpg 300w, https:\/\/www.burgosdeporte.com\/wp-content\/uploads\/2025\/06\/T5A0297-768x576.jpg 768w, https:\/\/www.burgosdeporte.com\/wp-content\/uploads\/2025\/06\/T5A0297-1536x1152.jpg 1536w, https:\/\/www.burgosdeporte.com\/wp-content\/uploads\/2025\/06\/T5A0297-2048x1536.jpg 2048w, https:\/\/www.burgosdeporte.com\/wp-content\/uploads\/2025\/06\/T5A0297-150x113.jpg 150w, https:\/\/www.burgosdeporte.com\/wp-content\/uploads\/2025\/06\/T5A0297-696x522.jpg 696w, https:\/\/www.burgosdeporte.com\/wp-content\/uploads\/2025\/06\/T5A0297-1068x801.jpg 1068w, https:\/\/www.burgosdeporte.com\/wp-content\/uploads\/2025\/06\/T5A0297-1920x1440.jpg 1920w, https:\/\/www.burgosdeporte.com\/wp-content\/uploads\/2025\/06\/T5A0297-265x198.jpg 265w\" sizes=\"auto, (max-width: 1024px) 100vw, 1024px\" \/><figcaption class=\"wp-element-caption\">Foto: Jarcha\/Burgosdeporte<\/figcaption><\/figure>\n\n\n\n<p>Pasada la media hora, el Tordesillas se soltando y el Burgos Promesas dej\u00f3 de ser el due\u00f1o territorial del campo. El equipo vallisoletano empez\u00f3 a tocar m\u00e1s la pelota desde atr\u00e1s con Fer en el medio del campo y la direcci\u00f3n desde el centro de la defensa del veterano Mongil.<\/p>\n\n\n\n<p>Los 22 jugadores se fueron al descanso con el 0-0, fruto del poco acierto de los locales en los metros finales.<\/p>\n\n\n\n<figure class=\"wp-block-image size-large\"><img loading=\"lazy\" decoding=\"async\" width=\"1024\" height=\"768\" src=\"https:\/\/www.burgosdeporte.com\/wp-content\/uploads\/2025\/06\/T5A0402-1024x768.jpg\" alt=\"\" class=\"wp-image-140600\" srcset=\"https:\/\/www.burgosdeporte.com\/wp-content\/uploads\/2025\/06\/T5A0402-1024x768.jpg 1024w, https:\/\/www.burgosdeporte.com\/wp-content\/uploads\/2025\/06\/T5A0402-300x225.jpg 300w, https:\/\/www.burgosdeporte.com\/wp-content\/uploads\/2025\/06\/T5A0402-768x576.jpg 768w, https:\/\/www.burgosdeporte.com\/wp-content\/uploads\/2025\/06\/T5A0402-1536x1152.jpg 1536w, https:\/\/www.burgosdeporte.com\/wp-content\/uploads\/2025\/06\/T5A0402-2048x1536.jpg 2048w, https:\/\/www.burgosdeporte.com\/wp-content\/uploads\/2025\/06\/T5A0402-150x113.jpg 150w, https:\/\/www.burgosdeporte.com\/wp-content\/uploads\/2025\/06\/T5A0402-696x522.jpg 696w, https:\/\/www.burgosdeporte.com\/wp-content\/uploads\/2025\/06\/T5A0402-1068x801.jpg 1068w, https:\/\/www.burgosdeporte.com\/wp-content\/uploads\/2025\/06\/T5A0402-1920x1440.jpg 1920w, https:\/\/www.burgosdeporte.com\/wp-content\/uploads\/2025\/06\/T5A0402-265x198.jpg 265w\" sizes=\"auto, (max-width: 1024px) 100vw, 1024px\" \/><figcaption class=\"wp-element-caption\">Foto: Jarcha\/Burgosdeporte<\/figcaption><\/figure>\n\n\n\n<p>Tras el descanso el Promesas no sali\u00f3 fresco y cometi\u00f3 errores que le privaron de llegar al \u00e1rea rival con claridad. Pero fue el que marc\u00f3. Jos\u00e9 Menor aprovech\u00f3 un rechace de Farolo a disparo desde lejos del cuadro local para hacer el 1-0.&nbsp; Solo tres minutos despu\u00e9s la defensa visitante tuvo que enviar por la l\u00ednea de fondo un servicio de Georges. A la salida del c\u00f3rner, tras le rechace de la defensa, el colegiado anul\u00f3 en el 54 el segundo del Burgos por un fuera de juego de Ethan.<\/p>\n\n\n\n<figure class=\"wp-block-image size-large\"><img loading=\"lazy\" decoding=\"async\" width=\"1024\" height=\"683\" src=\"https:\/\/www.burgosdeporte.com\/wp-content\/uploads\/2025\/06\/T5A0559-1024x683.jpg\" alt=\"\" class=\"wp-image-140605\"\/><figcaption class=\"wp-element-caption\">Foto: Jarcha\/Burgosdeporte<\/figcaption><\/figure>\n\n\n\n<p>Y Menor repiti\u00f3, est\u00e1 de vez de cabeza, e hizo el 2-0 tras una buena jugada combinativa entre Rastrilla y Cantero. El briviescano remat\u00f3 con acierto al fondo de la meta de Farolo el servicio del gallego.<\/p>\n\n\n\n<figure class=\"wp-block-image size-large\"><img loading=\"lazy\" decoding=\"async\" width=\"1024\" height=\"768\" src=\"https:\/\/www.burgosdeporte.com\/wp-content\/uploads\/2025\/06\/T5A0679-1024x768.jpg\" alt=\"\" class=\"wp-image-140610\" srcset=\"https:\/\/www.burgosdeporte.com\/wp-content\/uploads\/2025\/06\/T5A0679-1024x768.jpg 1024w, https:\/\/www.burgosdeporte.com\/wp-content\/uploads\/2025\/06\/T5A0679-300x225.jpg 300w, https:\/\/www.burgosdeporte.com\/wp-content\/uploads\/2025\/06\/T5A0679-768x576.jpg 768w, https:\/\/www.burgosdeporte.com\/wp-content\/uploads\/2025\/06\/T5A0679-1536x1153.jpg 1536w, https:\/\/www.burgosdeporte.com\/wp-content\/uploads\/2025\/06\/T5A0679-2048x1537.jpg 2048w, https:\/\/www.burgosdeporte.com\/wp-content\/uploads\/2025\/06\/T5A0679-150x113.jpg 150w, https:\/\/www.burgosdeporte.com\/wp-content\/uploads\/2025\/06\/T5A0679-696x522.jpg 696w, https:\/\/www.burgosdeporte.com\/wp-content\/uploads\/2025\/06\/T5A0679-1068x801.jpg 1068w, https:\/\/www.burgosdeporte.com\/wp-content\/uploads\/2025\/06\/T5A0679-1920x1441.jpg 1920w, https:\/\/www.burgosdeporte.com\/wp-content\/uploads\/2025\/06\/T5A0679-265x198.jpg 265w\" sizes=\"auto, (max-width: 1024px) 100vw, 1024px\" \/><figcaption class=\"wp-element-caption\">Foto: Jarcha\/Burgosdeporte<\/figcaption><\/figure>\n\n\n\n<p>En seis minutos el Promesas hab\u00eda tomado una ventaja importante, mientras el Tordesillas no encontraba como romper las l\u00edneas del filial del Burgos CF. Acuciado por la desventaja, se volc\u00f3 sobre el campo rival e intent\u00f3 tocar y elaborar desde su centro del campo. El portero del Promesas Marc Monedero salv\u00f3 el 2-1 en el 67 a disparo de Dani.&nbsp;<\/p>\n\n\n\n<p>Quedaba a\u00fan mucho tiempo por delante. Marc tuvo que echar las manos al verde de nuevo, para detener el remate desde fuera del \u00e1rea, de nuevo de Dani. Los locales hab\u00edan dado un paso atr\u00e1s. La ventaja era importante, pero no era definitiva. En el 70, Georges culmin\u00f3 un contragolpe sin fortuna. Como tampoco la tuvo el Tordesillas en un remate de Chat\u00fan tras una p\u00e9rdida del Promesas en la salida de bal\u00f3n.<\/p>\n\n\n\n<figure class=\"wp-block-image size-large\"><img loading=\"lazy\" decoding=\"async\" width=\"1024\" height=\"683\" src=\"https:\/\/www.burgosdeporte.com\/wp-content\/uploads\/2025\/06\/T5A0780-1024x683.jpg\" alt=\"\" class=\"wp-image-140615\" srcset=\"https:\/\/www.burgosdeporte.com\/wp-content\/uploads\/2025\/06\/T5A0780-1024x683.jpg 1024w, https:\/\/www.burgosdeporte.com\/wp-content\/uploads\/2025\/06\/T5A0780-300x200.jpg 300w, https:\/\/www.burgosdeporte.com\/wp-content\/uploads\/2025\/06\/T5A0780-768x512.jpg 768w, https:\/\/www.burgosdeporte.com\/wp-content\/uploads\/2025\/06\/T5A0780-1536x1024.jpg 1536w, https:\/\/www.burgosdeporte.com\/wp-content\/uploads\/2025\/06\/T5A0780-2048x1366.jpg 2048w, https:\/\/www.burgosdeporte.com\/wp-content\/uploads\/2025\/06\/T5A0780-150x100.jpg 150w, https:\/\/www.burgosdeporte.com\/wp-content\/uploads\/2025\/06\/T5A0780-696x464.jpg 696w, https:\/\/www.burgosdeporte.com\/wp-content\/uploads\/2025\/06\/T5A0780-1068x712.jpg 1068w, https:\/\/www.burgosdeporte.com\/wp-content\/uploads\/2025\/06\/T5A0780-1920x1280.jpg 1920w\" sizes=\"auto, (max-width: 1024px) 100vw, 1024px\" \/><figcaption class=\"wp-element-caption\">Foto: Jarcha\/Burgosdeporte<\/figcaption><\/figure>\n\n\n\n<p>En el 80, los dos jugadores reci\u00e9n salidos al campo, Sagredo y Toty protagonizaron el 3-0. El burgal\u00e9s se march\u00f3 en velocidad por la izquierda, pis\u00f3 el \u00e1rea peque\u00f1a y dej\u00f3 una pelota muy clara a Toty que empuj\u00f3 a la red.<\/p>\n\n\n\n<p>Los minutos finales fueron de dominio visitante que lo intent\u00f3 con m\u00e1s coraz\u00f3n que acierto y sali\u00f3 derrotado con justicia del Estadio de EL Plant\u00edo que le vino muy grande. La numerosa afici\u00f3n local despidi\u00f3 con una gran ovaci\u00f3n a los chicos del filial que no dieron opci\u00f3n al rival.<\/p>\n\n\n\n<figure class=\"wp-block-image size-large\"><img loading=\"lazy\" decoding=\"async\" width=\"1024\" height=\"683\" src=\"https:\/\/www.burgosdeporte.com\/wp-content\/uploads\/2025\/06\/T5A0831-1024x683.jpg\" alt=\"\" class=\"wp-image-140618\" srcset=\"https:\/\/www.burgosdeporte.com\/wp-content\/uploads\/2025\/06\/T5A0831-1024x683.jpg 1024w, https:\/\/www.burgosdeporte.com\/wp-content\/uploads\/2025\/06\/T5A0831-300x200.jpg 300w, https:\/\/www.burgosdeporte.com\/wp-content\/uploads\/2025\/06\/T5A0831-768x512.jpg 768w, https:\/\/www.burgosdeporte.com\/wp-content\/uploads\/2025\/06\/T5A0831-1536x1024.jpg 1536w, https:\/\/www.burgosdeporte.com\/wp-content\/uploads\/2025\/06\/T5A0831-2048x1366.jpg 2048w, https:\/\/www.burgosdeporte.com\/wp-content\/uploads\/2025\/06\/T5A0831-150x100.jpg 150w, https:\/\/www.burgosdeporte.com\/wp-content\/uploads\/2025\/06\/T5A0831-696x464.jpg 696w, https:\/\/www.burgosdeporte.com\/wp-content\/uploads\/2025\/06\/T5A0831-1068x712.jpg 1068w, https:\/\/www.burgosdeporte.com\/wp-content\/uploads\/2025\/06\/T5A0831-1920x1280.jpg 1920w\" sizes=\"auto, (max-width: 1024px) 100vw, 1024px\" \/><figcaption class=\"wp-element-caption\">Foto: Jarcha\/Burgosdeporte<\/figcaption><\/figure>\n\n\n\n<p><strong>FICHA T\u00c9CNICA<\/strong><\/p>\n\n\n\n<p><strong>Burgos Promesas.-<\/strong> Marc Monedero; Rastrilla (Dani Ruiz, min 62), Hugo Pascual, Iv\u00e1n, Lekic Osama; Cantero, Ferm\u00edn, Ethan (Sagredo, min 77); Menor (Irian, min 58) y Georges (Toty, min 77).<\/p>\n\n\n\n<p><strong>Atl\u00e9tico Tordesillas<\/strong>.- Farolo; Manja (Dani Diez, min 46), Ivi, Mongil, Joan (Bonilla, min 88); Fer, Miguel (Chat\u00fan, min 57), Abel, Abra; y Samu y Jes\u00fas Torres.<\/p>\n\n\n\n<p><strong>\u00c1rbitro-<\/strong>. Sanz Monge (Comit\u00e9 de Castilla y Le\u00f3n) Mostr\u00f3 tarjeta amarilla a Joan, Fer, Abra y Mongil por el Tordesillas.<\/p>\n\n\n\n<p><strong>Goles.-<\/strong> 1-0 Menor (min 50) 2-0 Menor (min 56) 3-0 Toty (min 80)<\/p>\n\n\n\n<p><strong>Incidencias.<\/strong>&#8211; Algo m\u00e1s de 1.800 espectadores en\u00a0 la tribuna del Estadio de El Plant\u00edo. Un centenar de ellos, en el Fondo Norte, en la grada destinada a la afici\u00f3n visitante se ubic\u00f3 a un animoso grupo de aficionados del Atl\u00e9tico Tordesillas.<\/p>\n\n\n\n<p><strong><a href=\"https:\/\/www.burgosdeporte.com\/?p=140621\">GALERIA DE FOTOS DEL PARTIDO\/ JARCHA-BURGOSDEPORTE<\/a><\/strong><\/p>\n\n\n\n<p><\/p>\n","protected":false},"excerpt":{"rendered":"<p>Salvo una debacle en Las Salinas de Tordesillas, los chicos de Albistegui tienen un pie en la tercera y definitiva eliminatoria por el ascenso. El Burgos Promesas ha dado este domingo un paso de gigante para disputar la tercera y \u00faltima eliminatoria que le dar\u00eda, en caso de superarla, el acceso a Segunda Federaci\u00f3n. Ha [&hellip;]<\/p>\n","protected":false},"author":21,"featured_media":140612,"comment_status":"closed","ping_status":"closed","sticky":false,"template":"","format":"standard","meta":{"_monsterinsights_skip_tracking":false,"_monsterinsights_sitenote_active":false,"_monsterinsights_sitenote_note":"","_monsterinsights_sitenote_category":0,"footnotes":""},"categories":[4],"tags":[1553,29,89,1151],"class_list":{"0":"post-140639","1":"post","2":"type-post","3":"status-publish","4":"format-standard","5":"has-post-thumbnail","7":"category-futbol","8":"tag-actualidad-2","9":"tag-burgoscf","10":"tag-burgoscfpromesas","11":"tag-tordesillas"},"views":207,"_links":{"self":[{"href":"https:\/\/www.burgosdeporte.com\/index.php?rest_route=\/wp\/v2\/posts\/140639","targetHints":{"allow":["GET"]}}],"collection":[{"href":"https:\/\/www.burgosdeporte.com\/index.php?rest_route=\/wp\/v2\/posts"}],"about":[{"href":"https:\/\/www.burgosdeporte.com\/index.php?rest_route=\/wp\/v2\/types\/post"}],"author":[{"embeddable":true,"href":"https:\/\/www.burgosdeporte.com\/index.php?rest_route=\/wp\/v2\/users\/21"}],"replies":[{"embeddable":true,"href":"https:\/\/www.burgosdeporte.com\/index.php?rest_route=%2Fwp%2Fv2%2Fcomments&post=140639"}],"version-history":[{"count":1,"href":"https:\/\/www.burgosdeporte.com\/index.php?rest_route=\/wp\/v2\/posts\/140639\/revisions"}],"predecessor-version":[{"id":140640,"href":"https:\/\/www.burgosdeporte.com\/index.php?rest_route=\/wp\/v2\/posts\/140639\/revisions\/140640"}],"wp:featuredmedia":[{"embeddable":true,"href":"https:\/\/www.burgosdeporte.com\/index.php?rest_route=\/wp\/v2\/media\/140612"}],"wp:attachment":[{"href":"https:\/\/www.burgosdeporte.com\/index.php?rest_route=%2Fwp%2Fv2%2Fmedia&parent=140639"}],"wp:term":[{"taxonomy":"category","embeddable":true,"href":"https:\/\/www.burgosdeporte.com\/index.php?rest_route=%2Fwp%2Fv2%2Fcategories&post=140639"},{"taxonomy":"post_tag","embeddable":true,"href":"https:\/\/www.burgosdeporte.com\/index.php?rest_route=%2Fwp%2Fv2%2Ftags&post=140639"}],"curies":[{"name":"wp","href":"https:\/\/api.w.org\/{rel}","templated":true}]}}