{"id":140580,"date":"2025-06-01T21:44:46","date_gmt":"2025-06-01T19:44:46","guid":{"rendered":"https:\/\/www.burgosdeporte.com\/?p=140580"},"modified":"2025-06-02T14:34:32","modified_gmt":"2025-06-02T12:34:32","slug":"claudia-barrios-se-despide-de-burgos-camino-del-atletico-de-madrid","status":"publish","type":"post","link":"https:\/\/www.burgosdeporte.com\/?p=140580","title":{"rendered":"Claudia Barrios se despide de Burgos camino del Atl\u00e9tico de Madrid"},"content":{"rendered":"\n<h2 class=\"wp-block-heading\">La internacional arandina pone fin a su etapa en el Burgos CFF, donde ha logrado el ascenso a Segunda Federaci\u00f3n y jugar\u00e1 en el Atl\u00e9tico de Madrid a partir de la pr\u00f3xima temporada.<\/h2>\n\n\n<div class=\"wp-block-image\">\n<figure class=\"aligncenter size-large is-resized\"><img loading=\"lazy\" decoding=\"async\" width=\"819\" height=\"1024\" src=\"https:\/\/www.burgosdeporte.com\/wp-content\/uploads\/2025\/04\/RRSS_CARRUSEL1-INSTAGRAM-1080X1350-819x1024.png\" alt=\"\" class=\"wp-image-137712\" style=\"width:229px;height:auto\" srcset=\"https:\/\/www.burgosdeporte.com\/wp-content\/uploads\/2025\/04\/RRSS_CARRUSEL1-INSTAGRAM-1080X1350-819x1024.png 819w, https:\/\/www.burgosdeporte.com\/wp-content\/uploads\/2025\/04\/RRSS_CARRUSEL1-INSTAGRAM-1080X1350-240x300.png 240w, https:\/\/www.burgosdeporte.com\/wp-content\/uploads\/2025\/04\/RRSS_CARRUSEL1-INSTAGRAM-1080X1350-768x960.png 768w, https:\/\/www.burgosdeporte.com\/wp-content\/uploads\/2025\/04\/RRSS_CARRUSEL1-INSTAGRAM-1080X1350-150x188.png 150w, https:\/\/www.burgosdeporte.com\/wp-content\/uploads\/2025\/04\/RRSS_CARRUSEL1-INSTAGRAM-1080X1350-300x375.png 300w, https:\/\/www.burgosdeporte.com\/wp-content\/uploads\/2025\/04\/RRSS_CARRUSEL1-INSTAGRAM-1080X1350-696x870.png 696w, https:\/\/www.burgosdeporte.com\/wp-content\/uploads\/2025\/04\/RRSS_CARRUSEL1-INSTAGRAM-1080X1350-1068x1335.png 1068w, https:\/\/www.burgosdeporte.com\/wp-content\/uploads\/2025\/04\/RRSS_CARRUSEL1-INSTAGRAM-1080X1350.png 1080w\" sizes=\"auto, (max-width: 819px) 100vw, 819px\" \/><\/figure>\n<\/div>\n\n\n<p>Un paso m\u00e1s en la exitosa carrera deportiva de Claudia Barrios. La centrocampista arandina avanza en su carrera profesional y la pr\u00f3xima temporada jugar\u00e1 en el\u00a0Atl\u00e9tico de Madrid, seg\u00fan ha podido conocer DUERO Deporte. De esta ma\u00f1era se pone fin a dos temporadas en el Burgos CF con el que ha logrado ascender a Segunda RFEF.<\/p>\n\n\n\n<p>Un salto de calidad para la centrocampista natural de Aranda de Duero tan necesario como merecido desde que hace un a\u00f1o se haya convertido en una pieza habitual la\u00a0selecci\u00f3n espa\u00f1ola Sub-17.<\/p>\n\n\n\n<p>A falta que se haga oficial por parte de la entidad madrile\u00f1a, Barrios iniciar\u00e1 una nueva \u00e9poca en la que seguir\u00e1 progresando en el mundo del f\u00fatbol. En un principio,\u00a0formar\u00e1 parte de la plantilla del segundo equipo colchonero con la ambici\u00f3n de poder dar el salto al primer equipo\u00a0de Liga Femenina cuando sea oportuno.<\/p>\n\n\n\n<p>Un m\u00e1s que posible escenario que podr\u00eda propiciar la presencia de dos jugadores de la capital de las Tierras del Duero en la\u00a0Liga Femenina, puesto que\u00a0Carla Andr\u00e9s\u00a0milita en el\u00a0Eibar\u00a0con el que ya suma dos campa\u00f1as en la m\u00e1xima categor\u00eda del f\u00fatbol espa\u00f1ol.<\/p>\n\n\n\n<p><\/p>\n\n\n\n<p><\/p>\n\n\n\n<p><a href=\"https:\/\/myrotulo.com\/\" target=\"_blank\" rel=\"noopener\"><\/a><\/p>\n","protected":false},"excerpt":{"rendered":"<p>La internacional arandina pone fin a su etapa en el Burgos CFF, donde ha logrado el ascenso a Segunda Federaci\u00f3n y jugar\u00e1 en el Atl\u00e9tico de Madrid a partir de la pr\u00f3xima temporada. Un paso m\u00e1s en la exitosa carrera deportiva de Claudia Barrios. La centrocampista arandina avanza en su carrera profesional y la pr\u00f3xima [&hellip;]<\/p>\n","protected":false},"author":24,"featured_media":140581,"comment_status":"closed","ping_status":"closed","sticky":false,"template":"","format":"standard","meta":{"_monsterinsights_skip_tracking":false,"_monsterinsights_sitenote_active":false,"_monsterinsights_sitenote_note":"","_monsterinsights_sitenote_category":0,"footnotes":""},"categories":[4],"tags":[1553,29,77,1826],"class_list":{"0":"post-140580","1":"post","2":"type-post","3":"status-publish","4":"format-standard","5":"has-post-thumbnail","7":"category-futbol","8":"tag-actualidad-2","9":"tag-burgoscf","10":"tag-burgoscffemenino","11":"tag-duerodeporte"},"views":278,"_links":{"self":[{"href":"https:\/\/www.burgosdeporte.com\/index.php?rest_route=\/wp\/v2\/posts\/140580","targetHints":{"allow":["GET"]}}],"collection":[{"href":"https:\/\/www.burgosdeporte.com\/index.php?rest_route=\/wp\/v2\/posts"}],"about":[{"href":"https:\/\/www.burgosdeporte.com\/index.php?rest_route=\/wp\/v2\/types\/post"}],"author":[{"embeddable":true,"href":"https:\/\/www.burgosdeporte.com\/index.php?rest_route=\/wp\/v2\/users\/24"}],"replies":[{"embeddable":true,"href":"https:\/\/www.burgosdeporte.com\/index.php?rest_route=%2Fwp%2Fv2%2Fcomments&post=140580"}],"version-history":[{"count":1,"href":"https:\/\/www.burgosdeporte.com\/index.php?rest_route=\/wp\/v2\/posts\/140580\/revisions"}],"predecessor-version":[{"id":140582,"href":"https:\/\/www.burgosdeporte.com\/index.php?rest_route=\/wp\/v2\/posts\/140580\/revisions\/140582"}],"wp:featuredmedia":[{"embeddable":true,"href":"https:\/\/www.burgosdeporte.com\/index.php?rest_route=\/wp\/v2\/media\/140581"}],"wp:attachment":[{"href":"https:\/\/www.burgosdeporte.com\/index.php?rest_route=%2Fwp%2Fv2%2Fmedia&parent=140580"}],"wp:term":[{"taxonomy":"category","embeddable":true,"href":"https:\/\/www.burgosdeporte.com\/index.php?rest_route=%2Fwp%2Fv2%2Fcategories&post=140580"},{"taxonomy":"post_tag","embeddable":true,"href":"https:\/\/www.burgosdeporte.com\/index.php?rest_route=%2Fwp%2Fv2%2Ftags&post=140580"}],"curies":[{"name":"wp","href":"https:\/\/api.w.org\/{rel}","templated":true}]}}