{"id":140462,"date":"2025-05-29T00:03:32","date_gmt":"2025-05-28T22:03:32","guid":{"rendered":"https:\/\/www.burgosdeporte.com\/?p=140462"},"modified":"2025-05-29T12:03:41","modified_gmt":"2025-05-29T10:03:41","slug":"el-futbol-sala-de-burgos-une-sus-fuerzas","status":"publish","type":"post","link":"https:\/\/www.burgosdeporte.com\/?p=140462","title":{"rendered":"El f\u00fatbol sala de Burgos une sus fuerzas"},"content":{"rendered":"\n<h2 class=\"wp-block-heading\"><strong>Fusi\u00f3n entre el Juventud del C\u00edrculo y La Amistad Burgos que permitir\u00e1 incrementar el numero de equipos en competici\u00f3n y poner en marcha una Escuela de F\u00fatbol Sala.<\/strong><\/h2>\n\n\n<div class=\"wp-block-image\">\n<figure class=\"aligncenter size-full\"><img loading=\"lazy\" decoding=\"async\" width=\"300\" height=\"600\" src=\"https:\/\/www.burgosdeporte.com\/wp-content\/uploads\/2023\/09\/FuncadionElCirculo.gif\" alt=\"\" class=\"wp-image-107974\"\/><\/figure>\n<\/div>\n\n\n<p>Paso adelante del f\u00fatbol sala en Burgos que se ver\u00e1 potenciado al unir sus fuerza. El Club Deportivo Juventud del C\u00edrculo y el FS La Amistad Burgos han alcanzado el acuerdo de trabajar unidos a partir de este momento con el objetivo de potenciar la promoci\u00f3n de la pr\u00e1ctica y el desarrollo del f\u00fatbol sala en Burgos.<\/p>\n\n\n\n<p>El acuerdo fue rubricado en la sede del club verdiblanco por parte del\u00a0presidente del CD Juventud del C\u00edrculo,\u00a0V\u00edctor Manuel Gonz\u00e1lez; y su hom\u00f3nimo en el\u00a0FS La Amistad Burgos, Rom\u00e1n Romero. Supone la integraci\u00f3n de los equipos de la\u00a0Divisi\u00f3n de Honor Juvenil\u00a0y la\u00a0Primera Divisi\u00f3n Regional Femenina del FS La Amistad, dentro del\u00a0organigrama deportivo del CD Juventud del C\u00edrculo,\u00a0englobando por tanto a los jugadores\/as, entrenadores y t\u00e9cnicos que forman parte de ellos.<\/p>\n\n\n\n<figure class=\"wp-block-image size-full\"><img loading=\"lazy\" decoding=\"async\" width=\"1000\" height=\"718\" src=\"https:\/\/www.burgosdeporte.com\/wp-content\/uploads\/2025\/05\/fusion-juventud-la-amistad-2.jpg\" alt=\"\" class=\"wp-image-140464\" srcset=\"https:\/\/www.burgosdeporte.com\/wp-content\/uploads\/2025\/05\/fusion-juventud-la-amistad-2.jpg 1000w, https:\/\/www.burgosdeporte.com\/wp-content\/uploads\/2025\/05\/fusion-juventud-la-amistad-2-300x215.jpg 300w, https:\/\/www.burgosdeporte.com\/wp-content\/uploads\/2025\/05\/fusion-juventud-la-amistad-2-768x551.jpg 768w, https:\/\/www.burgosdeporte.com\/wp-content\/uploads\/2025\/05\/fusion-juventud-la-amistad-2-150x108.jpg 150w, https:\/\/www.burgosdeporte.com\/wp-content\/uploads\/2025\/05\/fusion-juventud-la-amistad-2-696x500.jpg 696w\" sizes=\"auto, (max-width: 1000px) 100vw, 1000px\" \/><figcaption class=\"wp-element-caption\">Los presidentes de ambas entidades, Rom\u00e1n Romero (i) y Victor Manuel Gonz\u00e1lez (d). Foto: CD Juventud del C\u00edrculo<\/figcaption><\/figure>\n\n\n\n<p>Adem\u00e1s, con esta uni\u00f3n ambos clubes pretenden tambi\u00e9n\u00a0\u00abincrementar el n\u00famero de equipos de la secci\u00f3n de f\u00fatbol sala con la creaci\u00f3n de\u00a0un equipo en la categor\u00eda cadete masculina\u00a0que participar\u00eda en la competici\u00f3n auton\u00f3mica\u00bb, e incluso contemplan la posibilidad de \u00abinscribir\u00a0un equipo en la categor\u00eda infantil masculina\u00ab. Todo ello\u00a0en funci\u00f3n de la acogida que esta iniciativa\u00a0tenga entre los jugadores que compiten principalmente en los\u00a0Juegos Escolares Municipales\u00a0o en competiciones federadas de f\u00fatbol.<\/p>\n\n\n\n<p>Igualmente, y para potenciar a\u00fan m\u00e1s el f\u00fatbol sala de formaci\u00f3n, el\u00a0CD Juventud del C\u00edrculo pretende poner en funcionamiento una\u00a0Escuela de F\u00fatbol Sala\u00a0para los m\u00e1s peque\u00f1os, de cuyos detalles ir\u00e1n informando en fechas posteriores.<\/p>\n\n\n\n<p>En definitiva un acuerdo de fusi\u00f3n que supone una\u00a0gran noticia para el f\u00fatbol sala burgal\u00e9s, ya que gracias a este acuerdo\u00a0el equipo s\u00e9nior del CD Juventud del C\u00edrculo\u00a0-recientemente descendido a la Tercera Divisi\u00f3n-\u00a0podr\u00e1 nutrirse a medio plazo de jugadores procedentes de su cantera\u00a0que asegurar\u00e1n la continuidad en el tiempo del conjunto burgal\u00e9s. <\/p>\n\n\n\n<p><\/p>\n","protected":false},"excerpt":{"rendered":"<p>Fusi\u00f3n entre el Juventud del C\u00edrculo y La Amistad Burgos que permitir\u00e1 incrementar el numero de equipos en competici\u00f3n y poner en marcha una Escuela de F\u00fatbol Sala. Paso adelante del f\u00fatbol sala en Burgos que se ver\u00e1 potenciado al unir sus fuerza. El Club Deportivo Juventud del C\u00edrculo y el FS La Amistad Burgos [&hellip;]<\/p>\n","protected":false},"author":10,"featured_media":140467,"comment_status":"closed","ping_status":"closed","sticky":false,"template":"","format":"standard","meta":{"_monsterinsights_skip_tracking":false,"_monsterinsights_sitenote_active":false,"_monsterinsights_sitenote_note":"","_monsterinsights_sitenote_category":0,"footnotes":""},"categories":[18],"tags":[1553,27,923],"class_list":{"0":"post-140462","1":"post","2":"type-post","3":"status-publish","4":"format-standard","5":"has-post-thumbnail","7":"category-futbol-sala","8":"tag-actualidad-2","9":"tag-fslaamistad","10":"tag-juventudcirculofs"},"views":156,"_links":{"self":[{"href":"https:\/\/www.burgosdeporte.com\/index.php?rest_route=\/wp\/v2\/posts\/140462","targetHints":{"allow":["GET"]}}],"collection":[{"href":"https:\/\/www.burgosdeporte.com\/index.php?rest_route=\/wp\/v2\/posts"}],"about":[{"href":"https:\/\/www.burgosdeporte.com\/index.php?rest_route=\/wp\/v2\/types\/post"}],"author":[{"embeddable":true,"href":"https:\/\/www.burgosdeporte.com\/index.php?rest_route=\/wp\/v2\/users\/10"}],"replies":[{"embeddable":true,"href":"https:\/\/www.burgosdeporte.com\/index.php?rest_route=%2Fwp%2Fv2%2Fcomments&post=140462"}],"version-history":[{"count":1,"href":"https:\/\/www.burgosdeporte.com\/index.php?rest_route=\/wp\/v2\/posts\/140462\/revisions"}],"predecessor-version":[{"id":140466,"href":"https:\/\/www.burgosdeporte.com\/index.php?rest_route=\/wp\/v2\/posts\/140462\/revisions\/140466"}],"wp:featuredmedia":[{"embeddable":true,"href":"https:\/\/www.burgosdeporte.com\/index.php?rest_route=\/wp\/v2\/media\/140467"}],"wp:attachment":[{"href":"https:\/\/www.burgosdeporte.com\/index.php?rest_route=%2Fwp%2Fv2%2Fmedia&parent=140462"}],"wp:term":[{"taxonomy":"category","embeddable":true,"href":"https:\/\/www.burgosdeporte.com\/index.php?rest_route=%2Fwp%2Fv2%2Fcategories&post=140462"},{"taxonomy":"post_tag","embeddable":true,"href":"https:\/\/www.burgosdeporte.com\/index.php?rest_route=%2Fwp%2Fv2%2Ftags&post=140462"}],"curies":[{"name":"wp","href":"https:\/\/api.w.org\/{rel}","templated":true}]}}