{"id":140408,"date":"2025-05-27T14:22:41","date_gmt":"2025-05-27T12:22:41","guid":{"rendered":"https:\/\/www.burgosdeporte.com\/?p=140408"},"modified":"2025-05-28T17:49:11","modified_gmt":"2025-05-28T15:49:11","slug":"el-burgos-burpellet-bh-encara-los-boucles-de-la-mayenne-en-francia","status":"publish","type":"post","link":"https:\/\/www.burgosdeporte.com\/?p=140408","title":{"rendered":"El Burgos Burpellet BH encara los Boucles de la Mayenne en Francia"},"content":{"rendered":"\n<p><strong><em>Por s\u00e9ptima vez el equipo morado disputar\u00e1 la carrera francesa que comenzar\u00e1 el jueves con un pr\u00f3logo en Laval, seguido de tres etapas con aroma a cl\u00e1sicas<\/em><\/strong><\/p>\n\n\n\n<p class=\"has-text-align-right\">(<em>Fotograf\u00eda: Rafa G\u00f3mez \/ Sprint Cycling Agency<\/em>)<\/p>\n\n\n<div class=\"wp-block-image\">\n<figure class=\"aligncenter size-full\"><a href=\"https:\/\/www.tandemgyd.com\/\" target=\"_blank\" rel=\" noreferrer noopener\"><img loading=\"lazy\" decoding=\"async\" width=\"200\" height=\"183\" src=\"https:\/\/www.burgosdeporte.com\/wp-content\/uploads\/2023\/09\/Logo_Tandem.jpg\" alt=\"\" class=\"wp-image-107992\" srcset=\"https:\/\/www.burgosdeporte.com\/wp-content\/uploads\/2023\/09\/Logo_Tandem.jpg 200w, https:\/\/www.burgosdeporte.com\/wp-content\/uploads\/2023\/09\/Logo_Tandem-150x137.jpg 150w\" sizes=\"auto, (max-width: 200px) 100vw, 200px\" \/><\/a><\/figure>\n<\/div>\n\n\n<p>La temporada ciclista del Burgos Burpellet BH continuar\u00e1 esta semana en Francia con una vuelta por etapas que los morados ya han disputado en seis ocasiones. Los Boucles de la Mayenne supondr\u00e1n una nueva oportunidad para los velocistas y clasic\u00f3manos en sus cuatro etapas, entre el jueves 29 de mayo y el domingo 1 de junio.<\/p>\n\n\n\n<p>Habr\u00e1 tres jornadas con final en circuitos o bucles locales, de ah\u00ed el nombre de la carrera, precedidas del ya tradicional pr\u00f3logo en Laval, decisivo de cara a la clasificaci\u00f3n general. Cl\u00e9ment Alleno fue el mejor del equipo burgal\u00e9s en 2024, acabando en la 21\u00aa posici\u00f3n.<\/p>\n\n\n\n<p>La carrera francesa comenzar\u00e1 este jueves 29 en Laval, la capital del departamento de Mayenne, con el pr\u00f3logo habitual de ediciones previas. Esta contrarreloj inicial de 5,4 kil\u00f3metros mantiene un trazado completamente urbano, con pocos cambios de desnivel y muy t\u00e9cnico. No ser\u00e1 una jornada sencilla para los especialistas, debido a la cantidad de curvas cerradas y las pocas rectas en las que rodar acoplado. El viernes tendr\u00e1 lugar la primera jornada en l\u00ednea de 166 kil\u00f3metros entre Saint-Berthevin y Juvign\u00e9. Ser\u00e1 una etapa relativamente llana con un circuito final al que se dar\u00e1n tres vueltas, ascendiendo en todas ellas la C\u00f4te du Pas de Pierre.<\/p>\n\n\n\n<p>La etapa del s\u00e1bado entre Sainte-Suzanne y Bais ser\u00e1 la m\u00e1s dura de la carrera y la de mayor extensi\u00f3n, con 210 kil\u00f3metros de recorrido. Los corredores deber\u00e1n ascender la C\u00f4te des Sources y el Mont du Feu antes de llegar al bucle final en torno a Bais. Ser\u00e1 el circuito final m\u00e1s largo de la carrera -26 kil\u00f3metros- y se dar\u00e1n cuatro vueltas, subiendo en ellas&nbsp;el Mont Rochard y Montaigu. El domingo 1 de junio concluir\u00e1n los Boucles de la Mayenne con una etapa de 163 kil\u00f3metros entre Javron-les-Chapelles y Laval. En esta ocasi\u00f3n los altos&nbsp;de monta\u00f1a estar\u00e1n ubicados antes del circuito final en Laval. Este \u00faltimo bucle de tan solo cinco kil\u00f3metros se repetir\u00e1 en cuatro ocasiones, antes de conocer al ganador final de la prueba.<br><br>El equipo del Burgos Burpellet BH lo componen sprinters y corredores de perfil clasic\u00f3mano que se desenvuelven bien en las peque\u00f1as cotas del recorrido. Como velocistas principales, los espa\u00f1oles Antonio Angulo y David Mart\u00edn pelear\u00e1n las volatas, escoltados por Cl\u00e9ment Alleno, \u00c1ngel Fuentes y Vojtech Km\u00ednek, que podr\u00edan buscar tambi\u00e9n las fugas. Completa la alineaci\u00f3n morada el joven Hugo de la Calle, que ya brill\u00f3 el pasado mes en Francia con una gran escapada en el Tro-Bro L\u00e9on.<\/p>\n","protected":false},"excerpt":{"rendered":"<p>Por s\u00e9ptima vez el equipo morado disputar\u00e1 la carrera francesa que comenzar\u00e1 el jueves con un pr\u00f3logo en Laval, seguido de tres etapas con aroma a cl\u00e1sicas (Fotograf\u00eda: Rafa G\u00f3mez \/ Sprint Cycling Agency) La temporada ciclista del Burgos Burpellet BH continuar\u00e1 esta semana en Francia con una vuelta por etapas que los morados ya [&hellip;]<\/p>\n","protected":false},"author":10,"featured_media":140409,"comment_status":"closed","ping_status":"closed","sticky":false,"template":"","format":"standard","meta":{"_monsterinsights_skip_tracking":false,"_monsterinsights_sitenote_active":false,"_monsterinsights_sitenote_note":"","_monsterinsights_sitenote_category":0,"footnotes":""},"categories":[63],"tags":[1553,11,64],"class_list":{"0":"post-140408","1":"post","2":"type-post","3":"status-publish","4":"format-standard","5":"has-post-thumbnail","7":"category-ciclismo","8":"tag-actualidad-2","9":"tag-burgosbh","10":"tag-ciclismo"},"views":48,"_links":{"self":[{"href":"https:\/\/www.burgosdeporte.com\/index.php?rest_route=\/wp\/v2\/posts\/140408","targetHints":{"allow":["GET"]}}],"collection":[{"href":"https:\/\/www.burgosdeporte.com\/index.php?rest_route=\/wp\/v2\/posts"}],"about":[{"href":"https:\/\/www.burgosdeporte.com\/index.php?rest_route=\/wp\/v2\/types\/post"}],"author":[{"embeddable":true,"href":"https:\/\/www.burgosdeporte.com\/index.php?rest_route=\/wp\/v2\/users\/10"}],"replies":[{"embeddable":true,"href":"https:\/\/www.burgosdeporte.com\/index.php?rest_route=%2Fwp%2Fv2%2Fcomments&post=140408"}],"version-history":[{"count":1,"href":"https:\/\/www.burgosdeporte.com\/index.php?rest_route=\/wp\/v2\/posts\/140408\/revisions"}],"predecessor-version":[{"id":140410,"href":"https:\/\/www.burgosdeporte.com\/index.php?rest_route=\/wp\/v2\/posts\/140408\/revisions\/140410"}],"wp:featuredmedia":[{"embeddable":true,"href":"https:\/\/www.burgosdeporte.com\/index.php?rest_route=\/wp\/v2\/media\/140409"}],"wp:attachment":[{"href":"https:\/\/www.burgosdeporte.com\/index.php?rest_route=%2Fwp%2Fv2%2Fmedia&parent=140408"}],"wp:term":[{"taxonomy":"category","embeddable":true,"href":"https:\/\/www.burgosdeporte.com\/index.php?rest_route=%2Fwp%2Fv2%2Fcategories&post=140408"},{"taxonomy":"post_tag","embeddable":true,"href":"https:\/\/www.burgosdeporte.com\/index.php?rest_route=%2Fwp%2Fv2%2Ftags&post=140408"}],"curies":[{"name":"wp","href":"https:\/\/api.w.org\/{rel}","templated":true}]}}