{"id":140382,"date":"2025-05-26T18:19:44","date_gmt":"2025-05-26T16:19:44","guid":{"rendered":"https:\/\/www.burgosdeporte.com\/?p=140382"},"modified":"2025-05-27T14:24:28","modified_gmt":"2025-05-27T12:24:28","slug":"burgos-acogera-el-primer-campeonato-de-gravel-de-espana-uci","status":"publish","type":"post","link":"https:\/\/www.burgosdeporte.com\/?p=140382","title":{"rendered":"Burgos acoger\u00e1 el primer campeonato de gravel de Espa\u00f1a UCI"},"content":{"rendered":"\n<p><strong><em>El recorrido de la prueba discurrir\u00e1 por parajes emblem\u00e1ticos del Parque Natural Sabinares del Arlanza y el desfiladero de La Yecla<\/em><\/strong><\/p>\n\n\n\n<p class=\"has-text-align-right\">(<em>Fotograf\u00eda: BurgosNoticias<\/em>)<\/p>\n\n\n<div class=\"wp-block-image\">\n<figure class=\"aligncenter size-full\"><a href=\"https:\/\/felixrubio.es\/\" target=\"_blank\" rel=\" noreferrer noopener\"><img loading=\"lazy\" decoding=\"async\" width=\"300\" height=\"90\" src=\"https:\/\/www.burgosdeporte.com\/wp-content\/uploads\/2023\/10\/Felix_rubio_2.gif\" alt=\"\" class=\"wp-image-108903\"\/><\/a><\/figure>\n<\/div>\n\n\n<p>Burgos ser\u00e1 sede del primer campeonato de gravel de Espa\u00f1a incluido en el calendario internacional de la Uni\u00f3n Ciclista Internacional (UCI). La prueba, conocida como &#8216;The Bandit&#8217;, se celebrar\u00e1 el pr\u00f3ximo 1 de junio y tendr\u00e1 como punto de salida y llegada la localidad de Santo Domingo de Silos.<\/p>\n\n\n\n<p>La directora t\u00e9cnica del evento, Yolanda Mart\u00edn, ha detallado que habr\u00e1 dos modalidades: la profesional, &#8216;The Bandit&#8217;, con 111 kil\u00f3metros y 1.800 metros de desnivel positivo; y la amateur, &#8216;The Little Bandit&#8217;, con 60 kil\u00f3metros y 1.100 metros de desnivel.<\/p>\n\n\n\n<p>Adem\u00e1s, Mart\u00edn ha confirmado la participaci\u00f3n del vigente campe\u00f3n de Espa\u00f1a, Kevin Su\u00e1rez, junto a varios de los ciclistas que integraron el top 10 nacional en 2024.<\/p>\n\n\n\n<p>El campeonato reunir\u00e1 este fin de semana a cientos de participantes y cerca de 200 ciclistas, que llenar\u00e1n de actividad varios pueblos de la provincia. Las inscripciones permanecer\u00e1n abiertas hasta este mi\u00e9rcoles.<\/p>\n","protected":false},"excerpt":{"rendered":"<p>El recorrido de la prueba discurrir\u00e1 por parajes emblem\u00e1ticos del Parque Natural Sabinares del Arlanza y el desfiladero de La Yecla (Fotograf\u00eda: BurgosNoticias) Burgos ser\u00e1 sede del primer campeonato de gravel de Espa\u00f1a incluido en el calendario internacional de la Uni\u00f3n Ciclista Internacional (UCI). La prueba, conocida como &#8216;The Bandit&#8217;, se celebrar\u00e1 el pr\u00f3ximo 1 [&hellip;]<\/p>\n","protected":false},"author":9,"featured_media":140384,"comment_status":"closed","ping_status":"closed","sticky":false,"template":"","format":"standard","meta":{"_monsterinsights_skip_tracking":false,"_monsterinsights_sitenote_active":false,"_monsterinsights_sitenote_note":"","_monsterinsights_sitenote_category":0,"footnotes":""},"categories":[63],"tags":[1553,2408,64],"class_list":{"0":"post-140382","1":"post","2":"type-post","3":"status-publish","4":"format-standard","5":"has-post-thumbnail","7":"category-ciclismo","8":"tag-actualidad-2","9":"tag-campeonatonacionaldegravel","10":"tag-ciclismo"},"views":163,"_links":{"self":[{"href":"https:\/\/www.burgosdeporte.com\/index.php?rest_route=\/wp\/v2\/posts\/140382","targetHints":{"allow":["GET"]}}],"collection":[{"href":"https:\/\/www.burgosdeporte.com\/index.php?rest_route=\/wp\/v2\/posts"}],"about":[{"href":"https:\/\/www.burgosdeporte.com\/index.php?rest_route=\/wp\/v2\/types\/post"}],"author":[{"embeddable":true,"href":"https:\/\/www.burgosdeporte.com\/index.php?rest_route=\/wp\/v2\/users\/9"}],"replies":[{"embeddable":true,"href":"https:\/\/www.burgosdeporte.com\/index.php?rest_route=%2Fwp%2Fv2%2Fcomments&post=140382"}],"version-history":[{"count":1,"href":"https:\/\/www.burgosdeporte.com\/index.php?rest_route=\/wp\/v2\/posts\/140382\/revisions"}],"predecessor-version":[{"id":140385,"href":"https:\/\/www.burgosdeporte.com\/index.php?rest_route=\/wp\/v2\/posts\/140382\/revisions\/140385"}],"wp:featuredmedia":[{"embeddable":true,"href":"https:\/\/www.burgosdeporte.com\/index.php?rest_route=\/wp\/v2\/media\/140384"}],"wp:attachment":[{"href":"https:\/\/www.burgosdeporte.com\/index.php?rest_route=%2Fwp%2Fv2%2Fmedia&parent=140382"}],"wp:term":[{"taxonomy":"category","embeddable":true,"href":"https:\/\/www.burgosdeporte.com\/index.php?rest_route=%2Fwp%2Fv2%2Fcategories&post=140382"},{"taxonomy":"post_tag","embeddable":true,"href":"https:\/\/www.burgosdeporte.com\/index.php?rest_route=%2Fwp%2Fv2%2Ftags&post=140382"}],"curies":[{"name":"wp","href":"https:\/\/api.w.org\/{rel}","templated":true}]}}