{"id":140378,"date":"2025-05-26T14:31:46","date_gmt":"2025-05-26T12:31:46","guid":{"rendered":"https:\/\/www.burgosdeporte.com\/?p=140378"},"modified":"2025-05-27T14:24:44","modified_gmt":"2025-05-27T12:24:44","slug":"quinta-posicion-de-sergio-chumil-en-el-gran-premio-beiras-e-serra-da-estrela","status":"publish","type":"post","link":"https:\/\/www.burgosdeporte.com\/?p=140378","title":{"rendered":"Quinta posici\u00f3n de Sergio Chumil en el Gran Premio Beiras e Serra da Estrela"},"content":{"rendered":"\n<p><strong><em>El guatemalteco del Burgos Burpellet BH aguant\u00f3 con las m\u00e1s fuertes en la subida a Torre, Angulo fue protagonista desde la fuga y Delgado, Fern\u00e1ndez y D\u00edaz Gallego acabaron tambi\u00e9n en el top-15 de la etapa reina<\/em><\/strong><\/p>\n\n\n\n<p class=\"has-text-align-right\">(<em>Fotograf\u00eda: Igor Martins \/ GP Beiras e Serra da Estrela<\/em>)<\/p>\n\n\n<div class=\"wp-block-image\">\n<figure class=\"aligncenter size-full\"><a href=\"https:\/\/www.tandemgyd.com\/\" target=\"_blank\" rel=\" noreferrer noopener\"><img loading=\"lazy\" decoding=\"async\" width=\"200\" height=\"183\" src=\"https:\/\/www.burgosdeporte.com\/wp-content\/uploads\/2023\/09\/Logo_Tandem.jpg\" alt=\"\" class=\"wp-image-107992\" srcset=\"https:\/\/www.burgosdeporte.com\/wp-content\/uploads\/2023\/09\/Logo_Tandem.jpg 200w, https:\/\/www.burgosdeporte.com\/wp-content\/uploads\/2023\/09\/Logo_Tandem-150x137.jpg 150w\" sizes=\"auto, (max-width: 200px) 100vw, 200px\" \/><\/a><\/figure>\n<\/div>\n\n\n<p>El Burgos Burpellet BH firm\u00f3 una notable actuaci\u00f3n en la etapa reina del Gran Premio Beiras e Serra da Estrela. La subida a Torre, el puerto de monta\u00f1a m\u00e1s duro de Portugal, decidi\u00f3 la carrera y Sergio Chumil aguant\u00f3 entre los m\u00e1s fuertes, peleando por el podio hasta el final. El guatemalteco qued\u00f3 en un segundo grupo de carrera una vez se desataron las hostilidades entre los favoritos y lleg\u00f3 a Seia en quinta posici\u00f3n. Sus compa\u00f1eros David Delgado (10\u00ba), Sinuh\u00e9 Fern\u00e1ndez (11\u00ba) y Jos\u00e9 Manuel D\u00edaz (13\u00ba) acabaron tambi\u00e9n en los puestos delanteros, mientras que Antonio Angulo fue protagonista desde la fuga en la primera mitad de la carrera.<\/p>\n\n\n\n<p>Las dos primeras jornadas de la carrera portuguesa se resolvieron al sprint, con protagonismo en ambas ocasiones para Antonio Angulo. El c\u00e1ntabro fue octavo en la llegada a Penamacor y quinto un d\u00eda despu\u00e9s en Celorico da Beira, ambas llegadas en ascenso, con firme incluso adoquinado en la segunda de ellas. Los hombres de la general del Burgos Burpellet BH \u2013Jos\u00e9 Manuel D\u00edaz, Mario Aparicio y Sergio Chumil- terminaban las dos etapas en el pelot\u00f3n principal, manteniendo sus opciones de cara a la general.<\/p>\n\n\n\n<p>Tambi\u00e9n fue protagonista en la segunda jornada el asturiano Sinuh\u00e9 Fern\u00e1ndez, que realiz\u00f3 dos ataques peligrosos en los kil\u00f3metros finales intentando sorprender a los velocistas. Los morados se lanzar\u00edan igualmente a la ofensiva en la etapa final entre entre Pinhel y Seia. Antonio Angulo, quinto en la general, lograba entrar en una fuga de hasta diez ciclistas que se form\u00f3 tras m\u00e1s de una hora de ataques y mucha pelea en el pelot\u00f3n. Por delante tendr\u00eda dos duros ascensos a Penhas Douradas y Torre. Esta \u00faltima subida, de 20 kil\u00f3metros y coronada a casi 2000 metros de altitud, ser\u00eda el juez de la carrera.<br><br>Antonio Angulo gan\u00f3 los dos sprints bonificados de Gouveia y Teixoso, antes de ser alcanzado por el pelot\u00f3n en el \u00faltimo puerto del d\u00eda. No tard\u00f3 en romperse la carrera en esta larga ascensi\u00f3n y tres corredores se marcharon por delante. En un primer grupo perseguidor aguantaron Chumil y Delgado, mientras D\u00edaz Gallego y Sinuh\u00e9 marchaban en el siguiente grupo junto al maillot amarillo. Las diferencias comenzaron a abrirse y la situaci\u00f3n de carrera no cambi\u00f3 en la bajada posterior, con el guatemalteco peleando por el tercer puesto del podio.<\/p>\n\n\n\n<p>En el peque\u00f1o repecho final en Seia, Chumil logr\u00f3 acabar quinto y termin\u00f3 la carrera en la misma posici\u00f3n en la clasificaci\u00f3n general. Hasta cuatro morados finalizaron en el top-15 de la etapa, situando al Burgos Burpellet BH segundo en la clasificaci\u00f3n por equipos. Un positivo regreso a la competici\u00f3n que tendr\u00e1 continuidad para los burgaleses con m\u00e1s vueltas por etapas en las pr\u00f3ximas semanas. El UCI ProTeam cerrar\u00e1 mayo corriendo los Boucles de la Mayenne en Francia y comenzar\u00e1 junio debutando en el Tour de Eslovenia.<\/p>\n","protected":false},"excerpt":{"rendered":"<p>El guatemalteco del Burgos Burpellet BH aguant\u00f3 con las m\u00e1s fuertes en la subida a Torre, Angulo fue protagonista desde la fuga y Delgado, Fern\u00e1ndez y D\u00edaz Gallego acabaron tambi\u00e9n en el top-15 de la etapa reina (Fotograf\u00eda: Igor Martins \/ GP Beiras e Serra da Estrela) El Burgos Burpellet BH firm\u00f3 una notable actuaci\u00f3n [&hellip;]<\/p>\n","protected":false},"author":10,"featured_media":140379,"comment_status":"closed","ping_status":"closed","sticky":false,"template":"","format":"standard","meta":{"_monsterinsights_skip_tracking":false,"_monsterinsights_sitenote_active":false,"_monsterinsights_sitenote_note":"","_monsterinsights_sitenote_category":0,"footnotes":""},"categories":[63],"tags":[1553,11,64],"class_list":{"0":"post-140378","1":"post","2":"type-post","3":"status-publish","4":"format-standard","5":"has-post-thumbnail","7":"category-ciclismo","8":"tag-actualidad-2","9":"tag-burgosbh","10":"tag-ciclismo"},"views":101,"_links":{"self":[{"href":"https:\/\/www.burgosdeporte.com\/index.php?rest_route=\/wp\/v2\/posts\/140378","targetHints":{"allow":["GET"]}}],"collection":[{"href":"https:\/\/www.burgosdeporte.com\/index.php?rest_route=\/wp\/v2\/posts"}],"about":[{"href":"https:\/\/www.burgosdeporte.com\/index.php?rest_route=\/wp\/v2\/types\/post"}],"author":[{"embeddable":true,"href":"https:\/\/www.burgosdeporte.com\/index.php?rest_route=\/wp\/v2\/users\/10"}],"replies":[{"embeddable":true,"href":"https:\/\/www.burgosdeporte.com\/index.php?rest_route=%2Fwp%2Fv2%2Fcomments&post=140378"}],"version-history":[{"count":1,"href":"https:\/\/www.burgosdeporte.com\/index.php?rest_route=\/wp\/v2\/posts\/140378\/revisions"}],"predecessor-version":[{"id":140380,"href":"https:\/\/www.burgosdeporte.com\/index.php?rest_route=\/wp\/v2\/posts\/140378\/revisions\/140380"}],"wp:featuredmedia":[{"embeddable":true,"href":"https:\/\/www.burgosdeporte.com\/index.php?rest_route=\/wp\/v2\/media\/140379"}],"wp:attachment":[{"href":"https:\/\/www.burgosdeporte.com\/index.php?rest_route=%2Fwp%2Fv2%2Fmedia&parent=140378"}],"wp:term":[{"taxonomy":"category","embeddable":true,"href":"https:\/\/www.burgosdeporte.com\/index.php?rest_route=%2Fwp%2Fv2%2Fcategories&post=140378"},{"taxonomy":"post_tag","embeddable":true,"href":"https:\/\/www.burgosdeporte.com\/index.php?rest_route=%2Fwp%2Fv2%2Ftags&post=140378"}],"curies":[{"name":"wp","href":"https:\/\/api.w.org\/{rel}","templated":true}]}}