{"id":140332,"date":"2025-05-25T23:28:15","date_gmt":"2025-05-25T21:28:15","guid":{"rendered":"https:\/\/www.burgosdeporte.com\/?p=140332"},"modified":"2025-05-26T14:33:59","modified_gmt":"2025-05-26T12:33:59","slug":"marlen-reusser-gana-la-vuelta-a-burgos-femenina-2025","status":"publish","type":"post","link":"https:\/\/www.burgosdeporte.com\/?p=140332","title":{"rendered":"Marlen Reusser gana la Vuelta a Burgos Femenina 2025"},"content":{"rendered":"\n<h2 class=\"wp-block-heading\">La corredora suiza hizo una gran contrarreloj que la permiti\u00f3 auparse al primer puesto de la clasificaci\u00f3n general en la \u00faltima etapa. <\/h2>\n\n\n<div class=\"wp-block-image\">\n<figure class=\"aligncenter size-full\"><img loading=\"lazy\" decoding=\"async\" width=\"300\" height=\"90\" src=\"https:\/\/www.burgosdeporte.com\/wp-content\/uploads\/2023\/10\/Felix_rubio_2.gif\" alt=\"\" class=\"wp-image-108903\"\/><\/figure>\n<\/div>\n\n\n<p>La ciclista suiza\u00a0Marlen Reusser, del\u00a0Movistar Team, se coron\u00f3 como\u00a0campeona\u00a0de la\u00a0Vuelta a Burgos Femenina 2025\u00a0gracias a una espectacular actuaci\u00f3n en la cuarta y \u00faltima etapa, una\u00a0contrarreloj\u00a0individual de 9,4 kil\u00f3metros disputada entre Villasana de Mena y Lezana.<\/p>\n\n\n\n<figure class=\"wp-block-image size-full\"><img loading=\"lazy\" decoding=\"async\" width=\"1000\" height=\"699\" src=\"https:\/\/www.burgosdeporte.com\/wp-content\/uploads\/2025\/05\/fem-cuarta-etapa-1.jpg\" alt=\"\" class=\"wp-image-140340\" srcset=\"https:\/\/www.burgosdeporte.com\/wp-content\/uploads\/2025\/05\/fem-cuarta-etapa-1.jpg 1000w, https:\/\/www.burgosdeporte.com\/wp-content\/uploads\/2025\/05\/fem-cuarta-etapa-1-300x210.jpg 300w, https:\/\/www.burgosdeporte.com\/wp-content\/uploads\/2025\/05\/fem-cuarta-etapa-1-768x537.jpg 768w, https:\/\/www.burgosdeporte.com\/wp-content\/uploads\/2025\/05\/fem-cuarta-etapa-1-150x105.jpg 150w, https:\/\/www.burgosdeporte.com\/wp-content\/uploads\/2025\/05\/fem-cuarta-etapa-1-696x487.jpg 696w, https:\/\/www.burgosdeporte.com\/wp-content\/uploads\/2025\/05\/fem-cuarta-etapa-1-100x70.jpg 100w\" sizes=\"auto, (max-width: 1000px) 100vw, 1000px\" \/><figcaption class=\"wp-element-caption\">Foto: Ricardo Ord\u00f3\u00f1ez\/Diputaci\u00f3n de Burgos. <\/figcaption><\/figure>\n\n\n\n<p>Reusser, especialista en la lucha contra el crono, vol\u00f3 sobre el asfalto burgal\u00e9s para detener el reloj en 12 minutos y 51 segundos, superando a la francesa Juliette Labous (FDJ), que marc\u00f3 un tiempo de 12:57, y a la italiana Elisa Longo Borghini (UAE Team ADQ), que finaliz\u00f3 tercera con 12:59. Las tres fueron las \u00fanicas corredoras capaces de bajar de los 13 minutos en una jornada marcada por la tensi\u00f3n y el alto nivel competitivo.<\/p>\n\n\n\n<figure class=\"wp-block-image size-full\"><img loading=\"lazy\" decoding=\"async\" width=\"900\" height=\"570\" src=\"https:\/\/www.burgosdeporte.com\/wp-content\/uploads\/2025\/05\/fem-cuarta-etapa-9.bmp\" alt=\"\" class=\"wp-image-140333\"\/><figcaption class=\"wp-element-caption\">Foto: Ricardo Ord\u00f3\u00f1ez\/Diputaci\u00f3n de Burgos. <\/figcaption><\/figure>\n\n\n\n<p>Durante la etapa, varias ciclistas marcaron tiempos destacados. Rebecca Koerner (Uno-X Mobility) fue la primera en romper la barrera de los 14 minutos, con un crono de 13:24. Le siguieron Jane Zoe Backstedt (Canyon), quien mejor\u00f3 con 13:05, y posteriormente Lotte Kopecky (SD Worx), que se puso l\u00edder provisional con 13:03. Sin embargo, ni ella ni la noruega Mie Ottestad (Uno-X), que hizo 13:01, lograron mantener el liderato ante el empuje final de Labous y, finalmente, de una imbatible Reusser.<\/p>\n\n\n\n<figure class=\"wp-block-image size-full\"><img loading=\"lazy\" decoding=\"async\" width=\"1000\" height=\"642\" src=\"https:\/\/www.burgosdeporte.com\/wp-content\/uploads\/2025\/05\/fem-cuarta-etapa-3.jpg\" alt=\"\" class=\"wp-image-140338\" srcset=\"https:\/\/www.burgosdeporte.com\/wp-content\/uploads\/2025\/05\/fem-cuarta-etapa-3.jpg 1000w, https:\/\/www.burgosdeporte.com\/wp-content\/uploads\/2025\/05\/fem-cuarta-etapa-3-300x193.jpg 300w, https:\/\/www.burgosdeporte.com\/wp-content\/uploads\/2025\/05\/fem-cuarta-etapa-3-768x493.jpg 768w, https:\/\/www.burgosdeporte.com\/wp-content\/uploads\/2025\/05\/fem-cuarta-etapa-3-150x96.jpg 150w, https:\/\/www.burgosdeporte.com\/wp-content\/uploads\/2025\/05\/fem-cuarta-etapa-3-696x447.jpg 696w\" sizes=\"auto, (max-width: 1000px) 100vw, 1000px\" \/><figcaption class=\"wp-element-caption\">Foto: Ricardo Ord\u00f3\u00f1ez\/Diputaci\u00f3n de Burgos. <\/figcaption><\/figure>\n\n\n\n<p><strong>CLASIFICACI\u00d3N DE LA ETAPA<\/strong><\/p>\n\n\n\n<p>1\u00ba 55 REUSSER, Marlen MOV 12:51<br>2\u00ba 4 LABOUS, Juliette TFS a 6<br>3\u00ba 61 LONGO BORGHINI, Elisa UAD a 8<br>4\u00ba 114 OTTESTAD, Mie Bj\u00f8rndal UXM a 10<br>5\u00ba 11 KOPECKY, Lotte SDW a 12<br>6\u00ba 32 BACKSTEDT, Jane Zoe CSZ a 14<br>7\u00ba 111 AALERUD, Katrine UXM a 20<br>8\u00ba 16 WIEBES, Lorena SDW a 28<br>9\u00ba 91 KOCH, Franziska TPP a 28<br>10\u00ba 6 WOLLASTON, Ally Mar\u00e9e TFS a 32<\/p>\n\n\n\n<p><strong>CLASIFICACI\u00d3N GENERAL <\/strong><br><br>1\u00ba 55 REUSSER, Marlen MOV 9:25:40<br>2\u00ba 61 LONGO BORGHINI, Elisa UAD a 1:51<br>3\u00ba 71 KASTELIJN, Yara FDC a 1:58<br>4\u00ba 26 SPRATT, Amanda LTK a 2:46<br>5\u00ba 4 LABOUS, Juliette TFS a 2:47<br>6\u00ba 1 CHABBEY, Elise TFS a 3:12<br>7\u00ba 114 OTTESTAD, Mie Bj\u00f8rndal UXM a 3:14<br>8\u00ba 171 CAVALLAR, Valentina ARK a 3:27<br>9\u00ba 103 MALCOTTI, Barbara HPH a 3:47<br>10\u00ba 111 AALERUD, Katrine UXM a 4:23<\/p>\n\n\n\n<h4 class=\"wp-block-heading\"><strong>Declaraciones de Marlen Reusser<\/strong><a href=\"https:\/\/www.vueltaburgos.com\/feminas\/wp-content\/uploads\/2023\/05\/IMG-20250525-WA0032.jpg\" target=\"_blank\" rel=\"noopener\"><\/a><\/h4>\n\n\n\n<p id=\"caption-attachment-9441\"><strong>Ayer nos comentaste que llevabas dos a\u00f1os sin una contrarreloj, pero hoy has estado impresionante\u2026 \u00bfQu\u00e9 nos puedes contar al respecto?\u00a0<\/strong> S\u00ed, hoy fue un buen d\u00eda, porque me sent\u00ed bien y adem\u00e1s esta contrarreloj es realmente buena. Es corta, 9 km, y fue muy interesante por su aspecto t\u00e9cnico. Fue una remontada muy buena en la contrarreloj individual.<\/p>\n\n\n\n<p><strong>El paisaje es uno de los puntos fuertes de esta etapa \u00bfQu\u00e9 tal, lo disfrutaste?<\/strong>&nbsp;No, claro que no. No se ve nada. Podr\u00eda ser donde sea. No veo nada, solo mi atenci\u00f3n en el camino que tengo por delante. Pero en el reconocimiento, o cuando vinimos en autob\u00fas, por supuesto, tenemos a Sara Martin, ella es de aqu\u00ed, y me encanta esta zona, es preciosa, as\u00ed que, por supuesto, disfrut\u00e9 de las vistas.<\/p>\n\n\n\n<p><strong>Esta d\u00e9cima edici\u00f3n ha terminado y t\u00fa eres la ganadora \u00bfQu\u00e9 tal ha ido la Vuelta a Burgos en conjunto para ti?<\/strong>&nbsp;Fue muy bonita. O sea, vinimos con la idea de que yo pod\u00eda ganar la general, pero que fuera tan claro, no lo sab\u00edamos ni lo esper\u00e1bamos, as\u00ed que, claro, estamos s\u00faper contentos. Creo que mostr\u00e9 una buena forma, pero tambi\u00e9n todo el equipo hizo un gran trabajo en la carrera. Tambi\u00e9n, por ejemplo, hoy, ya sabes, hago una contrarreloj individual, pero la preparaci\u00f3n y el apoyo es un gran equipo detr\u00e1s, como que hacen muchas cosas y lo hacen muy bien, as\u00ed que realmente pude concentrarme muy bien&nbsp;en&nbsp;mi&nbsp;tarea<\/p>\n","protected":false},"excerpt":{"rendered":"<p>La corredora suiza hizo una gran contrarreloj que la permiti\u00f3 auparse al primer puesto de la clasificaci\u00f3n general en la \u00faltima etapa. La ciclista suiza\u00a0Marlen Reusser, del\u00a0Movistar Team, se coron\u00f3 como\u00a0campeona\u00a0de la\u00a0Vuelta a Burgos Femenina 2025\u00a0gracias a una espectacular actuaci\u00f3n en la cuarta y \u00faltima etapa, una\u00a0contrarreloj\u00a0individual de 9,4 kil\u00f3metros disputada entre Villasana de Mena [&hellip;]<\/p>\n","protected":false},"author":10,"featured_media":140334,"comment_status":"closed","ping_status":"closed","sticky":false,"template":"","format":"standard","meta":{"_monsterinsights_skip_tracking":false,"_monsterinsights_sitenote_active":false,"_monsterinsights_sitenote_note":"","_monsterinsights_sitenote_category":0,"footnotes":""},"categories":[63],"tags":[1553,266,458],"class_list":{"0":"post-140332","1":"post","2":"type-post","3":"status-publish","4":"format-standard","5":"has-post-thumbnail","7":"category-ciclismo","8":"tag-actualidad-2","9":"tag-idjburgos","10":"tag-vueltaaburgosfemenina"},"views":110,"_links":{"self":[{"href":"https:\/\/www.burgosdeporte.com\/index.php?rest_route=\/wp\/v2\/posts\/140332","targetHints":{"allow":["GET"]}}],"collection":[{"href":"https:\/\/www.burgosdeporte.com\/index.php?rest_route=\/wp\/v2\/posts"}],"about":[{"href":"https:\/\/www.burgosdeporte.com\/index.php?rest_route=\/wp\/v2\/types\/post"}],"author":[{"embeddable":true,"href":"https:\/\/www.burgosdeporte.com\/index.php?rest_route=\/wp\/v2\/users\/10"}],"replies":[{"embeddable":true,"href":"https:\/\/www.burgosdeporte.com\/index.php?rest_route=%2Fwp%2Fv2%2Fcomments&post=140332"}],"version-history":[{"count":1,"href":"https:\/\/www.burgosdeporte.com\/index.php?rest_route=\/wp\/v2\/posts\/140332\/revisions"}],"predecessor-version":[{"id":140341,"href":"https:\/\/www.burgosdeporte.com\/index.php?rest_route=\/wp\/v2\/posts\/140332\/revisions\/140341"}],"wp:featuredmedia":[{"embeddable":true,"href":"https:\/\/www.burgosdeporte.com\/index.php?rest_route=\/wp\/v2\/media\/140334"}],"wp:attachment":[{"href":"https:\/\/www.burgosdeporte.com\/index.php?rest_route=%2Fwp%2Fv2%2Fmedia&parent=140332"}],"wp:term":[{"taxonomy":"category","embeddable":true,"href":"https:\/\/www.burgosdeporte.com\/index.php?rest_route=%2Fwp%2Fv2%2Fcategories&post=140332"},{"taxonomy":"post_tag","embeddable":true,"href":"https:\/\/www.burgosdeporte.com\/index.php?rest_route=%2Fwp%2Fv2%2Ftags&post=140332"}],"curies":[{"name":"wp","href":"https:\/\/api.w.org\/{rel}","templated":true}]}}