{"id":140095,"date":"2025-05-23T17:17:50","date_gmt":"2025-05-23T15:17:50","guid":{"rendered":"https:\/\/www.burgosdeporte.com\/?p=140095"},"modified":"2025-05-24T17:29:40","modified_gmt":"2025-05-24T15:29:40","slug":"mie-ottestad-se-pone-lider-en-roa-tras-la-segunda-etapa","status":"publish","type":"post","link":"https:\/\/www.burgosdeporte.com\/?p=140095","title":{"rendered":"Mie Ottestad se pone l\u00edder en Roa tras la segunda etapa"},"content":{"rendered":"\n<h2 class=\"wp-block-heading\"><strong>La campeona de Noruega se impuso al sprint sobre Marlen Reusser en la meta de Roa, por delante de Lorena Wiebes que fue tercera.<\/strong><\/h2>\n\n\n<div class=\"wp-block-image\">\n<figure class=\"aligncenter size-large is-resized\"><img loading=\"lazy\" decoding=\"async\" width=\"819\" height=\"1024\" src=\"https:\/\/www.burgosdeporte.com\/wp-content\/uploads\/2025\/04\/RRSS_CARRUSEL1-INSTAGRAM-1080X1350-819x1024.png\" alt=\"\" class=\"wp-image-137712\" style=\"width:245px;height:auto\" srcset=\"https:\/\/www.burgosdeporte.com\/wp-content\/uploads\/2025\/04\/RRSS_CARRUSEL1-INSTAGRAM-1080X1350-819x1024.png 819w, https:\/\/www.burgosdeporte.com\/wp-content\/uploads\/2025\/04\/RRSS_CARRUSEL1-INSTAGRAM-1080X1350-240x300.png 240w, https:\/\/www.burgosdeporte.com\/wp-content\/uploads\/2025\/04\/RRSS_CARRUSEL1-INSTAGRAM-1080X1350-768x960.png 768w, https:\/\/www.burgosdeporte.com\/wp-content\/uploads\/2025\/04\/RRSS_CARRUSEL1-INSTAGRAM-1080X1350-150x188.png 150w, https:\/\/www.burgosdeporte.com\/wp-content\/uploads\/2025\/04\/RRSS_CARRUSEL1-INSTAGRAM-1080X1350-300x375.png 300w, https:\/\/www.burgosdeporte.com\/wp-content\/uploads\/2025\/04\/RRSS_CARRUSEL1-INSTAGRAM-1080X1350-696x870.png 696w, https:\/\/www.burgosdeporte.com\/wp-content\/uploads\/2025\/04\/RRSS_CARRUSEL1-INSTAGRAM-1080X1350-1068x1335.png 1068w, https:\/\/www.burgosdeporte.com\/wp-content\/uploads\/2025\/04\/RRSS_CARRUSEL1-INSTAGRAM-1080X1350.png 1080w\" sizes=\"auto, (max-width: 819px) 100vw, 819px\" \/><\/figure>\n<\/div>\n\n\n<p>La noruega Mie Ottestad firm\u00f3 una gesta que quedar\u00e1 para la historia de la Vuelta a Burgos Femenina. La campeona de Noruega, del Uno-X Mobility, se impuso en un fren\u00e9tico sprint sobre Marlen Reusser (Movistar) en la meta de Roa, capital vin\u00edcola, por delante de Lorena Wiebes que fue tercera. La corredora del UnoX Mobility es la nueva l\u00edder.<\/p>\n\n\n\n<figure class=\"wp-block-image size-full\"><img loading=\"lazy\" decoding=\"async\" width=\"1000\" height=\"547\" src=\"https:\/\/www.burgosdeporte.com\/wp-content\/uploads\/2025\/05\/fem-segunda-etapa-1.jpg\" alt=\"\" class=\"wp-image-140107\" srcset=\"https:\/\/www.burgosdeporte.com\/wp-content\/uploads\/2025\/05\/fem-segunda-etapa-1.jpg 1000w, https:\/\/www.burgosdeporte.com\/wp-content\/uploads\/2025\/05\/fem-segunda-etapa-1-300x164.jpg 300w, https:\/\/www.burgosdeporte.com\/wp-content\/uploads\/2025\/05\/fem-segunda-etapa-1-768x420.jpg 768w, https:\/\/www.burgosdeporte.com\/wp-content\/uploads\/2025\/05\/fem-segunda-etapa-1-150x82.jpg 150w, https:\/\/www.burgosdeporte.com\/wp-content\/uploads\/2025\/05\/fem-segunda-etapa-1-696x381.jpg 696w\" sizes=\"auto, (max-width: 1000px) 100vw, 1000px\" \/><figcaption class=\"wp-element-caption\">Foto: Ricardo Ord\u00f3\u00f1ez\/Diputaci\u00f3n Burgos<\/figcaption><\/figure>\n\n\n\n<p>La segunda etapa arranc\u00f3 en Villalba de Duero, desde all\u00ed, las ciclistas rodaron entre vi\u00f1edos centenarios y no fue en el kil\u00f3metro 12 cuando Alzate (EIC) y Cagnazzo (BPK) decidieron desafiar al pelot\u00f3n, lanz\u00e1ndose en una fuga que alcanz\u00f3 los tres minutos de ventaja. Pero la calma no ser\u00eda eterna. A medida que se acercaban al primer paso por Roa, el viento de la Ribera comenz\u00f3 a soplar con fuerza. El pelot\u00f3n se agit\u00f3 a falta de 40 kil\u00f3metros, y con \u00e9l, las estrategias.<\/p>\n\n\n\n<figure class=\"wp-block-image size-full\"><img loading=\"lazy\" decoding=\"async\" width=\"1000\" height=\"536\" src=\"https:\/\/www.burgosdeporte.com\/wp-content\/uploads\/2025\/05\/fem-segunda-etapa-3.jpg\" alt=\"\" class=\"wp-image-140105\" srcset=\"https:\/\/www.burgosdeporte.com\/wp-content\/uploads\/2025\/05\/fem-segunda-etapa-3.jpg 1000w, https:\/\/www.burgosdeporte.com\/wp-content\/uploads\/2025\/05\/fem-segunda-etapa-3-300x161.jpg 300w, https:\/\/www.burgosdeporte.com\/wp-content\/uploads\/2025\/05\/fem-segunda-etapa-3-768x412.jpg 768w, https:\/\/www.burgosdeporte.com\/wp-content\/uploads\/2025\/05\/fem-segunda-etapa-3-150x80.jpg 150w, https:\/\/www.burgosdeporte.com\/wp-content\/uploads\/2025\/05\/fem-segunda-etapa-3-696x373.jpg 696w\" sizes=\"auto, (max-width: 1000px) 100vw, 1000px\" \/><figcaption class=\"wp-element-caption\">Foto: Ricardo Ord\u00f3\u00f1ez\/Diputaci\u00f3n Burgos<\/figcaption><\/figure>\n\n\n\n<p>Una ca\u00edda a 31 kil\u00f3metros de la meta dividi\u00f3 el grupo en dos. UAE Team ADQ oli\u00f3 la sangre y puso ritmo infernal para dejar descolgada a una Lotte Kopecky que pedaleaba sola entre las rectas abiertas y castigadoras.<\/p>\n\n\n\n<p>El Alto de Cerca Peseta sirvi\u00f3 de catalizador para el caos. Paula Blasi encendi\u00f3 la mecha y Elisa Longo Borghini hizo estallar la etapa con un ataque brutal que limpi\u00f3 de sprinters el grupo delantero. La italiana se lanz\u00f3 en busca de la gloria, pero su ambici\u00f3n no fue demasiado lejos, y pronto pag\u00f3 el precio.<a href=\"https:\/\/www.vueltaburgos.com\/feminas\/wp-content\/uploads\/2023\/05\/IMG-20250523-WA0053.jpg\" target=\"_blank\" rel=\"noopener\"><\/a><\/p>\n\n\n\n<figure class=\"wp-block-image size-full\"><img loading=\"lazy\" decoding=\"async\" width=\"1000\" height=\"643\" src=\"https:\/\/www.burgosdeporte.com\/wp-content\/uploads\/2025\/05\/fem-segunda-etapa-2.jpg\" alt=\"\" class=\"wp-image-140106\" srcset=\"https:\/\/www.burgosdeporte.com\/wp-content\/uploads\/2025\/05\/fem-segunda-etapa-2.jpg 1000w, https:\/\/www.burgosdeporte.com\/wp-content\/uploads\/2025\/05\/fem-segunda-etapa-2-300x193.jpg 300w, https:\/\/www.burgosdeporte.com\/wp-content\/uploads\/2025\/05\/fem-segunda-etapa-2-768x494.jpg 768w, https:\/\/www.burgosdeporte.com\/wp-content\/uploads\/2025\/05\/fem-segunda-etapa-2-150x96.jpg 150w, https:\/\/www.burgosdeporte.com\/wp-content\/uploads\/2025\/05\/fem-segunda-etapa-2-696x448.jpg 696w\" sizes=\"auto, (max-width: 1000px) 100vw, 1000px\" \/><figcaption class=\"wp-element-caption\">Foto: Ricardo Ord\u00f3\u00f1ez\/Diputaci\u00f3n Burgos<\/figcaption><\/figure>\n\n\n\n<p>Fue entonces cuando Mie Ottestad y Marlen Reusser, en una maniobra magistral, se escaparon a d\u00fao, dejando atr\u00e1s a las favoritas. Juntas atravesaron los \u00faltimos kil\u00f3metros, luchando contra el terreno y el viento, ajenas a la persecuci\u00f3n fren\u00e9tica del pelot\u00f3n liderado por UAE. <\/p>\n\n\n\n<figure class=\"wp-block-image size-full\"><img loading=\"lazy\" decoding=\"async\" width=\"1000\" height=\"602\" src=\"https:\/\/www.burgosdeporte.com\/wp-content\/uploads\/2025\/05\/fem-segunda-etapa-4.jpg\" alt=\"\" class=\"wp-image-140104\" srcset=\"https:\/\/www.burgosdeporte.com\/wp-content\/uploads\/2025\/05\/fem-segunda-etapa-4.jpg 1000w, https:\/\/www.burgosdeporte.com\/wp-content\/uploads\/2025\/05\/fem-segunda-etapa-4-300x181.jpg 300w, https:\/\/www.burgosdeporte.com\/wp-content\/uploads\/2025\/05\/fem-segunda-etapa-4-768x462.jpg 768w, https:\/\/www.burgosdeporte.com\/wp-content\/uploads\/2025\/05\/fem-segunda-etapa-4-150x90.jpg 150w, https:\/\/www.burgosdeporte.com\/wp-content\/uploads\/2025\/05\/fem-segunda-etapa-4-696x419.jpg 696w\" sizes=\"auto, (max-width: 1000px) 100vw, 1000px\" \/><figcaption class=\"wp-element-caption\">Foto: Ricardo Ord\u00f3\u00f1ez\/Diputaci\u00f3n Burgos<\/figcaption><\/figure>\n\n\n\n<p>Roa esperaba y en la \u00faltima recta, dos figuras cruzaron la meta tan igualadas que hubo que recurrir a la fotofinish. El veredicto: victoria para Ottestad. Una fracci\u00f3n de segundo que fue, el ancho de una rueda.<\/p>\n\n\n\n<figure class=\"wp-block-image size-full\"><img loading=\"lazy\" decoding=\"async\" width=\"1000\" height=\"535\" src=\"https:\/\/www.burgosdeporte.com\/wp-content\/uploads\/2025\/05\/fem-segunda-etapa-5.jpg\" alt=\"\" class=\"wp-image-140103\" srcset=\"https:\/\/www.burgosdeporte.com\/wp-content\/uploads\/2025\/05\/fem-segunda-etapa-5.jpg 1000w, https:\/\/www.burgosdeporte.com\/wp-content\/uploads\/2025\/05\/fem-segunda-etapa-5-300x161.jpg 300w, https:\/\/www.burgosdeporte.com\/wp-content\/uploads\/2025\/05\/fem-segunda-etapa-5-768x411.jpg 768w, https:\/\/www.burgosdeporte.com\/wp-content\/uploads\/2025\/05\/fem-segunda-etapa-5-150x80.jpg 150w, https:\/\/www.burgosdeporte.com\/wp-content\/uploads\/2025\/05\/fem-segunda-etapa-5-696x372.jpg 696w\" sizes=\"auto, (max-width: 1000px) 100vw, 1000px\" \/><figcaption class=\"wp-element-caption\">Foto: Ricardo Ord\u00f3\u00f1ez\/Diputaci\u00f3n Burgos<\/figcaption><\/figure>\n\n\n\n<p>Por detr\u00e1s, Lorena Wiebes salv\u00f3 el honor con una tercera posici\u00f3n, pero cedi\u00f3 el liderato. Ottestad, por su parte, se enfund\u00f3 el maillot morado con la sonrisa de quien ha sumado su primera victoria World Tour.<\/p>\n\n\n\n<figure class=\"wp-block-image size-full\"><img loading=\"lazy\" decoding=\"async\" width=\"1000\" height=\"577\" src=\"https:\/\/www.burgosdeporte.com\/wp-content\/uploads\/2025\/05\/LIDERATO-SEGUNDA-ETAPA.jpg\" alt=\"\" class=\"wp-image-140098\" srcset=\"https:\/\/www.burgosdeporte.com\/wp-content\/uploads\/2025\/05\/LIDERATO-SEGUNDA-ETAPA.jpg 1000w, https:\/\/www.burgosdeporte.com\/wp-content\/uploads\/2025\/05\/LIDERATO-SEGUNDA-ETAPA-300x173.jpg 300w, https:\/\/www.burgosdeporte.com\/wp-content\/uploads\/2025\/05\/LIDERATO-SEGUNDA-ETAPA-768x443.jpg 768w, https:\/\/www.burgosdeporte.com\/wp-content\/uploads\/2025\/05\/LIDERATO-SEGUNDA-ETAPA-150x87.jpg 150w, https:\/\/www.burgosdeporte.com\/wp-content\/uploads\/2025\/05\/LIDERATO-SEGUNDA-ETAPA-696x402.jpg 696w\" sizes=\"auto, (max-width: 1000px) 100vw, 1000px\" \/><figcaption class=\"wp-element-caption\">Foto: Ricardo Ord\u00f3\u00f1ez\/Diputaci\u00f3n Burgos<\/figcaption><\/figure>\n\n\n\n<p><strong>CLASIFICACI\u00d3N<\/strong><\/p>\n\n\n\n<p>1\u00ba 114 OTTESTAD, Mie Bj\u00f8rndal UXM 3:02:56<br>2\u00ba 55 REUSSER, Marlen MOV m.t.<br>3\u00ba 16 WIEBES, Lorena SDW a 18<br>4\u00ba 21 BALSAMO, Elisa LTK a 18<br>5\u00ba 36 SKALNIAK-SOJKA, Agnieszka CSZ a 18<br>6\u00ba 105 WILLIAMS, Lily HPH a 18<br>7\u00ba 86 VERHULST WILD, Gladys AGS a 18<br>8\u00ba 72 COUZENS, Millie FDC a 18<br>9\u00ba 4 LABOUS, Juliette TFS a 18<br>10\u00ba 111 AALERUD, Katrine UXM a 18<\/p>\n\n\n\n<p><strong>Clasificaci\u00f3n completa <a href=\"https:\/\/www.vueltaburgos.com\/feminas\/clasificaciones-2a-etapa\/\" target=\"_blank\" rel=\"noopener\">AQUI<\/a><\/strong><\/p>\n\n\n\n<figure class=\"wp-block-image size-full\"><img loading=\"lazy\" decoding=\"async\" width=\"1000\" height=\"417\" src=\"https:\/\/www.burgosdeporte.com\/wp-content\/uploads\/2025\/05\/perfil-tercera-etapa-fem-25.jpg\" alt=\"\" class=\"wp-image-140100\" srcset=\"https:\/\/www.burgosdeporte.com\/wp-content\/uploads\/2025\/05\/perfil-tercera-etapa-fem-25.jpg 1000w, https:\/\/www.burgosdeporte.com\/wp-content\/uploads\/2025\/05\/perfil-tercera-etapa-fem-25-300x125.jpg 300w, https:\/\/www.burgosdeporte.com\/wp-content\/uploads\/2025\/05\/perfil-tercera-etapa-fem-25-768x320.jpg 768w, https:\/\/www.burgosdeporte.com\/wp-content\/uploads\/2025\/05\/perfil-tercera-etapa-fem-25-150x63.jpg 150w, https:\/\/www.burgosdeporte.com\/wp-content\/uploads\/2025\/05\/perfil-tercera-etapa-fem-25-696x290.jpg 696w\" sizes=\"auto, (max-width: 1000px) 100vw, 1000px\" \/><figcaption class=\"wp-element-caption\">Perfil de la tercera etapa. <\/figcaption><\/figure>\n\n\n\n<p><strong>TERCERA ETAPA: SONCILLO- PIC\u00d3N BLANCO <\/strong><\/p>\n\n\n\n<p>Este s\u00e1bado, el pelot\u00f3n partir\u00e1 desde Soncillo en el Valle de Valdebezana rumbo a Pic\u00f3n Blanco en la etapa reina de la Vuelta a Burgos donde previsiblemente quede seleccionado el grupo de corredoras que pelear\u00e1n por el&nbsp;triunfo&nbsp;final.<\/p>\n\n\n\n<p><\/p>\n\n\n\n<p><\/p>\n","protected":false},"excerpt":{"rendered":"<p>La campeona de Noruega se impuso al sprint sobre Marlen Reusser en la meta de Roa, por delante de Lorena Wiebes que fue tercera. La noruega Mie Ottestad firm\u00f3 una gesta que quedar\u00e1 para la historia de la Vuelta a Burgos Femenina. La campeona de Noruega, del Uno-X Mobility, se impuso en un fren\u00e9tico sprint [&hellip;]<\/p>\n","protected":false},"author":10,"featured_media":140156,"comment_status":"closed","ping_status":"closed","sticky":false,"template":"","format":"standard","meta":{"_monsterinsights_skip_tracking":false,"_monsterinsights_sitenote_active":false,"_monsterinsights_sitenote_note":"","_monsterinsights_sitenote_category":0,"footnotes":""},"categories":[63],"tags":[1553,423,266,493],"class_list":{"0":"post-140095","1":"post","2":"type-post","3":"status-publish","4":"format-standard","5":"has-post-thumbnail","7":"category-ciclismo","8":"tag-actualidad-2","9":"tag-diputacionburgos","10":"tag-idjburgos","11":"tag-vueltaburgosfemenina"},"views":135,"_links":{"self":[{"href":"https:\/\/www.burgosdeporte.com\/index.php?rest_route=\/wp\/v2\/posts\/140095","targetHints":{"allow":["GET"]}}],"collection":[{"href":"https:\/\/www.burgosdeporte.com\/index.php?rest_route=\/wp\/v2\/posts"}],"about":[{"href":"https:\/\/www.burgosdeporte.com\/index.php?rest_route=\/wp\/v2\/types\/post"}],"author":[{"embeddable":true,"href":"https:\/\/www.burgosdeporte.com\/index.php?rest_route=\/wp\/v2\/users\/10"}],"replies":[{"embeddable":true,"href":"https:\/\/www.burgosdeporte.com\/index.php?rest_route=%2Fwp%2Fv2%2Fcomments&post=140095"}],"version-history":[{"count":1,"href":"https:\/\/www.burgosdeporte.com\/index.php?rest_route=\/wp\/v2\/posts\/140095\/revisions"}],"predecessor-version":[{"id":140110,"href":"https:\/\/www.burgosdeporte.com\/index.php?rest_route=\/wp\/v2\/posts\/140095\/revisions\/140110"}],"wp:featuredmedia":[{"embeddable":true,"href":"https:\/\/www.burgosdeporte.com\/index.php?rest_route=\/wp\/v2\/media\/140156"}],"wp:attachment":[{"href":"https:\/\/www.burgosdeporte.com\/index.php?rest_route=%2Fwp%2Fv2%2Fmedia&parent=140095"}],"wp:term":[{"taxonomy":"category","embeddable":true,"href":"https:\/\/www.burgosdeporte.com\/index.php?rest_route=%2Fwp%2Fv2%2Fcategories&post=140095"},{"taxonomy":"post_tag","embeddable":true,"href":"https:\/\/www.burgosdeporte.com\/index.php?rest_route=%2Fwp%2Fv2%2Ftags&post=140095"}],"curies":[{"name":"wp","href":"https:\/\/api.w.org\/{rel}","templated":true}]}}